{"id":18103,"date":"2022-05-17T10:41:59","date_gmt":"2022-05-17T13:41:59","guid":{"rendered":"http:\/\/4cantosalagoas.com.br\/portal\/?p=18103"},"modified":"2022-05-17T10:42:03","modified_gmt":"2022-05-17T13:42:03","slug":"convivio-social-abre-cadastro-para-comercializacao-de-fogos-de-artificio-em-maceio","status":"publish","type":"post","link":"https:\/\/4cantosalagoas.com.br\/portal\/convivio-social-abre-cadastro-para-comercializacao-de-fogos-de-artificio-em-maceio\/","title":{"rendered":"Conv\u00edvio Social abre cadastro para comercializa\u00e7\u00e3o de fogos de artif\u00edcio em Macei\u00f3"},"content":{"rendered":"\n<figure class=\"wp-block-image\"><img fetchpriority=\"high\" decoding=\"async\" width=\"850\" height=\"560\" src=\"http:\/\/4cantosalagoas.com.br\/portal\/wp-content\/uploads\/2022\/05\/4.jpg\" alt=\"\" class=\"wp-image-18104\" srcset=\"https:\/\/4cantosalagoas.com.br\/portal\/wp-content\/uploads\/2022\/05\/4.jpg 850w, https:\/\/4cantosalagoas.com.br\/portal\/wp-content\/uploads\/2022\/05\/4-300x198.jpg 300w, https:\/\/4cantosalagoas.com.br\/portal\/wp-content\/uploads\/2022\/05\/4-768x506.jpg 768w\" sizes=\"(max-width: 850px) 100vw, 850px\" \/><figcaption> <br><em>Foto: Arquivo \/ Ascom Semscs<\/em> <\/figcaption><\/figure>\n\n\n\n<p>As festas juninas est\u00e3o se aproximando, e com elas, a tradicional venda de fogos de artif\u00edcio. Buscando garantir a organiza\u00e7\u00e3o e seguran\u00e7a da comercializa\u00e7\u00e3o, a Secretaria Municipal de Seguran\u00e7a Comunit\u00e1ria e Conv\u00edvio Social (Semscs) deu in\u00edcio ao cadastro para a libera\u00e7\u00e3o de barracas de fogos de artif\u00edcios em de Macei\u00f3. As inscri\u00e7\u00f5es come\u00e7aram nessa segunda-feira (16), e seguem at\u00e9 o dia 10 de junho.<\/p>\n\n\n\n<p>Para obter o alvar\u00e1 de autoriza\u00e7\u00e3o para o funcionamento das barracas de fogos de artif\u00edcios, os comerciantes devem se dirigir ao pr\u00e9dio da Semscs, na rua Alexandre Passos, no bairro de Jaragu\u00e1, de 8h \u00e0s 14h, e protocolar um requerimento, disponibilizado no momento da solicita\u00e7\u00e3o na secretaria, anexando os seguintes documentos: RG, CPF, comprovante de resid\u00eancia do representante legal, CNPJ, alvar\u00e1 de funcionamento da empresa, projeto da barraca e contrato de loca\u00e7\u00e3o de im\u00f3vel (para caso de barracas em \u00e1reas privadas).<\/p>\n\n\n\n<p>Renata Amorim, coordenadora de Controle de Atividades no Espa\u00e7o P\u00fablico da Semscs, explicou que ap\u00f3s a an\u00e1lise da documenta\u00e7\u00e3o e o pagamento de taxas, o alvar\u00e1 de autoriza\u00e7\u00e3o para instala\u00e7\u00e3o de barracas de fogos de artif\u00edcios ser\u00e1 emitido.<\/p>\n\n\n\n<p>\u201cDepois que as barracas forem montadas, vistoriadas e aprovadas pelo Corpo de Bombeiros Militar de Alagoas, os respons\u00e1veis pelas estruturas devem retornar at\u00e9 a Semscs com o Laudo de Vistoria do CBMAL para que o alvar\u00e1 de permiss\u00e3o da comercializa\u00e7\u00e3o dos fogos de artif\u00edcios seja devidamente emitido, autorizando o in\u00edcio das atividades\u201d, disse a coordenadora.<\/p>\n\n\n\n<p>As taxas s\u00e3o calculadas conforme o C\u00f3digo Tribut\u00e1rio Municipal e tem como base de c\u00e1lculo a metragem da \u00e1rea utilizada, a regi\u00e3o e o per\u00edodo de funcionamento.<\/p>\n\n\n\n<p>Opera\u00e7\u00f5es de fiscaliza\u00e7\u00e3o, programadas pela Coordena\u00e7\u00e3o Geral de Fiscaliza\u00e7\u00e3o de Posturas, ocorrer\u00e3o durante todo o m\u00eas de junho. As barracas encontradas sem alvar\u00e1 ou em desacordo com as normas municipais, poder\u00e3o ser notificadas e at\u00e9 interditadas.<\/p>\n\n\n\n<p>Assessoria<\/p>\n","protected":false},"excerpt":{"rendered":"<p>As festas juninas est\u00e3o se aproximando, e com elas, a tradicional venda de fogos de artif\u00edcio. Buscando<\/p>\n","protected":false},"author":1,"featured_media":18104,"comment_status":"open","ping_status":"open","sticky":false,"template":"","format":"standard","meta":{"footnotes":""},"categories":[5],"tags":[],"class_list":["post-18103","post","type-post","status-publish","format-standard","has-post-thumbnail","hentry","category-maceio"],"_links":{"self":[{"href":"https:\/\/4cantosalagoas.com.br\/portal\/wp-json\/wp\/v2\/posts\/18103","targetHints":{"allow":["GET"]}}],"collection":[{"href":"https:\/\/4cantosalagoas.com.br\/portal\/wp-json\/wp\/v2\/posts"}],"about":[{"href":"https:\/\/4cantosalagoas.com.br\/portal\/wp-json\/wp\/v2\/types\/post"}],"author":[{"embeddable":true,"href":"https:\/\/4cantosalagoas.com.br\/portal\/wp-json\/wp\/v2\/users\/1"}],"replies":[{"embeddable":true,"href":"https:\/\/4cantosalagoas.com.br\/portal\/wp-json\/wp\/v2\/comments?post=18103"}],"version-history":[{"count":1,"href":"https:\/\/4cantosalagoas.com.br\/portal\/wp-json\/wp\/v2\/posts\/18103\/revisions"}],"predecessor-version":[{"id":18105,"href":"https:\/\/4cantosalagoas.com.br\/portal\/wp-json\/wp\/v2\/posts\/18103\/revisions\/18105"}],"wp:featuredmedia":[{"embeddable":true,"href":"https:\/\/4cantosalagoas.com.br\/portal\/wp-json\/wp\/v2\/media\/18104"}],"wp:attachment":[{"href":"https:\/\/4cantosalagoas.com.br\/portal\/wp-json\/wp\/v2\/media?parent=18103"}],"wp:term":[{"taxonomy":"category","embeddable":true,"href":"https:\/\/4cantosalagoas.com.br\/portal\/wp-json\/wp\/v2\/categories?post=18103"},{"taxonomy":"post_tag","embeddable":true,"href":"https:\/\/4cantosalagoas.com.br\/portal\/wp-json\/wp\/v2\/tags?post=18103"}],"curies":[{"name":"wp","href":"https:\/\/api.w.org\/{rel}","templated":true}]}}