{"id":18097,"date":"2022-05-16T18:44:27","date_gmt":"2022-05-16T21:44:27","guid":{"rendered":"http:\/\/4cantosalagoas.com.br\/portal\/?p=18097"},"modified":"2022-05-16T18:44:30","modified_gmt":"2022-05-16T21:44:30","slug":"assistencia-social-lanca-site-para-agendamento-de-servicos-do-cadunico-maceio","status":"publish","type":"post","link":"https:\/\/4cantosalagoas.com.br\/portal\/assistencia-social-lanca-site-para-agendamento-de-servicos-do-cadunico-maceio\/","title":{"rendered":"Assist\u00eancia Social lan\u00e7a site para agendamento de servi\u00e7os do Cad\u00fanico Macei\u00f3"},"content":{"rendered":"\n<figure class=\"wp-block-image\"><img fetchpriority=\"high\" decoding=\"async\" width=\"850\" height=\"560\" src=\"http:\/\/4cantosalagoas.com.br\/portal\/wp-content\/uploads\/2022\/05\/2.jpg\" alt=\"\" class=\"wp-image-18098\" srcset=\"https:\/\/4cantosalagoas.com.br\/portal\/wp-content\/uploads\/2022\/05\/2.jpg 850w, https:\/\/4cantosalagoas.com.br\/portal\/wp-content\/uploads\/2022\/05\/2-300x198.jpg 300w, https:\/\/4cantosalagoas.com.br\/portal\/wp-content\/uploads\/2022\/05\/2-768x506.jpg 768w\" sizes=\"(max-width: 850px) 100vw, 850px\" \/><figcaption> <br><em>Usu\u00e1rios da Assist\u00eancia Social j\u00e1 podem agendar o atendimento no www.online.maceio.al.gov.br\/semas\/. Foto: C\u00e9lio J\u00fanior\/Secom Macei\u00f3<\/em> <\/figcaption><\/figure>\n\n\n\n<p>Agora, a popula\u00e7\u00e3o poder\u00e1 agendar os servi\u00e7os do Cadastro \u00danico (Cad\u00fanico) sem sair de casa. A Secretaria Municipal de Assist\u00eancia Social (Semas) lan\u00e7ou nesta segunda-feira (16) o Site para Agendamento do Cadastro \u00danico (Cad\u00fanico) Macei\u00f3.<br><br>A partir de hoje, os usu\u00e1rios da Assist\u00eancia Social j\u00e1 podem agendar o atendimento para fazer novos cadastros e atualiza\u00e7\u00e3o do Cad\u00danico, em qualquer um dos 18 equipamentos da Semas no site&nbsp;<a href=\"https:\/\/www.online.maceio.al.gov.br\/semas\/\" target=\"_blank\" rel=\"noreferrer noopener\">https:\/\/www.online.maceio.al.gov.br\/semas\/<\/a><br><br>O lan\u00e7amento do site aconteceu nesta segunda (16), no audit\u00f3rio da Escola Nosso Lar I, na Ponta Grossa, e reuniu servidores do Cadastro \u00danico, dos Centros de Refer\u00eancia de Assist\u00eancia Social (Cras), do Centro de Atendimento Socioassistencial (Casa) e convidados.<\/p>\n\n\n\n<figure class=\"wp-block-image\"><a href=\"https:\/\/maceioalgovbr.dhost.cloud\/uploads\/imagens\/16-05-22-Lancamento-site-CadUnico-Escola-Nosso-lar-Carlos-Jorge-Vergel-SEMAS-Foto-Celio-Junior-24.jpg\"><img decoding=\"async\" src=\"https:\/\/maceioalgovbr.dhost.cloud\/uploads\/imagens\/_845xAUTO_crop_center-center_none\/16-05-22-Lancamento-site-CadUnico-Escola-Nosso-lar-Carlos-Jorge-Vergel-SEMAS-Foto-Celio-Junior-24.jpg\" alt=\"Secret\u00e1rio de Assist\u00eancia Social de Macei\u00f3, Carlos Jorge, falou da import\u00e2ncia dessa nova ferramenta. Foto: C\u00e9lio J\u00fanior\/Secom Macei\u00f3\"\/><\/a><figcaption>Secret\u00e1rio de Assist\u00eancia Social de Macei\u00f3, Carlos Jorge, falou da import\u00e2ncia dessa nova ferramenta. Foto: C\u00e9lio J\u00fanior\/Secom Macei\u00f3<\/figcaption><\/figure>\n\n\n\n<p>O secret\u00e1rio de Assist\u00eancia Social, Carlos Jorge, tamb\u00e9m esteve presente e falou da import\u00e2ncia dessa nova ferramenta de atendimento.<\/p>\n\n\n\n<p>\u201cComo prometemos, estamos entregando hoje para a popula\u00e7\u00e3o, um novo sistema de agendamento on-line para que os usu\u00e1rios da Assist\u00eancia Social sejam atendidos com mais qualidade e sem enfrentar filas. Agradecemos o empenho dos t\u00e9cnicos da Tecnologia da Informa\u00e7\u00e3o da Semas, Semge e Semec pelo desenvolvimento desse site que facilitar\u00e1 a vida dos nossos usu\u00e1rios\u201d, pontuou Carlos Jorge.<\/p>\n\n\n\n<p>Segundo o coordenador do Cad\u00fanico Macei\u00f3, Diogo Santos, esse site de agendamento veio para facilitar a vida tanto dos usu\u00e1rios como dos profissionais que atuam nas unidades da Semas.<\/p>\n\n\n\n<p>\u201cOs primeiros agendamentos j\u00e1 ser\u00e3o marcados para a pr\u00f3xima segunda-feira (23). E para quem n\u00e3o tem acesso \u00e0 internet, tamb\u00e9m estamos disponibilizando o agendamento por telefone. Depois do agendamento, o usu\u00e1rio, precisar\u00e1 ir apenas uma vez na unidade escolhida e mais perto da sua casa para fazer o atendimento&#8221;, explicou Diogo.<\/p>\n\n\n\n<figure class=\"wp-block-image\"><a href=\"https:\/\/maceioalgovbr.dhost.cloud\/uploads\/imagens\/16-05-22-Lancamento-site-CadUnico-Escola-Nosso-lar-Diogo-Santos-Vergel-SEMAS-Foto-Celio-Junior-1.jpg\"><img decoding=\"async\" src=\"https:\/\/maceioalgovbr.dhost.cloud\/uploads\/imagens\/_845xAUTO_crop_center-center_none\/16-05-22-Lancamento-site-CadUnico-Escola-Nosso-lar-Diogo-Santos-Vergel-SEMAS-Foto-Celio-Junior-1.jpg\" alt=\"Coordenador do Cad\u00fanico Macei\u00f3, Diogo Santos, falou do site e telefone para agendamento. Foto:C\u00e9lio J\u00fanior\/Secom Macei\u00f3\"\/><\/a><figcaption>Coordenador do Cad\u00fanico Macei\u00f3, Diogo Santos, falou do site e telefone para agendamento. Foto:C\u00e9lio J\u00fanior\/Secom Macei\u00f3<\/figcaption><\/figure>\n\n\n\n<p>A popula\u00e7\u00e3o tamb\u00e9m poder\u00e1 agendar os servi\u00e7os do Cad\u00fanico pelo telefone (82) 3312-5978. O servi\u00e7o est\u00e1 dispon\u00edvel 24 horas por dia.<\/p>\n\n\n\n<p>A coordenadora estadual do Cad\u00danico\/Aux\u00edlio Brasil, Maria Jos\u00e9, tamb\u00e9m participou do lan\u00e7amento do site.<\/p>\n\n\n\n<p>\u201cFico muito feliz em ver o investimento que tem sido feito pela gest\u00e3o no Cadastro \u00danico que \u00e9 a porta de acesso a servi\u00e7os e programas sociais. Al\u00e9m do site, a op\u00e7\u00e3o pelo agendamento por telefone, tamb\u00e9m \u00e9 muito importante porque nem todo mundo tem acesso \u00e0 Internet. E tamb\u00e9m ir\u00e1 evitar que tenham filas nas portas das unidades. Os usu\u00e1rios ser\u00e3o atendidos no local e hora marcada\u201d, ressaltou Maria Jos\u00e9.<\/p>\n\n\n\n<figure class=\"wp-block-image\"><a href=\"https:\/\/maceioalgovbr.dhost.cloud\/uploads\/imagens\/16-05-22-Lancamento-site-CadUnico-Escola-Nosso-lar-Vergel-SEMAS-Foto-Celio-Junior-21.jpg\"><img decoding=\"async\" src=\"https:\/\/maceioalgovbr.dhost.cloud\/uploads\/imagens\/_845xAUTO_crop_center-center_none\/16-05-22-Lancamento-site-CadUnico-Escola-Nosso-lar-Vergel-SEMAS-Foto-Celio-Junior-21.jpg\" alt=\"Coordenadora estadual do Cad\u00danico\/Aux\u00edlio Brasil, Maria Jos\u00e9. Foto:C\u00e9lio J\u00fanior\/Secom Macei\u00f3\"\/><\/a><figcaption>Coordenadora estadual do Cad\u00danico\/Aux\u00edlio Brasil, Maria Jos\u00e9. Foto:C\u00e9lio J\u00fanior\/Secom Macei\u00f3<\/figcaption><\/figure>\n\n\n\n<p><strong>Sistema<\/strong><\/p>\n\n\n\n<p>O site foi desenvolvido pelos t\u00e9cnicos da Semge\/Semec, Gilberto Meister e Walter J\u00fanior, al\u00e9m de Lu\u00eds Salgueiro e Jo\u00e3o Coutinho, da Semas.<\/p>\n\n\n\n<p>Para Lu\u00eds Salgueiro, a constru\u00e7\u00e3o desse site foi um passo muito importante para a melhoria no atendimento \u00e0 popula\u00e7\u00e3o. \u201cFicamos satisfeitos em usarmos a tecnologia a favor dos usu\u00e1rios da Assist\u00eancia Social de Macei\u00f3\u201d, disse o analista em Tecnologia da Informa\u00e7\u00e3o.<\/p>\n\n\n\n<figure class=\"wp-block-image\"><a href=\"https:\/\/maceioalgovbr.dhost.cloud\/uploads\/imagens\/16-05-22-Lancamento-site-CadUnico-Escola-Nosso-lar-Vergel-SEMAS-Foto-Celio-Junior-26.jpg\"><img decoding=\"async\" src=\"https:\/\/maceioalgovbr.dhost.cloud\/uploads\/imagens\/_845xAUTO_crop_center-center_none\/16-05-22-Lancamento-site-CadUnico-Escola-Nosso-lar-Vergel-SEMAS-Foto-Celio-Junior-26.jpg\" alt=\"Luis e Gilberto mostrando ao secret\u00e1rio como fazer agendamento por telefone Foto: C\u00e9lio J\u00fanior\/Secom Macei\u00f3\"\/><\/a><figcaption>Luis e Gilberto mostrando ao secret\u00e1rio como fazer agendamento por telefone Foto: C\u00e9lio J\u00fanior\/Secom Macei\u00f3<\/figcaption><\/figure>\n\n\n\n<p>Gilberto Meister da Semec explicou as funcionalidades do site para os t\u00e9cnicos do Cad\u00danico e falou da import\u00e2ncia desse trabalho integrado entre as secretarias. \u201cA Assist\u00eancia Social \u00e9 um dos pilares do Munic\u00edpio. Como Prefeitura, queremos acolher os cidad\u00e3os. Constru\u00edmos um site completo e f\u00e1cil para que a popula\u00e7\u00e3o use o sistema sem dificuldades\u201d, destacou.<\/p>\n\n\n\n<p>Assessoria<\/p>\n","protected":false},"excerpt":{"rendered":"<p>Agora, a popula\u00e7\u00e3o poder\u00e1 agendar os servi\u00e7os do Cadastro \u00danico (Cad\u00fanico) sem sair de casa. A Secretaria<\/p>\n","protected":false},"author":1,"featured_media":18098,"comment_status":"open","ping_status":"open","sticky":false,"template":"","format":"standard","meta":{"footnotes":""},"categories":[5],"tags":[],"class_list":["post-18097","post","type-post","status-publish","format-standard","has-post-thumbnail","hentry","category-maceio"],"_links":{"self":[{"href":"https:\/\/4cantosalagoas.com.br\/portal\/wp-json\/wp\/v2\/posts\/18097","targetHints":{"allow":["GET"]}}],"collection":[{"href":"https:\/\/4cantosalagoas.com.br\/portal\/wp-json\/wp\/v2\/posts"}],"about":[{"href":"https:\/\/4cantosalagoas.com.br\/portal\/wp-json\/wp\/v2\/types\/post"}],"author":[{"embeddable":true,"href":"https:\/\/4cantosalagoas.com.br\/portal\/wp-json\/wp\/v2\/users\/1"}],"replies":[{"embeddable":true,"href":"https:\/\/4cantosalagoas.com.br\/portal\/wp-json\/wp\/v2\/comments?post=18097"}],"version-history":[{"count":1,"href":"https:\/\/4cantosalagoas.com.br\/portal\/wp-json\/wp\/v2\/posts\/18097\/revisions"}],"predecessor-version":[{"id":18099,"href":"https:\/\/4cantosalagoas.com.br\/portal\/wp-json\/wp\/v2\/posts\/18097\/revisions\/18099"}],"wp:featuredmedia":[{"embeddable":true,"href":"https:\/\/4cantosalagoas.com.br\/portal\/wp-json\/wp\/v2\/media\/18098"}],"wp:attachment":[{"href":"https:\/\/4cantosalagoas.com.br\/portal\/wp-json\/wp\/v2\/media?parent=18097"}],"wp:term":[{"taxonomy":"category","embeddable":true,"href":"https:\/\/4cantosalagoas.com.br\/portal\/wp-json\/wp\/v2\/categories?post=18097"},{"taxonomy":"post_tag","embeddable":true,"href":"https:\/\/4cantosalagoas.com.br\/portal\/wp-json\/wp\/v2\/tags?post=18097"}],"curies":[{"name":"wp","href":"https:\/\/api.w.org\/{rel}","templated":true}]}}