{"id":18094,"date":"2022-05-16T18:39:32","date_gmt":"2022-05-16T21:39:32","guid":{"rendered":"http:\/\/4cantosalagoas.com.br\/portal\/?p=18094"},"modified":"2022-05-16T18:39:35","modified_gmt":"2022-05-16T21:39:35","slug":"acusado-de-homicidio-no-cha-da-jaqueira-e-condenado-a-12-anos-de-reclusao","status":"publish","type":"post","link":"https:\/\/4cantosalagoas.com.br\/portal\/acusado-de-homicidio-no-cha-da-jaqueira-e-condenado-a-12-anos-de-reclusao\/","title":{"rendered":"Acusado de homic\u00eddio no Ch\u00e3 da Jaqueira \u00e9 condenado a 12 anos de reclus\u00e3o"},"content":{"rendered":"\n<figure class=\"wp-block-image\"><img fetchpriority=\"high\" decoding=\"async\" width=\"900\" height=\"600\" src=\"http:\/\/4cantosalagoas.com.br\/portal\/wp-content\/uploads\/2022\/05\/fdcd4ef424ffdd3071c858694c841567.jpg\" alt=\"\" class=\"wp-image-18095\" srcset=\"https:\/\/4cantosalagoas.com.br\/portal\/wp-content\/uploads\/2022\/05\/fdcd4ef424ffdd3071c858694c841567.jpg 900w, https:\/\/4cantosalagoas.com.br\/portal\/wp-content\/uploads\/2022\/05\/fdcd4ef424ffdd3071c858694c841567-300x200.jpg 300w, https:\/\/4cantosalagoas.com.br\/portal\/wp-content\/uploads\/2022\/05\/fdcd4ef424ffdd3071c858694c841567-768x512.jpg 768w\" sizes=\"(max-width: 900px) 100vw, 900px\" \/><figcaption>Assesssoria<\/figcaption><\/figure>\n\n\n\n<p> O Conselho de Senten\u00e7a do 1\u00ba Tribunal do J\u00fari de Macei\u00f3 condenou Pablo Rafael da Silva a 12 anos de reclus\u00e3o pela morte de Leydson Darlisson dos Santos Marinho, ocorrida em 2018. O r\u00e9u n\u00e3o poder\u00e1 apelar em liberdade.<br>O julgamento, realizado nesta segunda-feira (16), no F\u00f3rum do Barro Duro, foi conduzido pelo juiz Ewerton Carminati. Os jurados reconheceram a materialidade e a autoria do crime e decidiram pela n\u00e3o absolvi\u00e7\u00e3o do r\u00e9u. O Conselho de Senten\u00e7a reconheceu ainda a presen\u00e7a das qualificadoras apontadas na den\u00fancia (motivo torpe e recurso que dificultou a defesa da v\u00edtima).<br><\/p>\n\n\n\n<p>O crime ocorreu no bairro Ch\u00e3 da Jaqueira, na Capital. De acordo com a den\u00fancia, a v\u00edtima foi morta a tiros, ap\u00f3s discuss\u00e3o com o r\u00e9u. A briga teria rela\u00e7\u00e3o com o tr\u00e1fico de drogas. Pablo da Silva confessou o crime.<br><em>Mat\u00e9ria referente ao processo n\u00ba 0702433-38.2019.8.02.0001<\/em><br><\/p>\n\n\n\n<p><strong>Diretoria de Comunica\u00e7\u00e3o &#8211; Dicom TJAL\u00a0DS<\/strong><\/p>\n","protected":false},"excerpt":{"rendered":"<p>O Conselho de Senten\u00e7a do 1\u00ba Tribunal do J\u00fari de Macei\u00f3 condenou Pablo Rafael da Silva a<\/p>\n","protected":false},"author":1,"featured_media":18095,"comment_status":"open","ping_status":"open","sticky":false,"template":"","format":"standard","meta":{"footnotes":""},"categories":[60],"tags":[],"class_list":["post-18094","post","type-post","status-publish","format-standard","has-post-thumbnail","hentry","category-capa"],"_links":{"self":[{"href":"https:\/\/4cantosalagoas.com.br\/portal\/wp-json\/wp\/v2\/posts\/18094","targetHints":{"allow":["GET"]}}],"collection":[{"href":"https:\/\/4cantosalagoas.com.br\/portal\/wp-json\/wp\/v2\/posts"}],"about":[{"href":"https:\/\/4cantosalagoas.com.br\/portal\/wp-json\/wp\/v2\/types\/post"}],"author":[{"embeddable":true,"href":"https:\/\/4cantosalagoas.com.br\/portal\/wp-json\/wp\/v2\/users\/1"}],"replies":[{"embeddable":true,"href":"https:\/\/4cantosalagoas.com.br\/portal\/wp-json\/wp\/v2\/comments?post=18094"}],"version-history":[{"count":1,"href":"https:\/\/4cantosalagoas.com.br\/portal\/wp-json\/wp\/v2\/posts\/18094\/revisions"}],"predecessor-version":[{"id":18096,"href":"https:\/\/4cantosalagoas.com.br\/portal\/wp-json\/wp\/v2\/posts\/18094\/revisions\/18096"}],"wp:featuredmedia":[{"embeddable":true,"href":"https:\/\/4cantosalagoas.com.br\/portal\/wp-json\/wp\/v2\/media\/18095"}],"wp:attachment":[{"href":"https:\/\/4cantosalagoas.com.br\/portal\/wp-json\/wp\/v2\/media?parent=18094"}],"wp:term":[{"taxonomy":"category","embeddable":true,"href":"https:\/\/4cantosalagoas.com.br\/portal\/wp-json\/wp\/v2\/categories?post=18094"},{"taxonomy":"post_tag","embeddable":true,"href":"https:\/\/4cantosalagoas.com.br\/portal\/wp-json\/wp\/v2\/tags?post=18094"}],"curies":[{"name":"wp","href":"https:\/\/api.w.org\/{rel}","templated":true}]}}