{"id":18091,"date":"2022-05-16T08:16:10","date_gmt":"2022-05-16T11:16:10","guid":{"rendered":"http:\/\/4cantosalagoas.com.br\/portal\/?p=18091"},"modified":"2022-05-16T08:16:13","modified_gmt":"2022-05-16T11:16:13","slug":"mulheres-sao-maioria-no-primeiro-escalao-do-governo-paulo-dantas","status":"publish","type":"post","link":"https:\/\/4cantosalagoas.com.br\/portal\/mulheres-sao-maioria-no-primeiro-escalao-do-governo-paulo-dantas\/","title":{"rendered":"Mulheres s\u00e3o maioria no primeiro escal\u00e3o do Governo Paulo Dantas"},"content":{"rendered":"\n<figure class=\"wp-block-image\"><img fetchpriority=\"high\" decoding=\"async\" width=\"1800\" height=\"1200\" src=\"https:\/\/i1.wp.com\/4cantosalagoas.com.br\/portal\/wp-content\/uploads\/2022\/05\/mulheres-sao-maioria-no-primeiro-escalao-do-governo-paulo-dantas.jpg?fit=1024%2C683\" alt=\"\" class=\"wp-image-18092\" srcset=\"https:\/\/4cantosalagoas.com.br\/portal\/wp-content\/uploads\/2022\/05\/mulheres-sao-maioria-no-primeiro-escalao-do-governo-paulo-dantas.jpg 1800w, https:\/\/4cantosalagoas.com.br\/portal\/wp-content\/uploads\/2022\/05\/mulheres-sao-maioria-no-primeiro-escalao-do-governo-paulo-dantas-300x200.jpg 300w, https:\/\/4cantosalagoas.com.br\/portal\/wp-content\/uploads\/2022\/05\/mulheres-sao-maioria-no-primeiro-escalao-do-governo-paulo-dantas-768x512.jpg 768w, https:\/\/4cantosalagoas.com.br\/portal\/wp-content\/uploads\/2022\/05\/mulheres-sao-maioria-no-primeiro-escalao-do-governo-paulo-dantas-1024x683.jpg 1024w\" sizes=\"(max-width: 1800px) 100vw, 1800px\" \/><figcaption> <br>Paulo Dantas em discurso no Pal\u00e1cio Museu Floriano Peixoto<br>\u00a0Pei Fon \/ Ag\u00eancia Alagoas<br><br> <\/figcaption><\/figure>\n\n\n\n<p>O Di\u00e1rio Oficial do Estado deste domingo (15) entra para a hist\u00f3ria, por trazer nomea\u00e7\u00f5es que fazem com que o Governo de Alagoas tenha o primeiro escal\u00e3o com o maior n\u00famero de mulheres j\u00e1 registrado at\u00e9 hoje. Ser\u00e3o 12 mulheres no comando das principais pastas do Executivo estadual. O n\u00famero tamb\u00e9m \u00e9 o maior entre todos os governos estaduais do Brasil. O fortalecimento das pol\u00edticas de g\u00eanero ser\u00e1 uma das caracter\u00edsticas da gest\u00e3o do governador Paulo Dantas.<br><\/p>\n\n\n\n<p>\u201cA melhor forma de reconhecer de verdade o valor das mulheres alagoanas \u00e9 trabalhar para mudar essa estrutura machista secular que existe em nosso Estado. Acredito que colocando mulheres nos cargos de alto escal\u00e3o, em postos que podem definir o desenho de pol\u00edticas p\u00fablicas, estaremos dando um passo decisivo para avan\u00e7armos na efetiva\u00e7\u00e3o da equidade de g\u00eanero. Porque pra mim, lugar de mulher \u00e9 na lideran\u00e7a, lugar de mulher \u00e9 na pol\u00edtica. Pra mim, lugar de mulher \u00e9 onde ela quiser\u201d, declarou o governador Paulo Dantas, em seu discurso de posse.<\/p>\n\n\n\n<p>A posse dos novos secret\u00e1rios ser\u00e1 nesta segunda-feira (16), \u00e0s 8h30, no Sal\u00e3o Aqualtune, no Pal\u00e1cio Rep\u00fablica dos Palmares. Confira a edi\u00e7\u00e3o suplementar do DOE publicado neste domingo:&nbsp;<a href=\"https:\/\/bityli.com\/gEgFtu.\" target=\"_blank\" rel=\"noreferrer noopener\">https:\/\/bityli.com\/gEgFtu.<\/a><\/p>\n\n\n\n<p>A presen\u00e7a de mulheres no governo come\u00e7a com a jornalista Luiza Barreiros, que comandar\u00e1 a Secretaria do Gabinete Civil. Com experi\u00eancias no Tribunal Regional do Trabalho, na Ordem dos Advogados do Brasil e na C\u00e2mara dos Vereadores de Macei\u00f3, ela assume com a miss\u00e3o de ajudar o governo a gerenciar e integrar todas as suas fun\u00e7\u00f5es administrativas, assessorando o chefe do Executivo nas rela\u00e7\u00f5es institucionais e assistindo-o no desempenho de suas atribui\u00e7\u00f5es constitucionais e legais.<\/p>\n\n\n\n<p>A nova titular da Educa\u00e7\u00e3o ser\u00e1 a professora Roseane Ferreira de Vasconcellos. Ela j\u00e1 atuava na pasta, como superintendente da Rede Estadual de Ensino. No comando da secretaria, a gestora ter\u00e1 como finalidade assegurar o cumprimento constitucional da pol\u00edtica educacional e a execu\u00e7\u00e3o das pol\u00edticas p\u00fablicas relativas ao desenvolvimento integrado, fortalecendo o sistema estadual de ensino e garantindo o funcionamento de suas unidades estaduais.<\/p>\n\n\n\n<p>Renata dos Santos ser\u00e1 a nova secret\u00e1ria de Planejamento e Gest\u00e3o. Com experi\u00eancia no Tesouro Estadual desde 2016, caber\u00e1 a ela a promo\u00e7\u00e3o de a\u00e7\u00f5es de fomento \u00e0 pol\u00edtica de gest\u00e3o de pessoas, ao patrim\u00f4nio p\u00fablico e \u00e0 presta\u00e7\u00e3o de servi\u00e7os \u00e0 sociedade. A Seplag acompanha, ainda, os planos or\u00e7ament\u00e1rios, auxiliando o governador no monitoramento, controle e avalia\u00e7\u00e3o do desempenho da m\u00e1quina p\u00fablica.<\/p>\n\n\n\n<p>A Secretaria do Turismo e Desenvolvimento Econ\u00f4mico ficar\u00e1 sob o comando de Caroline Balbino. Advogada com 18 anos de experi\u00eancia na \u00e1rea empresarial, ela tamb\u00e9m foi conselheira estadual da OAB. Na pasta, Caroline ter\u00e1 como objetivo, promover o desenvolvimento econ\u00f4mico do Estado de Alagoas, por meio do fomento ao desenvolvimento local, da integra\u00e7\u00e3o ao desenvolvimento regional, nacional e internacional e de pol\u00edticas p\u00fablicas sustent\u00e1veis, voltadas para os setores de energia, minera\u00e7\u00e3o, ind\u00fastria, com\u00e9rcio, servi\u00e7os e turismo.<\/p>\n\n\n\n<p>A pasta de Assist\u00eancia e Desenvolvimento Social ter\u00e1 como titular a psic\u00f3loga Manuelle Farias, que atuou como superintendente de Pol\u00edticas P\u00fablicas para Mulheres da Prefeitura de Arapiraca. Ela ter\u00e1 como miss\u00e3o a promo\u00e7\u00e3o do desenvolvimento social por meio da inclus\u00e3o, capacitando e conscientizando os munic\u00edpios sobre o seu papel fundamental para que se atinja esse objetivo.<\/p>\n\n\n\n<p>A secretaria de Infraestrutura ser\u00e1 comandada pela engenheira civil Maria Gevan Gomes Ten\u00f3rio Amorim. P\u00f3s-graduada em Engenharia de Petr\u00f3leo e G\u00e1s, ela ter\u00e1 pela frente a responsabilidade pela elabora\u00e7\u00e3o e execu\u00e7\u00e3o de pol\u00edticas em habita\u00e7\u00e3o, saneamento e obras p\u00fablicas, tendo como finalidade o desenvolvimento sustent\u00e1vel do Estado.<\/p>\n\n\n\n<p>Na Secretaria do Trabalho e Emprego a gest\u00e3o ser\u00e1 da advogada, especialista em Direito do Trabalho e Processo do Trabalho pela Universidade Anhanguera, Maria Cl\u00e1udia Gomes Chaves. Ela ter\u00e1 a responsabilidade pelo desenvolvimento das pol\u00edticas p\u00fablicas de trabalho, emprego e qualifica\u00e7\u00e3o profissional de Alagoas.<\/p>\n\n\n\n<p>Mantidas<\/p>\n\n\n\n<p>As secret\u00e1rias Melina Freitas e Maria Silva, das secretarias da Cultura e da Mulher, respectivamente, permanecem nos cargos. Elas est\u00e3o no governo, desde a gest\u00e3o de Renan Filho.<\/p>\n\n\n\n<p>Empossada em abril, Samya Suruagy do Amaral permanece na Procuradoria-Geral do Estado (PGE). J\u00e1 Adriana Andrade Ara\u00fajo ser\u00e1 efetivada no cargo de controladora-geral do Estado (CGE). Segue \u00e0 frente da Governan\u00e7a do Estado, Poliana Santana.<\/p>\n\n\n\n<p>Confira o primeiro escal\u00e3o do governo Paulo Dantas:<\/p>\n\n\n\n<p>1.&nbsp;&nbsp;&nbsp;&nbsp;&nbsp;&nbsp;&nbsp;&nbsp; Procuradoria-geral de Estado (PGE)<\/p>\n\n\n\n<p>Samya Suruagy do Amaral &#8211; Graduada em Direito pelo Cesmac, \u00e9 integrante da carreira de procurador do Estado de Alagoas desde 2003. Nos \u00faltimos sete anos atuou como coordenadora da Procuradoria de Licita\u00e7\u00f5es e Contratos da PGE. Esteve \u00e0 frente da Coordenadoria Geral do Interior (Arapiraca). Foi professora Universit\u00e1ria e de cursos preparat\u00f3rios para concurso p\u00fablico. Foi nomeada pelo governador Renan Filho, com posse efetuada na interinidade do governador Klever Loureiro.<\/p>\n\n\n\n<p>2.&nbsp;&nbsp;&nbsp;&nbsp;&nbsp;&nbsp;&nbsp;&nbsp; Controladoria-geral do Estado (CGE)<\/p>\n\n\n\n<p>Adriana Ara\u00fajo \u2013 Formada em Ci\u00eancias Cont\u00e1beis e com MBA em Controladoria, ambos pela Ufal, \u00e9 mestranda pela Fucape. Professora universit\u00e1ria, vice-presidente de Administra\u00e7\u00e3o e Planejamento do Conselho Regional de Contabilidade em Alagoas. Est\u00e1 \u00e0 frente da Controladoria Geral do Estado desde julho de 2021.<\/p>\n\n\n\n<p>3.&nbsp;&nbsp;&nbsp;&nbsp;&nbsp;&nbsp;&nbsp;&nbsp; Secretaria de Estado do Trabalho e Emprego (Sete)<\/p>\n\n\n\n<p>Maria Cl\u00e1udia Gomes Chaves &#8211; advogada, especialista em Direito do Trabalho e Processo do Trabalho pela Universidade Anhanguera. Ela foi assessora de Controle Interno da Controladoria Geral do Estado de Alagoas.<\/p>\n\n\n\n<p>4.&nbsp;&nbsp;&nbsp;&nbsp;&nbsp;&nbsp;&nbsp;&nbsp; Secretaria de Estado da Mulher e dos Direitos Humanos (Semudh)<\/p>\n\n\n\n<p>Maria Jos\u00e9 da Silva &#8211; Mulher negra e de descend\u00eancia ind\u00edgena, formada em Administra\u00e7\u00e3o pela Est\u00e1cio de S\u00e1 Alagoas e ocupa o cargo de secret\u00e1ria de Estado da Mulher e dos Direitos Humanos de Alagoas desde junho de 2018. H\u00e1 mais de 16 anos \u00e9 ativista e militante, e levanta as bandeiras dos direitos humanos e da defesa de todos os cidad\u00e3os e cidad\u00e3s, sem distin\u00e7\u00e3o de ra\u00e7a, g\u00eanero ou posi\u00e7\u00e3o social.<\/p>\n\n\n\n<p>5.&nbsp;&nbsp;&nbsp;&nbsp;&nbsp;&nbsp;&nbsp;&nbsp; Secretaria de Estado da Ci\u00eancia, Tecnologia e Inova\u00e7\u00e3o (Secti)<\/p>\n\n\n\n<p>Silvio Bulh\u00f5es &#8211; Possui gradua\u00e7\u00e3o em Zootecnia e especializa\u00e7\u00e3o em Produ\u00e7\u00e3o em Bovino de Leite pela Uneal. Est\u00e1 no cargo de Secret\u00e1rio de Ci\u00eancia, Tecnologia e Inova\u00e7\u00e3o desde maio de 2021. Antes, entre janeiro de 2020 a abril de 2021, foi secret\u00e1rio de Assist\u00eancia e Desenvolvimento Social e, entre julho de 2019 e janeiro de 2020, de Agricultura, Pecu\u00e1ria, Pesca e Aq\u00fcicultura, onde antes ocupou cargos de assessoria e ger\u00eancia.<\/p>\n\n\n\n<p>6.&nbsp;&nbsp;&nbsp;&nbsp;&nbsp;&nbsp;&nbsp;&nbsp; Secretaria de Estado do Meio Ambiente e dos Recursos H\u00eddricos (Semarh)<\/p>\n\n\n\n<p>Gino C\u00e9sar Meneses Paiva \u2013 Arquiteto e Urbanista formado pela Ufal, com p\u00f3s-gradua\u00e7\u00e3o em pol\u00edticas p\u00fablicas. Nos anos 80 foi l\u00edder estudantil, quando ocupou a vice-presid\u00eancia da UNE. Foi superintendente do Incra em Alagoas durante o governo Lula. Tamb\u00e9m foi secret\u00e1rio de Educa\u00e7\u00e3o em Maragogi. Estava ocupando o cargo de superintendente de Pol\u00edticas para Pessoas com Defici\u00eancia da SEMUDH. Foi presidente do CSA.<\/p>\n\n\n\n<p>7.&nbsp;&nbsp;&nbsp;&nbsp;&nbsp;&nbsp;&nbsp;&nbsp; Secretaria do Gabinete Civil<\/p>\n\n\n\n<p>Luiza Barreiros \u2013 Possui gradua\u00e7\u00e3o em Comunica\u00e7\u00e3o Social pela Ufal. Atuou como gestora de comunica\u00e7\u00e3o no Tribunal Regional do Trabalho da 19\u00aa Regi\u00e3o, Minist\u00e9rio P\u00fablico Federal, Ordem dos Advogados do Brasil, C\u00e2mara Municipal de Macei\u00f3 e Secretaria Estadual da Fazenda. Foi consultora estrat\u00e9gica em projetos institucionais. Atuou como rep\u00f3rter e editora em jornais impressos e tamb\u00e9m na TV nas \u00e1reas de pol\u00edtica, economia e Justi\u00e7a.<\/p>\n\n\n\n<p>8.&nbsp;&nbsp;&nbsp;&nbsp;&nbsp;&nbsp;&nbsp;&nbsp; Secretaria de Estado de Preven\u00e7\u00e3o \u00e0 Viol\u00eancia<\/p>\n\n\n\n<p>Kelman Vieira \u2013 Formado em Direito \u00e9 delegado da Pol\u00edcia Civil desde 2003, tendo ocupado as diretorias de Pol\u00edcia Judici\u00e1ria e do Instituto de Identifica\u00e7\u00e3o de Alagoas. Est\u00e1 no terceiro mandato como vereador de Macei\u00f3, tendo sido presidente da C\u00e2mara Municipal. Est\u00e1 secret\u00e1rio de Preven\u00e7\u00e3o \u00e0 Viol\u00eancia desde maio de 2021.<\/p>\n\n\n\n<p>9.&nbsp;&nbsp;&nbsp;&nbsp;&nbsp;&nbsp;&nbsp;&nbsp; Secretaria de Estado da Infraestrutura<\/p>\n\n\n\n<p>Maria Gevan Gomes Ten\u00f3rio Amorim \u2013 Engenheira civil e p\u00f3s-graduada em Engenharia de Petr\u00f3leo e G\u00e1s. Ela j\u00e1 foi assessora t\u00e9cnica Especial de Projetos, Gerente de Edital e Contratos e Gerente de Or\u00e7amento de Abastecimento de \u00c1gua da Seinfra.<\/p>\n\n\n\n<p>10.&nbsp;&nbsp;&nbsp;&nbsp;&nbsp; Secretaria de Estado da Comunica\u00e7\u00e3o<\/p>\n\n\n\n<p>Joaldo Cavalcante &#8211; Jornalista formado pela Ufal, com p\u00f3s-gradua\u00e7\u00e3o pelo Cesmac. Ex-presidente do Sindicato dos Jornalistas de Alagoas, possui experi\u00eancia acumulada em comunica\u00e7\u00e3o p\u00fablica, tendo sido secret\u00e1rio de Comunica\u00e7\u00e3o da Prefeitura de Macei\u00f3 e do Governo de Alagoas, al\u00e9m de diretor de Comunica\u00e7\u00e3o do Poder Legislativo Estadual. Retorna \u00e0 Secom, ap\u00f3s ser nomeado pelo governador Renan Filho, com posse efetuada na interinidade do governador Klever Loureiro. \u00c9 autor de diversos livros.<\/p>\n\n\n\n<p>11.&nbsp;&nbsp;&nbsp;&nbsp;&nbsp; Secretaria de Estado do Esporte Lazer e Juventude<\/p>\n\n\n\n<p>Charles Herbert &#8211; Formado em educa\u00e7\u00e3o f\u00edsica, ele foi \u00e1rbitro profissional durante 17 anos, chegando a integrar o quadro da Confedera\u00e7\u00e3o Brasileira de Futebol.&nbsp; Antes se tornar secret\u00e1rio, Charles exerceu a fun\u00e7\u00e3o de Secret\u00e1rio Executivo da pasta.<\/p>\n\n\n\n<p>12.&nbsp;&nbsp;&nbsp;&nbsp;&nbsp; Secretaria de Estado do Planejamento, Gest\u00e3o e Patrim\u00f4nio<\/p>\n\n\n\n<p>Renata dos Santos \u2013 Formada em Economia pela UFRJ, tem MBA\u2019s em Gest\u00e3o Financeira pela FGV e pela Universidade de Chicago e \u00e9 mestranda em Administra\u00e7\u00e3o P\u00fablica pela Fucape. Ocupou o cargo de secret\u00e1ria Estadual do Tesouro alagoano entre abril de 2016 e abril de 2022. Funcion\u00e1ria de carreira da Eletrobras, com passagens pela Secretaria de Estado da Fazenda do Rio de Janeiro e C\u00e2mara Municipal do Rio de Janeiro.<\/p>\n\n\n\n<p>13.&nbsp;&nbsp;&nbsp;&nbsp;&nbsp; Secretaria de Estado da Agricultura, Pecu\u00e1ria, Pesca e Aquicultura<\/p>\n\n\n\n<p>Maykon Beltr\u00e3o \u2013 Formado em Administra\u00e7\u00e3o. Foi secret\u00e1rio municipal de Esporte de Coruripe. Assumiu, em seguida, outra miss\u00e3o: a pasta da Sa\u00fade no munic\u00edpio. Esteve por seis anos na presid\u00eancia da Associa\u00e7\u00e3o Atl\u00e9tica de Coruripe (AAC). Ainda na \u00e1rea do futebol tamb\u00e9m esteve na diretoria da Federa\u00e7\u00e3o Alagoana de Futebol (FAF). Foi prefeito da cidade de Feliz Deserto, entre 2009-2016. H\u00e1 um ano est\u00e1 \u00e0 frente da Secretaria de Estado da Agricultura, Pecu\u00e1ria, Pesca e Aquicultura (Seagri-AL) Alagoas.<\/p>\n\n\n\n<p>14.&nbsp;&nbsp;&nbsp;&nbsp;&nbsp; Secretaria de Estado da Fazenda<\/p>\n\n\n\n<p>George Santoro &#8211; Formado em Direito pela UFRJ, professor, mestre em Contabilidade e Administra\u00e7\u00e3o pela Fucape, com especializa\u00e7\u00e3o em economia empresarial e em Direito do Trabalho e Previd\u00eancia pela C\u00e2ndido Mendes, al\u00e9m de especialista em administra\u00e7\u00e3o p\u00fablica pela FGV. \u00c9 secret\u00e1rio de Estado da Fazenda de Alagoas desde 2015, tendo passagens pela Secretaria da Fazenda do Rio de Janeiro.<\/p>\n\n\n\n<p>15.&nbsp;&nbsp;&nbsp;&nbsp;&nbsp; Secretaria de Estado da Cultura<\/p>\n\n\n\n<p>Mellina Freitas \u2013 Formada em Direito pela Fadima, com MBA em Gest\u00e3o P\u00fablica pela Unyleya, \u00e9 secret\u00e1ria de Estado da Cultura desde 2015. Foi prefeita de Piranhas entre 2008 e 2012. Escritora e poetisa com v\u00e1rios trabalhos publicados. \u00c9 membro efetivo da Academia Maceioense e da Piranhense de Letras e Artes.<\/p>\n\n\n\n<p>16.&nbsp;&nbsp;&nbsp;&nbsp;&nbsp; Secretaria de Estado da Assist\u00eancia e Desenvolvimento Social<\/p>\n\n\n\n<p>Manuelle Santos de Farias \u2013 Psic\u00f3loga formada pela Universidade Federal de Alagoas. Foi diretora da Superintend\u00eancia de Pol\u00edticas para Mulheres de Arapiraca e tamb\u00e9m trabalhou no Centro de Refer\u00eancia e Atendimento \u00e0 Mulheres em Situa\u00e7\u00e3o de Viol\u00eancia. Tem destaque no trabalho com Desenvolvimento em Psicologia Organizacional e Psicologia Cl\u00ednica.<\/p>\n\n\n\n<p>17.&nbsp;&nbsp;&nbsp;&nbsp;&nbsp; Secretaria de Estado da Ressocializa\u00e7\u00e3o e Inclus\u00e3o Social<\/p>\n\n\n\n<p>Coronel Marcos Sergio &#8211; Coronel da Reserva da Pol\u00edcia Militar. Formado em Direito pela Ufal, especializado em Gerenciamento de Crises e Planejamento em Eventos, esta atualmente como Secret\u00e1rio Geral do Consej , Conselho Nacional de Administradores do Sistema Nacional Brasileiro .<\/p>\n\n\n\n<p>18.&nbsp;&nbsp;&nbsp;&nbsp;&nbsp; Secretaria de Estado do Desenvolvimento Econ\u00f4mico e Turismo<\/p>\n\n\n\n<p>Caroline Laurentino Balbino &#8211; Advogada com 18 anos de experi\u00eancia na \u00e1rea empresarial. Foi conselheira estadual da OAB. Integrou o conselho de contribuintes da Secretaria da Fazenda do Estado de Alagoas.<\/p>\n\n\n\n<p>19.&nbsp;&nbsp;&nbsp;&nbsp;&nbsp; Secretaria de Estado da Sa\u00fade<\/p>\n\n\n\n<p>Gustavo Pontes de Miranda \u2013 Funcion\u00e1rio p\u00fablico, m\u00e9dico, empres\u00e1rio e produtor rural. Formado em medicina pela Escola de Ci\u00eancias M\u00e9dicas de Alagoas em 1996, fez resid\u00eancia m\u00e9dica em ortopedia e traumatologia, em Bras\u00edlia, na Funda\u00e7\u00e3o Hospitalar do Distrito Federal de 1997 a 2000. M\u00e9dico ortopedista e traumatologista da Unidade de Emerg\u00eancia (Sesau) onde ingressou por concurso p\u00fablico desde 2002. M\u00e9dico ortopedista e traumatologista da Uncisal onde ingressou por concurso p\u00fablico em 2004.<\/p>\n\n\n\n<p>20.&nbsp;&nbsp;&nbsp;&nbsp;&nbsp; Secretaria de Estado da Educa\u00e7\u00e3o (Seduc)<\/p>\n\n\n\n<p>Professora Roseane Ferreira Vasconcelos &#8211; Graduada em Hist\u00f3ria pelo Centro Universit\u00e1rio CESMAC (1993) e em Pedagogia pela Universidade Paulista (2010). Especialista em Gest\u00e3o Escolar, Educa\u00e7\u00e3o Especial, Forma\u00e7\u00e3o para a doc\u00eancia, Estat\u00edstica e Avalia\u00e7\u00e3o Educacional. Concursada das redes estadual e municipal de Macei\u00f3. Atuou como gestora escolar, sendo vencedora do Pr\u00eamio Gest\u00e3o Escolar (2011). Era superintendente da Rede Estadual de Ensino de Alagoas.<\/p>\n\n\n\n<p>21.&nbsp;&nbsp;&nbsp;&nbsp;&nbsp; Secretaria de Estado da Seguran\u00e7a P\u00fablica<\/p>\n\n\n\n<p>Fl\u00e1vio Saraiva &#8211; Formado em Direito e em Engenharia Agron\u00f4mica pela Ufal. \u00c9 delegado aposentado da Pol\u00edcia Civil, com p\u00f3s-gradua\u00e7\u00e3o em Administra\u00e7\u00e3o Policial pela Academia de Pol\u00edcia Civil do Distrito Federal e Direito P\u00fablico pelo Cesmac. \u00c9 analista de Intelig\u00eancia, especializado em opera\u00e7\u00f5es especiais e prote\u00e7\u00e3o de dignit\u00e1rios com cursos realizados nos EUA, Espanha e Israel. Foi gestor de diversas unidades operacionais da Pol\u00edcia Civil entre elas o Tigre e o Departamento de Pol\u00edcia da Capital.<\/p>\n\n\n\n<p>22.&nbsp;&nbsp;&nbsp;&nbsp;&nbsp; Secretaria de Estado de Transporte e Desenvolvimento Urbano<\/p>\n\n\n\n<p>Mosart Amaral &#8211; Engenheiro civil formado pela UFAL, Mosart Amaral fez carreira trabalhando na Casal, desde 1985. Foi Superintendente Municipal de Obras e Via\u00e7\u00e3o, assumiu a Superintend\u00eancia Municipal de Obras e Urbaniza\u00e7\u00e3o de Macei\u00f3, entre 2004 e 2006, e depois secret\u00e1rio municipal de Infraestrutura em Macei\u00f3 at\u00e9 2012. Desde 2015 responde pela Secretaria de Transportes e Desenvolvimento Urbano.<\/p>\n\n\n\n<p>23.&nbsp;&nbsp;&nbsp;&nbsp;&nbsp; Coordenadoria-geral da Governan\u00e7a Corporativa<\/p>\n\n\n\n<p>Poliana Santana &#8211; Graduada em Administra\u00e7\u00e3o de Empresas, possui experi\u00eancia em gest\u00e3o organizacional nos setores privado e p\u00fablico. Foi secret\u00e1ria adjunta da Secretaria de Desenvolvimento Econ\u00f4mico e da Secretaria de Planejamento e Desenvolvimento Econ\u00f4mico, onde foi tamb\u00e9m secret\u00e1ria de Estado em 2014. Desde 2015 atua como Coordenadora Geral da Governan\u00e7a Corporativa. Possui especializa\u00e7\u00e3o em Engenharia da Qualidade pela USP, MBA em Marketing pela FGV, forma\u00e7\u00e3o em coaching pelo Integrated Coaching Institute, forma\u00e7\u00e3o em Conselho de Administra\u00e7\u00e3o pela Funda\u00e7\u00e3o Dom Cabral e p\u00f3s-gradua\u00e7\u00e3o pela Amana Key.<\/p>\n\n\n\n<p>Assessoria<\/p>\n","protected":false},"excerpt":{"rendered":"<p>O Di\u00e1rio Oficial do Estado deste domingo (15) entra para a hist\u00f3ria, por trazer nomea\u00e7\u00f5es que fazem<\/p>\n","protected":false},"author":1,"featured_media":18092,"comment_status":"open","ping_status":"open","sticky":false,"template":"","format":"standard","meta":{"footnotes":""},"categories":[60],"tags":[],"class_list":["post-18091","post","type-post","status-publish","format-standard","has-post-thumbnail","hentry","category-capa"],"_links":{"self":[{"href":"https:\/\/4cantosalagoas.com.br\/portal\/wp-json\/wp\/v2\/posts\/18091","targetHints":{"allow":["GET"]}}],"collection":[{"href":"https:\/\/4cantosalagoas.com.br\/portal\/wp-json\/wp\/v2\/posts"}],"about":[{"href":"https:\/\/4cantosalagoas.com.br\/portal\/wp-json\/wp\/v2\/types\/post"}],"author":[{"embeddable":true,"href":"https:\/\/4cantosalagoas.com.br\/portal\/wp-json\/wp\/v2\/users\/1"}],"replies":[{"embeddable":true,"href":"https:\/\/4cantosalagoas.com.br\/portal\/wp-json\/wp\/v2\/comments?post=18091"}],"version-history":[{"count":1,"href":"https:\/\/4cantosalagoas.com.br\/portal\/wp-json\/wp\/v2\/posts\/18091\/revisions"}],"predecessor-version":[{"id":18093,"href":"https:\/\/4cantosalagoas.com.br\/portal\/wp-json\/wp\/v2\/posts\/18091\/revisions\/18093"}],"wp:featuredmedia":[{"embeddable":true,"href":"https:\/\/4cantosalagoas.com.br\/portal\/wp-json\/wp\/v2\/media\/18092"}],"wp:attachment":[{"href":"https:\/\/4cantosalagoas.com.br\/portal\/wp-json\/wp\/v2\/media?parent=18091"}],"wp:term":[{"taxonomy":"category","embeddable":true,"href":"https:\/\/4cantosalagoas.com.br\/portal\/wp-json\/wp\/v2\/categories?post=18091"},{"taxonomy":"post_tag","embeddable":true,"href":"https:\/\/4cantosalagoas.com.br\/portal\/wp-json\/wp\/v2\/tags?post=18091"}],"curies":[{"name":"wp","href":"https:\/\/api.w.org\/{rel}","templated":true}]}}