{"id":18083,"date":"2022-05-15T06:12:16","date_gmt":"2022-05-15T09:12:16","guid":{"rendered":"http:\/\/4cantosalagoas.com.br\/portal\/?p=18083"},"modified":"2022-05-15T06:14:41","modified_gmt":"2022-05-15T09:14:41","slug":"eventos-modificam-transito-neste-final-de-semana-no-feitosa","status":"publish","type":"post","link":"https:\/\/4cantosalagoas.com.br\/portal\/eventos-modificam-transito-neste-final-de-semana-no-feitosa\/","title":{"rendered":"Evento modifica tr\u00e2nsito neste final de semana no Feitosa"},"content":{"rendered":"\n<figure class=\"wp-block-image\"><img fetchpriority=\"high\" decoding=\"async\" width=\"850\" height=\"560\" src=\"http:\/\/4cantosalagoas.com.br\/portal\/wp-content\/uploads\/2022\/05\/05-12-21-Inauguracao-Viaduto-Jacintinho-Jacintinho-SMTT-Por-Joyce-Juliana-46.jpg\" alt=\"\" class=\"wp-image-18084\" srcset=\"https:\/\/4cantosalagoas.com.br\/portal\/wp-content\/uploads\/2022\/05\/05-12-21-Inauguracao-Viaduto-Jacintinho-Jacintinho-SMTT-Por-Joyce-Juliana-46.jpg 850w, https:\/\/4cantosalagoas.com.br\/portal\/wp-content\/uploads\/2022\/05\/05-12-21-Inauguracao-Viaduto-Jacintinho-Jacintinho-SMTT-Por-Joyce-Juliana-46-300x198.jpg 300w, https:\/\/4cantosalagoas.com.br\/portal\/wp-content\/uploads\/2022\/05\/05-12-21-Inauguracao-Viaduto-Jacintinho-Jacintinho-SMTT-Por-Joyce-Juliana-46-768x506.jpg 768w\" sizes=\"(max-width: 850px) 100vw, 850px\" \/><figcaption> <br><em>Equipes da SMTT v\u00e3o garantir seguran\u00e7a vi\u00e1ria de pedestres e controle do tr\u00e2nsito. Foto: SMTT<\/em> <\/figcaption><\/figure>\n\n\n\n<p>Neste domingo (15), das 17h \u00e0s 19h, uma prociss\u00e3o da Par\u00f3quia de Nossa Senhora de F\u00e1tima, no Feitosa, deixar\u00e1 o tr\u00e2nsito mais lento. Na ocasi\u00e3o, os fi\u00e9is sair\u00e3o em prociss\u00e3o da Igreja Matriz, seguir\u00e3o pela Rua Joel Vieira dos Anjos, far\u00e3o um retorno na Avenida Juca Sampaio e percorrer\u00e3o um trecho da Avenida Governador Lamenha Filho, de onde retornar\u00e3o para a Igreja Matriz.<\/p>\n\n\n\n<p>Agentes da SMTT estar\u00e3o na regi\u00e3o para garantir a seguran\u00e7a vi\u00e1ria dos participantes e orientar os condutores.<\/p>\n","protected":false},"excerpt":{"rendered":"<p>Neste domingo (15), das 17h \u00e0s 19h, uma prociss\u00e3o da Par\u00f3quia de Nossa Senhora de F\u00e1tima, no<\/p>\n","protected":false},"author":1,"featured_media":18084,"comment_status":"open","ping_status":"open","sticky":false,"template":"","format":"standard","meta":{"footnotes":""},"categories":[60],"tags":[],"class_list":["post-18083","post","type-post","status-publish","format-standard","has-post-thumbnail","hentry","category-capa"],"_links":{"self":[{"href":"https:\/\/4cantosalagoas.com.br\/portal\/wp-json\/wp\/v2\/posts\/18083","targetHints":{"allow":["GET"]}}],"collection":[{"href":"https:\/\/4cantosalagoas.com.br\/portal\/wp-json\/wp\/v2\/posts"}],"about":[{"href":"https:\/\/4cantosalagoas.com.br\/portal\/wp-json\/wp\/v2\/types\/post"}],"author":[{"embeddable":true,"href":"https:\/\/4cantosalagoas.com.br\/portal\/wp-json\/wp\/v2\/users\/1"}],"replies":[{"embeddable":true,"href":"https:\/\/4cantosalagoas.com.br\/portal\/wp-json\/wp\/v2\/comments?post=18083"}],"version-history":[{"count":2,"href":"https:\/\/4cantosalagoas.com.br\/portal\/wp-json\/wp\/v2\/posts\/18083\/revisions"}],"predecessor-version":[{"id":18088,"href":"https:\/\/4cantosalagoas.com.br\/portal\/wp-json\/wp\/v2\/posts\/18083\/revisions\/18088"}],"wp:featuredmedia":[{"embeddable":true,"href":"https:\/\/4cantosalagoas.com.br\/portal\/wp-json\/wp\/v2\/media\/18084"}],"wp:attachment":[{"href":"https:\/\/4cantosalagoas.com.br\/portal\/wp-json\/wp\/v2\/media?parent=18083"}],"wp:term":[{"taxonomy":"category","embeddable":true,"href":"https:\/\/4cantosalagoas.com.br\/portal\/wp-json\/wp\/v2\/categories?post=18083"},{"taxonomy":"post_tag","embeddable":true,"href":"https:\/\/4cantosalagoas.com.br\/portal\/wp-json\/wp\/v2\/tags?post=18083"}],"curies":[{"name":"wp","href":"https:\/\/api.w.org\/{rel}","templated":true}]}}