{"id":18028,"date":"2022-05-09T07:20:04","date_gmt":"2022-05-09T10:20:04","guid":{"rendered":"http:\/\/4cantosalagoas.com.br\/portal\/?p=18028"},"modified":"2022-05-09T07:20:08","modified_gmt":"2022-05-09T10:20:08","slug":"competicao-internacional-de-triathlon-movimenta-cerca-de-r-1-milhao-na-economia-de-maceio","status":"publish","type":"post","link":"https:\/\/4cantosalagoas.com.br\/portal\/competicao-internacional-de-triathlon-movimenta-cerca-de-r-1-milhao-na-economia-de-maceio\/","title":{"rendered":"Competi\u00e7\u00e3o internacional de triathlon movimenta cerca de R$ 1 milh\u00e3o na economia de Macei\u00f3"},"content":{"rendered":"\n<figure class=\"wp-block-image\"><img fetchpriority=\"high\" decoding=\"async\" width=\"850\" height=\"560\" src=\"http:\/\/4cantosalagoas.com.br\/portal\/wp-content\/uploads\/2022\/05\/WhatsApp-Image-2022-05-08-at-09.30.50-4.jpeg\" alt=\"\" class=\"wp-image-18029\" srcset=\"https:\/\/4cantosalagoas.com.br\/portal\/wp-content\/uploads\/2022\/05\/WhatsApp-Image-2022-05-08-at-09.30.50-4.jpeg 850w, https:\/\/4cantosalagoas.com.br\/portal\/wp-content\/uploads\/2022\/05\/WhatsApp-Image-2022-05-08-at-09.30.50-4-300x198.jpeg 300w, https:\/\/4cantosalagoas.com.br\/portal\/wp-content\/uploads\/2022\/05\/WhatsApp-Image-2022-05-08-at-09.30.50-4-768x506.jpeg 768w\" sizes=\"(max-width: 850px) 100vw, 850px\" \/><figcaption> <br><em>Macei\u00f3 tamb\u00e9m sediar\u00e1 a competi\u00e7\u00e3o em 2023. A previs\u00e3o \u00e9 que mais de 500 atletas participem. Foto: Maivan Fernandes \/ Secom Macei\u00f3<\/em> <\/figcaption><\/figure>\n\n\n\n<p>O domingo de Dia das M\u00e3es foi de muito esporte na capital alagoana. Do asfalto ao mar, mais de 250 triatletas de oito estados do Brasil competiram em busca do p\u00f3dio no GPX Extreme, uma das maiores competi\u00e7\u00f5es internacionais de triathlon do mundo, realizada em Macei\u00f3 neste domingo (8).<\/p>\n\n\n\n<p>Parada h\u00e1 dois anos em raz\u00e3o da pandemia, a prova recebeu atletas das regi\u00f5es Sudeste, Norte e Nordeste. De acordo com a organiza\u00e7\u00e3o do evento, a competi\u00e7\u00e3o, que tamb\u00e9m ocorrer\u00e1 na capital em 2023, movimentou cerca de um milh\u00e3o de reais na economia do munic\u00edpio, al\u00e9m de gerar centenas de empregos diretos e indiretos.<\/p>\n\n\n\n<figure class=\"wp-block-image\"><a href=\"https:\/\/maceioalgovbr.dhost.cloud\/uploads\/imagens\/WhatsApp-Image-2022-05-08-at-09.30.49-1.jpeg\"><img decoding=\"async\" src=\"https:\/\/maceioalgovbr.dhost.cloud\/uploads\/imagens\/_845x560_crop_center-center_none\/WhatsApp-Image-2022-05-08-at-09.30.49-1.jpeg\" alt=\"Participaram da competi\u00e7\u00e3o times femininos e masculinos das equipes GP Extreme. Foto: Maivan Fernandes \/ Secom Macei\u00f3\"\/><\/a><figcaption>Participaram da competi\u00e7\u00e3o times femininos e masculinos das equipes GP Extreme. Foto: Maivan Fernandes \/ Secom Macei\u00f3<\/figcaption><\/figure>\n\n\n\n<p>\u201cFoi sensacional organizar esse evento em Macei\u00f3. Ap\u00f3s dois adiamentos, em 2020 e 2021, conseguimos trazer a competi\u00e7\u00e3o para a capital. Esta edi\u00e7\u00e3o movimentou cerca de um milh\u00e3o de reais na economia local, seja com a hospedagem dos atletas, alimenta\u00e7\u00e3o, transportes, passeios na cidade, al\u00e9m dos investimentos feitos pela organiza\u00e7\u00e3o com staff e infraestrutura local. A cidade tem potencial e muitos atrativos, o que possibilita a vinda desses atletas para passar mais dias. Por isso, j\u00e1 confirmamos que a pr\u00f3xima edi\u00e7\u00e3o em 2023 tamb\u00e9m ser\u00e1 aqui na cidade\u201d, pontuou o organizador do evento, Sandro Bernardoni.<\/p>\n\n\n\n<figure class=\"wp-block-image\"><a href=\"https:\/\/maceioalgovbr.dhost.cloud\/uploads\/imagens\/WhatsApp-Image-2022-05-08-at-09.30.50-6.jpeg\"><img decoding=\"async\" src=\"https:\/\/maceioalgovbr.dhost.cloud\/uploads\/imagens\/_845x560_crop_center-center_none\/WhatsApp-Image-2022-05-08-at-09.30.50-6.jpeg\" alt=\"Competidores tamb\u00e9m aproveitaram para curtir os atrativos da capital. Foto: Maivan Fernandes \/ Secom Macei\u00f3\"\/><\/a><figcaption>Competidores tamb\u00e9m aproveitaram para curtir os atrativos da capital. Foto: Maivan Fernandes \/ Secom Macei\u00f3<\/figcaption><\/figure>\n\n\n\n<p>A pernambucana Rosinha Teixeira, que garantiu a medalha de prata no geral feminino, destacou a sua experi\u00eancia em participar do torneio.<\/p>\n\n\n\n<p>\u201cEu fa\u00e7o todos os anos a prova do GPX Extreme. Foi a primeira vez, agora, em Macei\u00f3, e eu achei o evento fant\u00e1stico, muito organizado. Fiz um percurso bem desafiador porque teve chuva e muito vento, o que tornou mais extremo o pedal. Mas cheguei alguns dias antes e consegui aproveitar essa cidade linda que \u00e9 Macei\u00f3\u201d, contou a atleta.<\/p>\n\n\n\n<p>A competi\u00e7\u00e3o tamb\u00e9m foi marcada por fortes emo\u00e7\u00f5es. O triatleta Diego Topper, de Macei\u00f3, conquistou o segundo lugar geral na prova e dedicou a conquista \u00e0 sua maior incentivadora: sua m\u00e3e, dona Leda Januario Pinto.<\/p>\n\n\n\n<figure class=\"wp-block-image\"><a href=\"https:\/\/maceioalgovbr.dhost.cloud\/uploads\/imagens\/DSC01306-1.jpg\"><img decoding=\"async\" src=\"https:\/\/maceioalgovbr.dhost.cloud\/uploads\/imagens\/_845x560_crop_center-center_none\/DSC01306-1.jpg\" alt=\"Atleta faz homenagem para a m\u00e3e durante a prova. Foto: \u00c9mile Val\u00f5es \/ Ascom Semtel\"\/><\/a><figcaption>Atleta faz homenagem para a m\u00e3e durante a prova. Foto: \u00c9mile Val\u00f5es \/ Ascom Semtel<\/figcaption><\/figure>\n\n\n\n<p>\u201cDurante a semana, eu tinha falado para minha esposa que ia tentar ganhar um pr\u00eamio para dar para minha m\u00e3e, porque ela \u00e9 minha fiel torcedora. Gra\u00e7as a Deus ganhei um trof\u00e9u e dedico esse pr\u00eamio a ela\u201d, disse.<\/p>\n\n\n\n<p>Participaram da competi\u00e7\u00e3o times femininos e masculinos das equipes GP Extreme, com 6h de prova, e da GP Sprint, com 2h. As premia\u00e7\u00f5es ocorreram das 09h30 \u00e0s 11h30.<\/p>\n\n\n\n<p>Macei\u00f3 \u00e9 uma das cidades brasileiras mais procuradas por turistas e para a realiza\u00e7\u00e3o de eventos esportivos nacionais e internacionais. Segundo o diretor de esportes da Semtel, Francisco Carlos do Nascimento, o empenho e comprometimento da Secretaria tem garantido esse destaque.<\/p>\n\n\n\n<p>\u201cOs atletas quando vem para Macei\u00f3 trazem familiares para aproveitar os atrativos culturais e tur\u00edsticos da regi\u00e3o, o que traz renda para a parte hoteleira, restaurantes e outros segmentos. Ainda neste ano, outras competi\u00e7\u00f5es ser\u00e3o realizadas no munic\u00edpio, vamos movimentar campos, quadras, praias e demais espa\u00e7os esportivos da cidade\u201d, pontuou.<\/p>\n\n\n\n<p>Assessoria<\/p>\n","protected":false},"excerpt":{"rendered":"<p>O domingo de Dia das M\u00e3es foi de muito esporte na capital alagoana. Do asfalto ao mar,<\/p>\n","protected":false},"author":1,"featured_media":18029,"comment_status":"open","ping_status":"open","sticky":false,"template":"","format":"standard","meta":{"footnotes":""},"categories":[60],"tags":[],"class_list":["post-18028","post","type-post","status-publish","format-standard","has-post-thumbnail","hentry","category-capa"],"_links":{"self":[{"href":"https:\/\/4cantosalagoas.com.br\/portal\/wp-json\/wp\/v2\/posts\/18028","targetHints":{"allow":["GET"]}}],"collection":[{"href":"https:\/\/4cantosalagoas.com.br\/portal\/wp-json\/wp\/v2\/posts"}],"about":[{"href":"https:\/\/4cantosalagoas.com.br\/portal\/wp-json\/wp\/v2\/types\/post"}],"author":[{"embeddable":true,"href":"https:\/\/4cantosalagoas.com.br\/portal\/wp-json\/wp\/v2\/users\/1"}],"replies":[{"embeddable":true,"href":"https:\/\/4cantosalagoas.com.br\/portal\/wp-json\/wp\/v2\/comments?post=18028"}],"version-history":[{"count":1,"href":"https:\/\/4cantosalagoas.com.br\/portal\/wp-json\/wp\/v2\/posts\/18028\/revisions"}],"predecessor-version":[{"id":18030,"href":"https:\/\/4cantosalagoas.com.br\/portal\/wp-json\/wp\/v2\/posts\/18028\/revisions\/18030"}],"wp:featuredmedia":[{"embeddable":true,"href":"https:\/\/4cantosalagoas.com.br\/portal\/wp-json\/wp\/v2\/media\/18029"}],"wp:attachment":[{"href":"https:\/\/4cantosalagoas.com.br\/portal\/wp-json\/wp\/v2\/media?parent=18028"}],"wp:term":[{"taxonomy":"category","embeddable":true,"href":"https:\/\/4cantosalagoas.com.br\/portal\/wp-json\/wp\/v2\/categories?post=18028"},{"taxonomy":"post_tag","embeddable":true,"href":"https:\/\/4cantosalagoas.com.br\/portal\/wp-json\/wp\/v2\/tags?post=18028"}],"curies":[{"name":"wp","href":"https:\/\/api.w.org\/{rel}","templated":true}]}}