{"id":17906,"date":"2022-04-26T07:48:56","date_gmt":"2022-04-26T10:48:56","guid":{"rendered":"http:\/\/4cantosalagoas.com.br\/portal\/?p=17906"},"modified":"2022-04-26T07:48:59","modified_gmt":"2022-04-26T10:48:59","slug":"vigilancia-sanitaria-apreende-550-kg-de-alimentos-no-fim-de-semana","status":"publish","type":"post","link":"https:\/\/4cantosalagoas.com.br\/portal\/vigilancia-sanitaria-apreende-550-kg-de-alimentos-no-fim-de-semana\/","title":{"rendered":"Vigil\u00e2ncia Sanit\u00e1ria apreende 550 kg de alimentos no fim de semana"},"content":{"rendered":"\n<figure class=\"wp-block-image\"><img fetchpriority=\"high\" decoding=\"async\" width=\"850\" height=\"560\" src=\"http:\/\/4cantosalagoas.com.br\/portal\/wp-content\/uploads\/2022\/04\/capissimaaaaaaaa.jpeg\" alt=\"\" class=\"wp-image-17907\" srcset=\"https:\/\/4cantosalagoas.com.br\/portal\/wp-content\/uploads\/2022\/04\/capissimaaaaaaaa.jpeg 850w, https:\/\/4cantosalagoas.com.br\/portal\/wp-content\/uploads\/2022\/04\/capissimaaaaaaaa-300x198.jpeg 300w, https:\/\/4cantosalagoas.com.br\/portal\/wp-content\/uploads\/2022\/04\/capissimaaaaaaaa-768x506.jpeg 768w\" sizes=\"(max-width: 850px) 100vw, 850px\" \/><figcaption> <br><em>Fiscais verificam comercializa\u00e7\u00e3o de alimentos pelos bairros da cidade. Foto: Visa Macei\u00f3<\/em> <\/figcaption><\/figure>\n\n\n\n<p>Em mais um trabalho de fiscaliza\u00e7\u00e3o nos bairros de Macei\u00f3, realizado pela Vigil\u00e2ncia Sanit\u00e1ria no \u00faltimo fim de semana, o \u00f3rg\u00e3o retirou de circula\u00e7\u00e3o 550 kg de alimentos impr\u00f3prios para consumo humano. O trabalho ocorreu em supermercados, av\u00edcolas, latic\u00ednios e frigor\u00edficos da capital.<\/p>\n\n\n\n<p>Nas fiscaliza\u00e7\u00f5es foram verificados itens como condi\u00e7\u00f5es de armazenamento, refrigera\u00e7\u00e3o, manipula\u00e7\u00e3o, conserva\u00e7\u00e3o e comercializa\u00e7\u00e3o dos alimentos. Dentre os alimentos apreendidos estavam carne bovina e su\u00edna, lingui\u00e7a, queijo e manteiga. Todos os produtos apreendidos foram descartados no aterro sanit\u00e1rio na capital.<\/p>\n\n\n\n<figure class=\"wp-block-image\"><a href=\"https:\/\/maceioalgovbr.dhost.cloud\/uploads\/imagens\/WhatsApp-Image-2022-04-25-at-09.02.12.jpeg\"><img decoding=\"async\" src=\"https:\/\/maceioalgovbr.dhost.cloud\/uploads\/imagens\/_206x160_crop_center-center_none\/WhatsApp-Image-2022-04-25-at-09.02.12.jpeg\" alt=\"\"\/><\/a><\/figure>\n\n\n\n<figure class=\"wp-block-image\"><a href=\"https:\/\/maceioalgovbr.dhost.cloud\/uploads\/imagens\/WhatsApp-Image-2022-04-25-at-09.02.12-1.jpeg\"><img decoding=\"async\" src=\"https:\/\/maceioalgovbr.dhost.cloud\/uploads\/imagens\/_206x160_crop_center-center_none\/WhatsApp-Image-2022-04-25-at-09.02.12-1.jpeg\" alt=\"\"\/><\/a><\/figure>\n\n\n\n<figure class=\"wp-block-image\"><a href=\"https:\/\/maceioalgovbr.dhost.cloud\/uploads\/imagens\/WhatsApp-Image-2022-04-25-at-09.02.13.jpeg\"><img decoding=\"async\" src=\"https:\/\/maceioalgovbr.dhost.cloud\/uploads\/imagens\/_206x160_crop_center-center_none\/WhatsApp-Image-2022-04-25-at-09.02.13.jpeg\" alt=\"\"\/><\/a><\/figure>\n\n\n\n<figure class=\"wp-block-image\"><a href=\"https:\/\/maceioalgovbr.dhost.cloud\/uploads\/imagens\/WhatsApp-Image-2022-04-25-at-09.02.14.jpeg\"><img decoding=\"async\" src=\"https:\/\/maceioalgovbr.dhost.cloud\/uploads\/imagens\/_206x160_crop_center-center_none\/WhatsApp-Image-2022-04-25-at-09.02.14.jpeg\" alt=\"\"\/><\/a><\/figure>\n\n\n\n<p><em>Fotos: Visa Macei\u00f3<\/em><\/p>\n\n\n\n<p>De acordo com o coordenador da Vigil\u00e2ncia, Airton Santos, o trabalho do \u00f3rg\u00e3o \u00e9 focado na garantia da seguran\u00e7a alimentar para preven\u00e7\u00e3o da sa\u00fade do maceioense.<\/p>\n\n\n\n<p>\u201cEstamos orientando e fiscalizando os mais diversos segmentos comerciais para, cada vez mais, poder assegurar que os produtos consumidos pelos maceioenses sejam de qualidade e sem risco sanit\u00e1rio nenhum\u201d, disse.<\/p>\n\n\n\n<p>Os locais onde houve o recolhimento dos alimentos impr\u00f3prios para consumo foram notificados e poder\u00e3o \u00a0receber multa que varia de R$ 180 a R$ 19 mil, a depender da gravidade do caso. <\/p>\n\n\n\n<p>Assesssoria<\/p>\n","protected":false},"excerpt":{"rendered":"<p>Em mais um trabalho de fiscaliza\u00e7\u00e3o nos bairros de Macei\u00f3, realizado pela Vigil\u00e2ncia Sanit\u00e1ria no \u00faltimo fim<\/p>\n","protected":false},"author":1,"featured_media":17907,"comment_status":"open","ping_status":"open","sticky":false,"template":"","format":"standard","meta":{"footnotes":""},"categories":[60],"tags":[],"class_list":["post-17906","post","type-post","status-publish","format-standard","has-post-thumbnail","hentry","category-capa"],"_links":{"self":[{"href":"https:\/\/4cantosalagoas.com.br\/portal\/wp-json\/wp\/v2\/posts\/17906","targetHints":{"allow":["GET"]}}],"collection":[{"href":"https:\/\/4cantosalagoas.com.br\/portal\/wp-json\/wp\/v2\/posts"}],"about":[{"href":"https:\/\/4cantosalagoas.com.br\/portal\/wp-json\/wp\/v2\/types\/post"}],"author":[{"embeddable":true,"href":"https:\/\/4cantosalagoas.com.br\/portal\/wp-json\/wp\/v2\/users\/1"}],"replies":[{"embeddable":true,"href":"https:\/\/4cantosalagoas.com.br\/portal\/wp-json\/wp\/v2\/comments?post=17906"}],"version-history":[{"count":1,"href":"https:\/\/4cantosalagoas.com.br\/portal\/wp-json\/wp\/v2\/posts\/17906\/revisions"}],"predecessor-version":[{"id":17908,"href":"https:\/\/4cantosalagoas.com.br\/portal\/wp-json\/wp\/v2\/posts\/17906\/revisions\/17908"}],"wp:featuredmedia":[{"embeddable":true,"href":"https:\/\/4cantosalagoas.com.br\/portal\/wp-json\/wp\/v2\/media\/17907"}],"wp:attachment":[{"href":"https:\/\/4cantosalagoas.com.br\/portal\/wp-json\/wp\/v2\/media?parent=17906"}],"wp:term":[{"taxonomy":"category","embeddable":true,"href":"https:\/\/4cantosalagoas.com.br\/portal\/wp-json\/wp\/v2\/categories?post=17906"},{"taxonomy":"post_tag","embeddable":true,"href":"https:\/\/4cantosalagoas.com.br\/portal\/wp-json\/wp\/v2\/tags?post=17906"}],"curies":[{"name":"wp","href":"https:\/\/api.w.org\/{rel}","templated":true}]}}