{"id":17904,"date":"2022-04-26T07:41:23","date_gmt":"2022-04-26T10:41:23","guid":{"rendered":"http:\/\/4cantosalagoas.com.br\/portal\/?p=17904"},"modified":"2022-04-26T07:41:27","modified_gmt":"2022-04-26T10:41:27","slug":"suspeito-de-estupro-e-preso-em-abordagem-no-bairro-da-jatiuca","status":"publish","type":"post","link":"https:\/\/4cantosalagoas.com.br\/portal\/suspeito-de-estupro-e-preso-em-abordagem-no-bairro-da-jatiuca\/","title":{"rendered":"Suspeito de estupro \u00e9 preso em abordagem no bairro da Jati\u00faca"},"content":{"rendered":"\n<figure class=\"wp-block-image\"><img fetchpriority=\"high\" decoding=\"async\" width=\"724\" height=\"424\" src=\"http:\/\/4cantosalagoas.com.br\/portal\/wp-content\/uploads\/2020\/10\/PC_Cra\u00edbas.thumbnail.jpg\" alt=\"\" class=\"wp-image-12897\" srcset=\"https:\/\/4cantosalagoas.com.br\/portal\/wp-content\/uploads\/2020\/10\/PC_Cra\u00edbas.thumbnail.jpg 724w, https:\/\/4cantosalagoas.com.br\/portal\/wp-content\/uploads\/2020\/10\/PC_Cra\u00edbas.thumbnail-300x176.jpg 300w\" sizes=\"(max-width: 724px) 100vw, 724px\" \/><figcaption>Assessoria<\/figcaption><\/figure>\n\n\n\n<p>Equipe da Opera\u00e7\u00e3o Policial Litor\u00e2nea Integrada (Oplit) prendeu na manh\u00e3 desta segunda-feira (25) um homem, de 25 anos de idade, acusado de crime de estupro.<\/p>\n\n\n\n<p>O suspeito foi detido, durante abordagem realizada num trecho do Corredor Vera Arruda, no bairro de Jati\u00faca, em Macei\u00f3.<\/p>\n\n\n\n<p>De acordo com consulta feita pelos policiais, ele tem mandado de pris\u00e3o preventiva, em aberto, expedido pela 14\u00aa Vara Criminal da Capital, dos Crimes Contra Popula\u00e7\u00f5es Vulner\u00e1veis.<\/p>\n\n\n\n<p>O suspeito teria praticado o estupro, em 8 de abril do ano passado, contra uma menor, ent\u00e3o com 12 anos de idade.<\/p>\n\n\n\n<p>Os policiais conduziram o acusado para a Central de Flagrantes, no bairro do Farol, onde foram realizados os procedimentos legais.<\/p>\n\n\n\n<p>Assessoria<\/p>\n","protected":false},"excerpt":{"rendered":"<p>Equipe da Opera\u00e7\u00e3o Policial Litor\u00e2nea Integrada (Oplit) prendeu na manh\u00e3 desta segunda-feira (25) um homem, de 25<\/p>\n","protected":false},"author":1,"featured_media":12897,"comment_status":"open","ping_status":"open","sticky":false,"template":"","format":"standard","meta":{"footnotes":""},"categories":[60],"tags":[],"class_list":["post-17904","post","type-post","status-publish","format-standard","has-post-thumbnail","hentry","category-capa"],"_links":{"self":[{"href":"https:\/\/4cantosalagoas.com.br\/portal\/wp-json\/wp\/v2\/posts\/17904","targetHints":{"allow":["GET"]}}],"collection":[{"href":"https:\/\/4cantosalagoas.com.br\/portal\/wp-json\/wp\/v2\/posts"}],"about":[{"href":"https:\/\/4cantosalagoas.com.br\/portal\/wp-json\/wp\/v2\/types\/post"}],"author":[{"embeddable":true,"href":"https:\/\/4cantosalagoas.com.br\/portal\/wp-json\/wp\/v2\/users\/1"}],"replies":[{"embeddable":true,"href":"https:\/\/4cantosalagoas.com.br\/portal\/wp-json\/wp\/v2\/comments?post=17904"}],"version-history":[{"count":1,"href":"https:\/\/4cantosalagoas.com.br\/portal\/wp-json\/wp\/v2\/posts\/17904\/revisions"}],"predecessor-version":[{"id":17905,"href":"https:\/\/4cantosalagoas.com.br\/portal\/wp-json\/wp\/v2\/posts\/17904\/revisions\/17905"}],"wp:featuredmedia":[{"embeddable":true,"href":"https:\/\/4cantosalagoas.com.br\/portal\/wp-json\/wp\/v2\/media\/12897"}],"wp:attachment":[{"href":"https:\/\/4cantosalagoas.com.br\/portal\/wp-json\/wp\/v2\/media?parent=17904"}],"wp:term":[{"taxonomy":"category","embeddable":true,"href":"https:\/\/4cantosalagoas.com.br\/portal\/wp-json\/wp\/v2\/categories?post=17904"},{"taxonomy":"post_tag","embeddable":true,"href":"https:\/\/4cantosalagoas.com.br\/portal\/wp-json\/wp\/v2\/tags?post=17904"}],"curies":[{"name":"wp","href":"https:\/\/api.w.org\/{rel}","templated":true}]}}