{"id":17902,"date":"2022-04-26T07:39:11","date_gmt":"2022-04-26T10:39:11","guid":{"rendered":"http:\/\/4cantosalagoas.com.br\/portal\/?p=17902"},"modified":"2022-04-26T07:39:15","modified_gmt":"2022-04-26T10:39:15","slug":"preso-suspeito-de-assassinar-jovem-gravida-no-bairro-da-levada","status":"publish","type":"post","link":"https:\/\/4cantosalagoas.com.br\/portal\/preso-suspeito-de-assassinar-jovem-gravida-no-bairro-da-levada\/","title":{"rendered":"Preso suspeito de assassinar jovem gr\u00e1vida no bairro da Levada"},"content":{"rendered":"\n<figure class=\"wp-block-image\"><img fetchpriority=\"high\" decoding=\"async\" width=\"750\" height=\"500\" src=\"http:\/\/4cantosalagoas.com.br\/portal\/wp-content\/uploads\/2020\/05\/DHPP.thumbnail.jpg\" alt=\"\" class=\"wp-image-11414\" srcset=\"https:\/\/4cantosalagoas.com.br\/portal\/wp-content\/uploads\/2020\/05\/DHPP.thumbnail.jpg 750w, https:\/\/4cantosalagoas.com.br\/portal\/wp-content\/uploads\/2020\/05\/DHPP.thumbnail-300x200.jpg 300w\" sizes=\"(max-width: 750px) 100vw, 750px\" \/><figcaption>Assessoria<\/figcaption><\/figure>\n\n\n\n<p>Ap\u00f3s investiga\u00e7\u00f5es, equipes policiais, coordenadas pelos delegados Thiago Prado e Bruno Em\u00edlio, da Delegacia de Homic\u00eddios e Prote\u00e7\u00e3o \u00e0 Pessoa (DHPP), prenderam na manh\u00e3 desta segunda-feira (25) um suspeito da morte da jovem &nbsp;Aryadna Marcela Bento da Silva, de 22 anos, ocorrida no bairro da Levada, no&nbsp;dia 16 deste m\u00eas..<\/p>\n\n\n\n<p>A jovem estava gr\u00e1vida e teria sido atingida e morta por bala perdida, em suposto conflito entre fac\u00e7\u00f5es criminosas rivais, que agem na regi\u00e3o do Bom Parto e Levada (Vila Brejal). O beb\u00ea tamb\u00e9m morreu.<\/p>\n\n\n\n<p>O homem preso tem 22 anos, \u00e9 morador do Bom Parto e est\u00e1 com pris\u00e3o tempor\u00e1ria decretada pela Justi\u00e7a.<\/p>\n\n\n\n<p>A Pol\u00edcia Civil, segundo os delegados, ainda busca outro suspeito&nbsp;por envolvimento no crime.<\/p>\n\n\n\n<p>Qualquer informa\u00e7\u00e3o acerca do seu paradeiro pode ser enviada atrav\u00e9s do Disque Den\u00fancia, n\u00famero 181.<\/p>\n\n\n\n<p>Assesssoria<\/p>\n","protected":false},"excerpt":{"rendered":"<p>Ap\u00f3s investiga\u00e7\u00f5es, equipes policiais, coordenadas pelos delegados Thiago Prado e Bruno Em\u00edlio, da Delegacia de Homic\u00eddios e<\/p>\n","protected":false},"author":1,"featured_media":11414,"comment_status":"open","ping_status":"open","sticky":false,"template":"","format":"standard","meta":{"footnotes":""},"categories":[60],"tags":[],"class_list":["post-17902","post","type-post","status-publish","format-standard","has-post-thumbnail","hentry","category-capa"],"_links":{"self":[{"href":"https:\/\/4cantosalagoas.com.br\/portal\/wp-json\/wp\/v2\/posts\/17902","targetHints":{"allow":["GET"]}}],"collection":[{"href":"https:\/\/4cantosalagoas.com.br\/portal\/wp-json\/wp\/v2\/posts"}],"about":[{"href":"https:\/\/4cantosalagoas.com.br\/portal\/wp-json\/wp\/v2\/types\/post"}],"author":[{"embeddable":true,"href":"https:\/\/4cantosalagoas.com.br\/portal\/wp-json\/wp\/v2\/users\/1"}],"replies":[{"embeddable":true,"href":"https:\/\/4cantosalagoas.com.br\/portal\/wp-json\/wp\/v2\/comments?post=17902"}],"version-history":[{"count":1,"href":"https:\/\/4cantosalagoas.com.br\/portal\/wp-json\/wp\/v2\/posts\/17902\/revisions"}],"predecessor-version":[{"id":17903,"href":"https:\/\/4cantosalagoas.com.br\/portal\/wp-json\/wp\/v2\/posts\/17902\/revisions\/17903"}],"wp:featuredmedia":[{"embeddable":true,"href":"https:\/\/4cantosalagoas.com.br\/portal\/wp-json\/wp\/v2\/media\/11414"}],"wp:attachment":[{"href":"https:\/\/4cantosalagoas.com.br\/portal\/wp-json\/wp\/v2\/media?parent=17902"}],"wp:term":[{"taxonomy":"category","embeddable":true,"href":"https:\/\/4cantosalagoas.com.br\/portal\/wp-json\/wp\/v2\/categories?post=17902"},{"taxonomy":"post_tag","embeddable":true,"href":"https:\/\/4cantosalagoas.com.br\/portal\/wp-json\/wp\/v2\/tags?post=17902"}],"curies":[{"name":"wp","href":"https:\/\/api.w.org\/{rel}","templated":true}]}}