{"id":17853,"date":"2022-04-19T11:07:39","date_gmt":"2022-04-19T14:07:39","guid":{"rendered":"http:\/\/4cantosalagoas.com.br\/portal\/?p=17853"},"modified":"2022-04-19T11:08:36","modified_gmt":"2022-04-19T14:08:36","slug":"carnaval-da-paz-fmac-leva-desfile-das-escolas-de-samba-para-dois-bairros-nesta-quinta-21","status":"publish","type":"post","link":"https:\/\/4cantosalagoas.com.br\/portal\/carnaval-da-paz-fmac-leva-desfile-das-escolas-de-samba-para-dois-bairros-nesta-quinta-21\/","title":{"rendered":"Carnaval da Paz: FMAC leva desfile das escolas de Samba para dois bairros nesta quinta (21)"},"content":{"rendered":"\n<figure class=\"wp-block-image\"><img fetchpriority=\"high\" decoding=\"async\" width=\"850\" height=\"560\" src=\"http:\/\/4cantosalagoas.com.br\/portal\/wp-content\/uploads\/2022\/04\/WhatsApp-Image-2022-04-19-at-10.34.42.jpeg\" alt=\"\" class=\"wp-image-17854\" srcset=\"https:\/\/4cantosalagoas.com.br\/portal\/wp-content\/uploads\/2022\/04\/WhatsApp-Image-2022-04-19-at-10.34.42.jpeg 850w, https:\/\/4cantosalagoas.com.br\/portal\/wp-content\/uploads\/2022\/04\/WhatsApp-Image-2022-04-19-at-10.34.42-300x198.jpeg 300w, https:\/\/4cantosalagoas.com.br\/portal\/wp-content\/uploads\/2022\/04\/WhatsApp-Image-2022-04-19-at-10.34.42-768x506.jpeg 768w\" sizes=\"(max-width: 850px) 100vw, 850px\" \/><figcaption> <br><em>Foto: Daniel Marinho\/ Ascom FMAC.<\/em> <\/figcaption><\/figure>\n\n\n\n<p>A Funda\u00e7\u00e3o Municipal de A\u00e7\u00e3o Cultural realiza apresenta\u00e7\u00e3o das escolas de samba de Macei\u00f3 na pr\u00f3xima quinta-feira (21), das 19h \u00e0s 21h. Intitulado de Carnaval da Paz, o evento contar\u00e1 com a apresenta\u00e7\u00e3o das agremia\u00e7\u00f5es 13 de Maio e Gavi\u00f5es na Pra\u00e7a Santo Eduardo, localizada na Rua Desembargador M\u00e1rio Guimar\u00e3es, no bairro Santo Eduardo. J\u00e1 as escolas de samba Unidos do Po\u00e7o e Girassol se apresentar\u00e3o na Pra\u00e7a da Guarda Municipal, na Avenida Theobaldo Barbosa, no Conjunto Joaquim Le\u00e3o, Vergel.<\/p>\n\n\n\n<p>Para o presidente interino da FMAC, Jo\u00e3o Hugo Lyra, o evento possibilitar\u00e1 o retorno das atividades das escolas de samba ao p\u00fablico, ap\u00f3s dois anos sem eventos por conta da pandemia da Covid-19. \u201cCom a vacina\u00e7\u00e3o e a redu\u00e7\u00e3o dos casos de Covid-19, podemos ter novamente eventos presenciais. Esse \u00e9 um momento muito importante, n\u00e3o s\u00f3 para a FMAC, mas tamb\u00e9m para artistas e grupos que vivem da cultura, al\u00e9m de toda a popula\u00e7\u00e3o, que pode se beneficiar com mais op\u00e7\u00f5es de lazer\u201d, destacou.<\/p>\n\n\n\n<p>De acordo com o presidente da Liga das Escolas de Samba Independente de Macei\u00f3, Nonato Lopes, a ideia \u00e9 fomentar e valorizar o Carnaval, al\u00e9m de promover a paz nos bairros, levando oportunidades de acesso \u00e0 cultura e \u00e0 divers\u00e3o para mais perto de toda popula\u00e7\u00e3o. &#8220;O evento acontecer\u00e1 em parceria com a FMAC, porque sabemos da import\u00e2ncia e da responsabilidade que os \u00f3rg\u00e3os t\u00eam com a cultura. Temos ci\u00eancia de que podemos promover a paz e alegria para toda a sociedade, por meio das apresenta\u00e7\u00f5es\u201d, disse Nonato.<\/p>\n\n\n\n<p>O presidente da liga explica que cada agremia\u00e7\u00e3o vai se apresentar com Mestre Sala e Porta Bandeira, Rainha da Bateria e Passistas. A iniciativa \u00e9 fruto de uma parceria com a Liga das Escolas de Samba Independente de Macei\u00f3 e Secretaria de Estado da Cultura de Alagoas.<\/p>\n\n\n\n<p><\/p>\n","protected":false},"excerpt":{"rendered":"<p>A Funda\u00e7\u00e3o Municipal de A\u00e7\u00e3o Cultural realiza apresenta\u00e7\u00e3o das escolas de samba de Macei\u00f3 na pr\u00f3xima quinta-feira<\/p>\n","protected":false},"author":1,"featured_media":17854,"comment_status":"open","ping_status":"open","sticky":false,"template":"","format":"standard","meta":{"footnotes":""},"categories":[60],"tags":[],"class_list":["post-17853","post","type-post","status-publish","format-standard","has-post-thumbnail","hentry","category-capa"],"_links":{"self":[{"href":"https:\/\/4cantosalagoas.com.br\/portal\/wp-json\/wp\/v2\/posts\/17853","targetHints":{"allow":["GET"]}}],"collection":[{"href":"https:\/\/4cantosalagoas.com.br\/portal\/wp-json\/wp\/v2\/posts"}],"about":[{"href":"https:\/\/4cantosalagoas.com.br\/portal\/wp-json\/wp\/v2\/types\/post"}],"author":[{"embeddable":true,"href":"https:\/\/4cantosalagoas.com.br\/portal\/wp-json\/wp\/v2\/users\/1"}],"replies":[{"embeddable":true,"href":"https:\/\/4cantosalagoas.com.br\/portal\/wp-json\/wp\/v2\/comments?post=17853"}],"version-history":[{"count":1,"href":"https:\/\/4cantosalagoas.com.br\/portal\/wp-json\/wp\/v2\/posts\/17853\/revisions"}],"predecessor-version":[{"id":17855,"href":"https:\/\/4cantosalagoas.com.br\/portal\/wp-json\/wp\/v2\/posts\/17853\/revisions\/17855"}],"wp:featuredmedia":[{"embeddable":true,"href":"https:\/\/4cantosalagoas.com.br\/portal\/wp-json\/wp\/v2\/media\/17854"}],"wp:attachment":[{"href":"https:\/\/4cantosalagoas.com.br\/portal\/wp-json\/wp\/v2\/media?parent=17853"}],"wp:term":[{"taxonomy":"category","embeddable":true,"href":"https:\/\/4cantosalagoas.com.br\/portal\/wp-json\/wp\/v2\/categories?post=17853"},{"taxonomy":"post_tag","embeddable":true,"href":"https:\/\/4cantosalagoas.com.br\/portal\/wp-json\/wp\/v2\/tags?post=17853"}],"curies":[{"name":"wp","href":"https:\/\/api.w.org\/{rel}","templated":true}]}}