{"id":17850,"date":"2022-04-19T08:01:28","date_gmt":"2022-04-19T11:01:28","guid":{"rendered":"http:\/\/4cantosalagoas.com.br\/portal\/?p=17850"},"modified":"2022-04-19T08:01:33","modified_gmt":"2022-04-19T11:01:33","slug":"renasce-salgadinho-avenida-humberto-mendes-seguira-interditada-ate-as-17h-desta-terca-19","status":"publish","type":"post","link":"https:\/\/4cantosalagoas.com.br\/portal\/renasce-salgadinho-avenida-humberto-mendes-seguira-interditada-ate-as-17h-desta-terca-19\/","title":{"rendered":"Renasce Salgadinho: Avenida Humberto Mendes seguir\u00e1 interditada at\u00e9 \u00e0s 17h desta ter\u00e7a (19)"},"content":{"rendered":"\n<figure class=\"wp-block-image\"><img fetchpriority=\"high\" decoding=\"async\" width=\"850\" height=\"560\" src=\"http:\/\/4cantosalagoas.com.br\/portal\/wp-content\/uploads\/2022\/04\/31-03-22-Renasce-Salgadinho-Interdicao-Vias-UGP-Foto-Celio-Junior-5.jpg\" alt=\"\" class=\"wp-image-17851\" srcset=\"https:\/\/4cantosalagoas.com.br\/portal\/wp-content\/uploads\/2022\/04\/31-03-22-Renasce-Salgadinho-Interdicao-Vias-UGP-Foto-Celio-Junior-5.jpg 850w, https:\/\/4cantosalagoas.com.br\/portal\/wp-content\/uploads\/2022\/04\/31-03-22-Renasce-Salgadinho-Interdicao-Vias-UGP-Foto-Celio-Junior-5-300x198.jpg 300w, https:\/\/4cantosalagoas.com.br\/portal\/wp-content\/uploads\/2022\/04\/31-03-22-Renasce-Salgadinho-Interdicao-Vias-UGP-Foto-Celio-Junior-5-768x506.jpg 768w\" sizes=\"(max-width: 850px) 100vw, 850px\" \/><figcaption> <br><em>Via ser\u00e1 interditada por quest\u00f5es emergenciais. Foto: C\u00e9lio J\u00fanior \/ Secom Macei\u00f3<\/em> <\/figcaption><\/figure>\n\n\n\n<p>Um trecho da Avenida Deputado Humberto Mendes, pr\u00f3ximo \u00e0 Foz do Salgadinho, seguir\u00e1 interditada at\u00e9 \u00e0s 17h desta ter\u00e7a-feira (19). A interdi\u00e7\u00e3o, que j\u00e1 ocorre durante o dia, acontecer\u00e1 em car\u00e1ter emergencial tamb\u00e9m durante a noite desta segunda-feira (18), devido a interfer\u00eancias encontradas na rede de drenagem da regi\u00e3o.<\/p>\n\n\n\n<p>As obras integram o projeto Renasce Salgadinho e s\u00e3o para implanta\u00e7\u00e3o da rede de esgotamento sanit\u00e1rio. Ainda durante o per\u00edodo noturno, a regi\u00e3o contar\u00e1 com isolamento e sinaliza\u00e7\u00e3o do local, atendendo a todos os protocolos de seguran\u00e7a operacional.<\/p>\n\n\n\n<p><strong>Rota Alternativa<\/strong><\/p>\n\n\n\n<p>A sugest\u00e3o de rota alternativa \u00e9 que os condutores sigam pela Avenida Humberto Mendes e em seguida peguem a rua Buarque de Macedo para acessar outras vias. Equipes volantes da SMTT far\u00e3o rondas pela \u00e1rea para que a seguran\u00e7a vi\u00e1ria dos maceioenses que utilizam a avenida seja assegurada.<br><br><a rel=\"noreferrer noopener\" href=\"https:\/\/maceio.al.gov.br\/noticias\/smtt\/renasce-salgadinho-avenida-humberto-mendes-sera-interditada-a-partir-desta-sexta-8\" target=\"_blank\"><strong>Veja mat\u00e9ria sobre as obras na regi\u00e3o<\/strong><\/a><\/p>\n\n\n\n<p>Assessoria<\/p>\n\n\n\n<p><\/p>\n","protected":false},"excerpt":{"rendered":"<p>Um trecho da Avenida Deputado Humberto Mendes, pr\u00f3ximo \u00e0 Foz do Salgadinho, seguir\u00e1 interditada at\u00e9 \u00e0s 17h<\/p>\n","protected":false},"author":1,"featured_media":17851,"comment_status":"open","ping_status":"open","sticky":false,"template":"","format":"standard","meta":{"footnotes":""},"categories":[60],"tags":[],"class_list":["post-17850","post","type-post","status-publish","format-standard","has-post-thumbnail","hentry","category-capa"],"_links":{"self":[{"href":"https:\/\/4cantosalagoas.com.br\/portal\/wp-json\/wp\/v2\/posts\/17850","targetHints":{"allow":["GET"]}}],"collection":[{"href":"https:\/\/4cantosalagoas.com.br\/portal\/wp-json\/wp\/v2\/posts"}],"about":[{"href":"https:\/\/4cantosalagoas.com.br\/portal\/wp-json\/wp\/v2\/types\/post"}],"author":[{"embeddable":true,"href":"https:\/\/4cantosalagoas.com.br\/portal\/wp-json\/wp\/v2\/users\/1"}],"replies":[{"embeddable":true,"href":"https:\/\/4cantosalagoas.com.br\/portal\/wp-json\/wp\/v2\/comments?post=17850"}],"version-history":[{"count":1,"href":"https:\/\/4cantosalagoas.com.br\/portal\/wp-json\/wp\/v2\/posts\/17850\/revisions"}],"predecessor-version":[{"id":17852,"href":"https:\/\/4cantosalagoas.com.br\/portal\/wp-json\/wp\/v2\/posts\/17850\/revisions\/17852"}],"wp:featuredmedia":[{"embeddable":true,"href":"https:\/\/4cantosalagoas.com.br\/portal\/wp-json\/wp\/v2\/media\/17851"}],"wp:attachment":[{"href":"https:\/\/4cantosalagoas.com.br\/portal\/wp-json\/wp\/v2\/media?parent=17850"}],"wp:term":[{"taxonomy":"category","embeddable":true,"href":"https:\/\/4cantosalagoas.com.br\/portal\/wp-json\/wp\/v2\/categories?post=17850"},{"taxonomy":"post_tag","embeddable":true,"href":"https:\/\/4cantosalagoas.com.br\/portal\/wp-json\/wp\/v2\/tags?post=17850"}],"curies":[{"name":"wp","href":"https:\/\/api.w.org\/{rel}","templated":true}]}}