{"id":17847,"date":"2022-04-18T10:55:31","date_gmt":"2022-04-18T13:55:31","guid":{"rendered":"http:\/\/4cantosalagoas.com.br\/portal\/?p=17847"},"modified":"2022-04-18T11:03:36","modified_gmt":"2022-04-18T14:03:36","slug":"oplit-prende-homem-acusado-de-trafico-de-drogas-na-pajucara","status":"publish","type":"post","link":"https:\/\/4cantosalagoas.com.br\/portal\/oplit-prende-homem-acusado-de-trafico-de-drogas-na-pajucara\/","title":{"rendered":"Oplit prende homem acusado de tr\u00e1fico de drogas na Paju\u00e7ara"},"content":{"rendered":"\n<figure class=\"wp-block-image\"><img fetchpriority=\"high\" decoding=\"async\" width=\"750\" height=\"500\" src=\"http:\/\/4cantosalagoas.com.br\/portal\/wp-content\/uploads\/2022\/04\/preso_paju\u00e7ara_TVtK10F.thumbnail.jpg\" alt=\"\" class=\"wp-image-17848\" srcset=\"https:\/\/4cantosalagoas.com.br\/portal\/wp-content\/uploads\/2022\/04\/preso_paju\u00e7ara_TVtK10F.thumbnail.jpg 750w, https:\/\/4cantosalagoas.com.br\/portal\/wp-content\/uploads\/2022\/04\/preso_paju\u00e7ara_TVtK10F.thumbnail-300x200.jpg 300w\" sizes=\"(max-width: 750px) 100vw, 750px\" \/><figcaption> <br><strong>Foto: Material apreendido com o homem preso na Paju\u00e7ara<\/strong><br> <\/figcaption><\/figure>\n\n\n\n<p>Agentes da Opera\u00e7\u00e3o Policial Litor\u00e2nea Integrada (Oplit) prenderam nesta s\u00e1bado (16) um homem, de 29 anos, acusado de tr\u00e1fico de drogas.<\/p>\n\n\n\n<p>A pris\u00e3o aconteceu no bairro da Paju\u00e7ara, onde os policiais realizavam ronda.<\/p>\n\n\n\n<p>Com ele, foram encontrados crack, coca\u00edna, maconha, celular, carregador e a quantia de R$ 242,00, em esp\u00e9cie,<\/p>\n\n\n\n<p>Segundo os policiais, o acusado j\u00e1 possui passagens por tr\u00e1fico de drogas, porte ilegal de arma de fogo, homic\u00eddio e possui mandado de pris\u00e3o preventiva, em aberto, por associa\u00e7\u00e3o para o tr\u00e1fico, expedido pela Vara de Santa Luzia do Norte, desde mar\u00e7o de 2019.<\/p>\n\n\n\n<p>Ap\u00f3s ser preso, ele assumiu que \u00e9 traficante e faz parte de uma fac\u00e7\u00e3o criminosa.<\/p>\n\n\n\n<p>Equipe da Oplit levou o acusado para a Central de Flagrantes, no bairro do Farol, para procedimentos legais.<\/p>\n\n\n\n<p>Assessoria<\/p>\n","protected":false},"excerpt":{"rendered":"<p>Agentes da Opera\u00e7\u00e3o Policial Litor\u00e2nea Integrada (Oplit) prenderam nesta s\u00e1bado (16) um homem, de 29 anos, acusado<\/p>\n","protected":false},"author":1,"featured_media":17848,"comment_status":"open","ping_status":"open","sticky":false,"template":"","format":"standard","meta":{"footnotes":""},"categories":[60],"tags":[],"class_list":["post-17847","post","type-post","status-publish","format-standard","has-post-thumbnail","hentry","category-capa"],"_links":{"self":[{"href":"https:\/\/4cantosalagoas.com.br\/portal\/wp-json\/wp\/v2\/posts\/17847","targetHints":{"allow":["GET"]}}],"collection":[{"href":"https:\/\/4cantosalagoas.com.br\/portal\/wp-json\/wp\/v2\/posts"}],"about":[{"href":"https:\/\/4cantosalagoas.com.br\/portal\/wp-json\/wp\/v2\/types\/post"}],"author":[{"embeddable":true,"href":"https:\/\/4cantosalagoas.com.br\/portal\/wp-json\/wp\/v2\/users\/1"}],"replies":[{"embeddable":true,"href":"https:\/\/4cantosalagoas.com.br\/portal\/wp-json\/wp\/v2\/comments?post=17847"}],"version-history":[{"count":1,"href":"https:\/\/4cantosalagoas.com.br\/portal\/wp-json\/wp\/v2\/posts\/17847\/revisions"}],"predecessor-version":[{"id":17849,"href":"https:\/\/4cantosalagoas.com.br\/portal\/wp-json\/wp\/v2\/posts\/17847\/revisions\/17849"}],"wp:featuredmedia":[{"embeddable":true,"href":"https:\/\/4cantosalagoas.com.br\/portal\/wp-json\/wp\/v2\/media\/17848"}],"wp:attachment":[{"href":"https:\/\/4cantosalagoas.com.br\/portal\/wp-json\/wp\/v2\/media?parent=17847"}],"wp:term":[{"taxonomy":"category","embeddable":true,"href":"https:\/\/4cantosalagoas.com.br\/portal\/wp-json\/wp\/v2\/categories?post=17847"},{"taxonomy":"post_tag","embeddable":true,"href":"https:\/\/4cantosalagoas.com.br\/portal\/wp-json\/wp\/v2\/tags?post=17847"}],"curies":[{"name":"wp","href":"https:\/\/api.w.org\/{rel}","templated":true}]}}