{"id":17845,"date":"2022-04-18T08:00:18","date_gmt":"2022-04-18T11:00:18","guid":{"rendered":"http:\/\/4cantosalagoas.com.br\/portal\/?p=17845"},"modified":"2022-04-18T08:00:22","modified_gmt":"2022-04-18T11:00:22","slug":"mercado-da-producao-fecha-nesta-segunda-18-para-mutirao-de-limpeza","status":"publish","type":"post","link":"https:\/\/4cantosalagoas.com.br\/portal\/mercado-da-producao-fecha-nesta-segunda-18-para-mutirao-de-limpeza\/","title":{"rendered":"Mercado da Produ\u00e7\u00e3o fecha nesta segunda (18) para Mutir\u00e3o de Limpeza"},"content":{"rendered":"\n<figure class=\"wp-block-image\"><img fetchpriority=\"high\" decoding=\"async\" width=\"1024\" height=\"683\" src=\"http:\/\/4cantosalagoas.com.br\/portal\/wp-content\/uploads\/2021\/05\/mercado-especial-victor1-1024x683.jpg\" alt=\"\" class=\"wp-image-14830\" srcset=\"https:\/\/4cantosalagoas.com.br\/portal\/wp-content\/uploads\/2021\/05\/mercado-especial-victor1-1024x683.jpg 1024w, https:\/\/4cantosalagoas.com.br\/portal\/wp-content\/uploads\/2021\/05\/mercado-especial-victor1-300x200.jpg 300w, https:\/\/4cantosalagoas.com.br\/portal\/wp-content\/uploads\/2021\/05\/mercado-especial-victor1-768x512.jpg 768w, https:\/\/4cantosalagoas.com.br\/portal\/wp-content\/uploads\/2021\/05\/mercado-especial-victor1.jpg 1536w\" sizes=\"(max-width: 1024px) 100vw, 1024px\" \/><figcaption>Mercado da Produ\u00e7\u00e3o vai receber terceiro mutir\u00e3o de limpeza este ano \/ Foto: Victor Vercant\/Secom Macei\u00f3 <\/figcaption><\/figure>\n\n\n\n<p>Ap\u00f3s a Semana Santa, a equipe integrada da Prefeitura de Macei\u00f3 realiza, nesta segunda-feira (18), o Mutir\u00e3o de Limpeza no Mercado P\u00fablico da Produ\u00e7\u00e3o, no bairro Levada. Para a realiza\u00e7\u00e3o dos servi\u00e7os, o equipamento estar\u00e1 fechado.<\/p>\n\n\n\n<p>A iniciativa garante mais seguran\u00e7a sanit\u00e1ria para os trabalhadores, permission\u00e1rios e para o p\u00fablico em geral que frequenta o local.<\/p>\n\n\n\n<p>Ser\u00e3o realizados servi\u00e7os de varri\u00e7\u00e3o, lava\u00e7\u00e3o, desinfec\u00e7\u00e3o, desobstru\u00e7\u00e3o de galerias, pintura de meio fio, retirada de entulhos, entre outras a\u00e7\u00f5es que garantem a higieniza\u00e7\u00e3o do equipamento p\u00fablico. Al\u00e9m dos mutir\u00f5es, a limpeza regular do mercado p\u00fablico \u00e9 realizada diariamente.<\/p>\n\n\n\n<p>A execu\u00e7\u00e3o dos servi\u00e7os \u00e9 coordenada pela Semtabes, respons\u00e1vel pela administra\u00e7\u00e3o dos mercados, feiras e Centro Pesqueiro, e tem apoio da Secretaria Municipal de Infraestrutura (Seminfra) e das Superintend\u00eancias Municipais de Desenvolvimento Sustent\u00e1vel (Sudes) e de Energia e Ilumina\u00e7\u00e3o P\u00fablica (Sima).<\/p>\n\n\n\n<p>Assessoria<\/p>\n","protected":false},"excerpt":{"rendered":"<p>Ap\u00f3s a Semana Santa, a equipe integrada da Prefeitura de Macei\u00f3 realiza, nesta segunda-feira (18), o Mutir\u00e3o<\/p>\n","protected":false},"author":1,"featured_media":14830,"comment_status":"open","ping_status":"open","sticky":false,"template":"","format":"standard","meta":{"footnotes":""},"categories":[5],"tags":[],"class_list":["post-17845","post","type-post","status-publish","format-standard","has-post-thumbnail","hentry","category-maceio"],"_links":{"self":[{"href":"https:\/\/4cantosalagoas.com.br\/portal\/wp-json\/wp\/v2\/posts\/17845","targetHints":{"allow":["GET"]}}],"collection":[{"href":"https:\/\/4cantosalagoas.com.br\/portal\/wp-json\/wp\/v2\/posts"}],"about":[{"href":"https:\/\/4cantosalagoas.com.br\/portal\/wp-json\/wp\/v2\/types\/post"}],"author":[{"embeddable":true,"href":"https:\/\/4cantosalagoas.com.br\/portal\/wp-json\/wp\/v2\/users\/1"}],"replies":[{"embeddable":true,"href":"https:\/\/4cantosalagoas.com.br\/portal\/wp-json\/wp\/v2\/comments?post=17845"}],"version-history":[{"count":1,"href":"https:\/\/4cantosalagoas.com.br\/portal\/wp-json\/wp\/v2\/posts\/17845\/revisions"}],"predecessor-version":[{"id":17846,"href":"https:\/\/4cantosalagoas.com.br\/portal\/wp-json\/wp\/v2\/posts\/17845\/revisions\/17846"}],"wp:featuredmedia":[{"embeddable":true,"href":"https:\/\/4cantosalagoas.com.br\/portal\/wp-json\/wp\/v2\/media\/14830"}],"wp:attachment":[{"href":"https:\/\/4cantosalagoas.com.br\/portal\/wp-json\/wp\/v2\/media?parent=17845"}],"wp:term":[{"taxonomy":"category","embeddable":true,"href":"https:\/\/4cantosalagoas.com.br\/portal\/wp-json\/wp\/v2\/categories?post=17845"},{"taxonomy":"post_tag","embeddable":true,"href":"https:\/\/4cantosalagoas.com.br\/portal\/wp-json\/wp\/v2\/tags?post=17845"}],"curies":[{"name":"wp","href":"https:\/\/api.w.org\/{rel}","templated":true}]}}