{"id":17842,"date":"2022-04-18T07:56:28","date_gmt":"2022-04-18T10:56:28","guid":{"rendered":"http:\/\/4cantosalagoas.com.br\/portal\/?p=17842"},"modified":"2022-04-18T07:56:31","modified_gmt":"2022-04-18T10:56:31","slug":"pista-de-skate-da-pajucara-vai-ganhar-novas-cores-pelas-maos-do-artista-levy-paz","status":"publish","type":"post","link":"https:\/\/4cantosalagoas.com.br\/portal\/pista-de-skate-da-pajucara-vai-ganhar-novas-cores-pelas-maos-do-artista-levy-paz\/","title":{"rendered":"Pista de Skate da Paju\u00e7ara vai ganhar novas cores pelas m\u00e3os do artista Levy Paz"},"content":{"rendered":"\n<figure class=\"wp-block-image\"><img fetchpriority=\"high\" decoding=\"async\" width=\"850\" height=\"560\" src=\"http:\/\/4cantosalagoas.com.br\/portal\/wp-content\/uploads\/2022\/04\/12-04-22-Pista-de-Skate-Levy-Paz-Pajucara-EXEC-Antes-Foto-Itawi-Albuquerque-30.jpg\" alt=\"\" class=\"wp-image-17843\" srcset=\"https:\/\/4cantosalagoas.com.br\/portal\/wp-content\/uploads\/2022\/04\/12-04-22-Pista-de-Skate-Levy-Paz-Pajucara-EXEC-Antes-Foto-Itawi-Albuquerque-30.jpg 850w, https:\/\/4cantosalagoas.com.br\/portal\/wp-content\/uploads\/2022\/04\/12-04-22-Pista-de-Skate-Levy-Paz-Pajucara-EXEC-Antes-Foto-Itawi-Albuquerque-30-300x198.jpg 300w, https:\/\/4cantosalagoas.com.br\/portal\/wp-content\/uploads\/2022\/04\/12-04-22-Pista-de-Skate-Levy-Paz-Pajucara-EXEC-Antes-Foto-Itawi-Albuquerque-30-768x506.jpg 768w\" sizes=\"(max-width: 850px) 100vw, 850px\" \/><figcaption> <br><em>Artista mostra resultado da primeira pintura finalizada na pista de skate \/ Foto: Itawi Albuquerque<\/em> <\/figcaption><\/figure>\n\n\n\n<p>Esporte, skate, lazer, sa\u00fade. Foram esses quatro motivos que inspiraram o artista visual Levy Paz a criar as pinturas que ser\u00e3o estampadas nos equipamentos da Pista de Skate da Paju\u00e7ara, ao lado da Balan\u00e7a de Peixes.<\/p>\n\n\n\n<p>A interven\u00e7\u00e3o art\u00edstica j\u00e1 foi iniciada, com cores das mais diversas, porque como ressalta o artista, quanto mais colorido, mais alegre. A primeira parede pintada traz um \u201cnose grab\u201d, manobra bem conhecida entre os skatistas, em que o atleta salta e segura o skate com uma das m\u00e3os, e que ser\u00e1 inspira\u00e7\u00e3o para os frequentadores do lugar.<\/p>\n\n\n\n<p>Outras paredes e o piso tamb\u00e9m v\u00e3o receber cores e formas, elementos gr\u00e1ficos que lembram ondas, tabuleiros de xadrez e a pr\u00f3pria pr\u00e1tica do skate.<\/p>\n\n\n\n<figure class=\"wp-block-image\"><a href=\"https:\/\/maceioalgovbr.dhost.cloud\/uploads\/imagens\/12-04-22-Pista-de-Skate-Levy-Paz-Pajucara-EXEC-Antes-Foto-Itawi-Albuquerque-18.jpg\"><img decoding=\"async\" src=\"https:\/\/maceioalgovbr.dhost.cloud\/uploads\/imagens\/_300xAUTO_crop_center-center_none\/12-04-22-Pista-de-Skate-Levy-Paz-Pajucara-EXEC-Antes-Foto-Itawi-Albuquerque-18.jpg\" alt=\"Pinturas ter\u00e3o elementos o esporte e muitas cores \/ Foto: Itawi Albuquerque\"\/><\/a><figcaption>Pinturas ter\u00e3o elementos o esporte e muitas cores \/ Foto: Itawi Albuquerque<\/figcaption><\/figure>\n\n\n\n<p>Mas antes da primeira pincelada, um trabalho de formiguinha feito por trabalhadores da Superintend\u00eancia Municipal de Desenvolvimento Sustent\u00e1vel (Sudes) foi iniciado j\u00e1 h\u00e1 algumas semanas, para descascar a tinta antiga e deixar a \u201ctela\u201d em branco para o artista. E ele pretende aproveitar cada peda\u00e7o.<\/p>\n\n\n\n<p>\u201cPintar, desenhar, colorir, fazer muralismo \u00e9 o que eu fa\u00e7o, ent\u00e3o \u00e9 um prazer. A gente quer deixar o lugar bonito, um trabalho bem colorido, quanto mais cores, mais alegre fica, ent\u00e3o \u00e9 muito f\u00e1cil de fazer. Vou usar elementos do pr\u00f3prio esporte, o skate, e outras coisas mais l\u00fadicas\u201d, contou.<\/p>\n\n\n\n<p>Brasiliense, Levy Paz mora em Macei\u00f3 h\u00e1 mais de 30 anos e trabalha como artista visual h\u00e1 aproximadamente 15 anos. Ele foi escolhido para fazer a pintura por meio do edital do projeto \u201cColorir \u00e9 Legal\u201d, da Funda\u00e7\u00e3o Municipal de A\u00e7\u00e3o Cultural (FMAC).<\/p>\n\n\n\n<figure class=\"wp-block-image\"><a href=\"https:\/\/maceioalgovbr.dhost.cloud\/uploads\/imagens\/12-04-22-Pista-de-Skate-Levy-Paz-Pajucara-EXEC-Antes-Foto-Itawi-Albuquerque-20.jpg\"><img decoding=\"async\" src=\"https:\/\/maceioalgovbr.dhost.cloud\/uploads\/imagens\/_300xAUTO_crop_center-center_none\/12-04-22-Pista-de-Skate-Levy-Paz-Pajucara-EXEC-Antes-Foto-Itawi-Albuquerque-20.jpg\" alt=\"Foto: Itawi Albuquerque\"\/><\/a><figcaption>Foto: Itawi Albuquerque<\/figcaption><\/figure>\n\n\n\n<p>N\u00e3o \u00e9 a primeira vez que ele realiza uma interven\u00e7\u00e3o art\u00edstica custeada pelo Munic\u00edpio. No muro do Porto de Macei\u00f3, em Jaragu\u00e1, uma das 15 artes estampadas \u00e9 de autoria de Levy.<\/p>\n\n\n\n<p>Para ele, o incentivo da Prefeitura abre espa\u00e7o aos artistas para exporem seus trabalhos por toda a cidade, e o edital, ap\u00f3s a fase mais cr\u00edtica da pandemia de covid-19, foi importante para recuperar o f\u00f4lego dos profissionais do segmento.<\/p>\n\n\n\n<p>\u201cA pandemia foi o pior momento poss\u00edvel para os artistas, \u00e9 at\u00e9 ruim de dizer, foi cr\u00edtico. O edital agora, al\u00e9m de ser muito democr\u00e1tico, abre a possibilidade para os artistas participarem, quebrando aquela tradi\u00e7\u00e3o de serem sempre os mesmos, d\u00e1 oportunidade aos mais experientes e aos mais novos, isso \u00e9 democracia\u201d, elogia.<\/p>\n\n\n\n<p><strong>\u201cColorir \u00e9 Legal\u201d<\/strong><\/p>\n\n\n\n<p>O projeto da FMAC tem a parceria da Secretaria Municipal de Desenvolvimento Territorial (Sedet), que faz a indica\u00e7\u00e3o dos locais que recebem as interven\u00e7\u00f5es art\u00edsticas urbanas.<\/p>\n\n\n\n<p>A a\u00e7\u00e3o foi lan\u00e7ada em setembro do ano passado, para credenciar artistas que ir\u00e3o promover mudan\u00e7as visuais em espa\u00e7os p\u00fablicos da cidade. Por meio do edital, cada profissional selecionado ir\u00e1 receber R$ 120 por metro quadrado pintado.<\/p>\n\n\n\n<p>J\u00e1 passaram pelas interven\u00e7\u00f5es o Mirante de Ch\u00e3 de Bebedouro, pintado pelo artista Germano Lyra, o Munganga, e o Mercado do Artesanato, na Levada, pelas m\u00e3os da artista Joyce Nobre.<\/p>\n\n\n\n<p>Assessoria<\/p>\n","protected":false},"excerpt":{"rendered":"<p>Esporte, skate, lazer, sa\u00fade. Foram esses quatro motivos que inspiraram o artista visual Levy Paz a criar<\/p>\n","protected":false},"author":1,"featured_media":17843,"comment_status":"open","ping_status":"open","sticky":false,"template":"","format":"standard","meta":{"footnotes":""},"categories":[5],"tags":[],"class_list":["post-17842","post","type-post","status-publish","format-standard","has-post-thumbnail","hentry","category-maceio"],"_links":{"self":[{"href":"https:\/\/4cantosalagoas.com.br\/portal\/wp-json\/wp\/v2\/posts\/17842","targetHints":{"allow":["GET"]}}],"collection":[{"href":"https:\/\/4cantosalagoas.com.br\/portal\/wp-json\/wp\/v2\/posts"}],"about":[{"href":"https:\/\/4cantosalagoas.com.br\/portal\/wp-json\/wp\/v2\/types\/post"}],"author":[{"embeddable":true,"href":"https:\/\/4cantosalagoas.com.br\/portal\/wp-json\/wp\/v2\/users\/1"}],"replies":[{"embeddable":true,"href":"https:\/\/4cantosalagoas.com.br\/portal\/wp-json\/wp\/v2\/comments?post=17842"}],"version-history":[{"count":1,"href":"https:\/\/4cantosalagoas.com.br\/portal\/wp-json\/wp\/v2\/posts\/17842\/revisions"}],"predecessor-version":[{"id":17844,"href":"https:\/\/4cantosalagoas.com.br\/portal\/wp-json\/wp\/v2\/posts\/17842\/revisions\/17844"}],"wp:featuredmedia":[{"embeddable":true,"href":"https:\/\/4cantosalagoas.com.br\/portal\/wp-json\/wp\/v2\/media\/17843"}],"wp:attachment":[{"href":"https:\/\/4cantosalagoas.com.br\/portal\/wp-json\/wp\/v2\/media?parent=17842"}],"wp:term":[{"taxonomy":"category","embeddable":true,"href":"https:\/\/4cantosalagoas.com.br\/portal\/wp-json\/wp\/v2\/categories?post=17842"},{"taxonomy":"post_tag","embeddable":true,"href":"https:\/\/4cantosalagoas.com.br\/portal\/wp-json\/wp\/v2\/tags?post=17842"}],"curies":[{"name":"wp","href":"https:\/\/api.w.org\/{rel}","templated":true}]}}