{"id":17839,"date":"2022-04-18T07:50:09","date_gmt":"2022-04-18T10:50:09","guid":{"rendered":"http:\/\/4cantosalagoas.com.br\/portal\/?p=17839"},"modified":"2022-04-18T07:50:14","modified_gmt":"2022-04-18T10:50:14","slug":"prefeitura-vai-promover-feira-literaria-no-vergel-do-lago","status":"publish","type":"post","link":"https:\/\/4cantosalagoas.com.br\/portal\/prefeitura-vai-promover-feira-literaria-no-vergel-do-lago\/","title":{"rendered":"Prefeitura vai promover feira liter\u00e1ria no Vergel do Lago"},"content":{"rendered":"\n<figure class=\"wp-block-image\"><img fetchpriority=\"high\" decoding=\"async\" width=\"850\" height=\"560\" src=\"http:\/\/4cantosalagoas.com.br\/portal\/wp-content\/uploads\/2022\/04\/lagoa_mundau_2022-04-12-170255_xdex.jpeg\" alt=\"\" class=\"wp-image-17840\" srcset=\"https:\/\/4cantosalagoas.com.br\/portal\/wp-content\/uploads\/2022\/04\/lagoa_mundau_2022-04-12-170255_xdex.jpeg 850w, https:\/\/4cantosalagoas.com.br\/portal\/wp-content\/uploads\/2022\/04\/lagoa_mundau_2022-04-12-170255_xdex-300x198.jpeg 300w, https:\/\/4cantosalagoas.com.br\/portal\/wp-content\/uploads\/2022\/04\/lagoa_mundau_2022-04-12-170255_xdex-768x506.jpeg 768w\" sizes=\"(max-width: 850px) 100vw, 850px\" \/><figcaption> <br><em>At\u00e9 o final do ano outros nove bairros v\u00e3o ganhar feiras liter\u00e1rias. Foto: Edvan Ferreira\/Secom Macei\u00f3<\/em> <\/figcaption><\/figure>\n\n\n\n<p>Ap\u00f3s o sucesso da Feira Liter\u00e1ria do Pontal da Barra (Flipontal), a Prefeitura de Macei\u00f3 vai realizar no final de abril a Feira Liter\u00e1ria do Vergel do Lago (Flivergel). A a\u00e7\u00e3o soma-se a outras iniciativas do Munic\u00edpio no bairro.<\/p>\n\n\n\n<p>A Flivergel vai acontecer nos dias 27 e 29 de abril, tendo como refer\u00eancia a Escola Municipal Rui Palmeira. O evento vai contar com diversas atividades culturais e educativas espalhadas pelo bairro. A inten\u00e7\u00e3o \u00e9 levar a iniciativa a outras nove localidades de Macei\u00f3, at\u00e9 o final do ano.<\/p>\n\n\n\n<p>O secret\u00e1rio de Educa\u00e7\u00e3o de Macei\u00f3, professor Elder Maia, destaca a import\u00e2ncia dessas atividades. \u201c\u00c9 uma a\u00e7\u00e3o in\u00e9dita e extremamente importante, contemplando v\u00e1rios bairros. Isso \u00e9 muito significativo para essas comunidades e seu pertencimento e identidade\u201d, diz.<\/p>\n\n\n\n<p>Ser\u00e3o contemplados com as feiras liter\u00e1rias os bairros Vergel do Lago, Jacintinho, Cidade Universit\u00e1ria (Eustaquio Gomes e Graciliano Ramos), Cruz das Almas, Ipioca, Po\u00e7o (Reginaldo), Trapiche da Barra e Fern\u00e3o Velho. O calend\u00e1rio completo com o nome das escolas anfitri\u00e3s pode ser conferido no&nbsp;<a href=\"https:\/\/maceio.al.gov.br\/uploads\/documentos\/feiras-literarias.pdf\">link<\/a>.<\/p>\n\n\n\n<p><strong>Flivergel<\/strong><\/p>\n\n\n\n<p>Os moradores e visitantes v\u00e3o poder desfrutar de palestras, atividades culturais e oficinas liter\u00e1rias, al\u00e9m de experimentar a tradicional gastronomia que tem o sururu como iguaria principal.<\/p>\n\n\n\n<p>\u201cTeremos conta\u00e7\u00f5es de hist\u00f3rias, palestras e atividades acad\u00eamicas para os mais diversos p\u00fablicos, que vai atender toda a comunidade\u201d, pontua o secret\u00e1rio.<\/p>\n\n\n\n<p>A promo\u00e7\u00e3o da leitura entre a comunidade e os estudantes \u00e9 um dos objetivos principais das feiras liter\u00e1rias. As a\u00e7\u00f5es est\u00e3o integradas com a Olimp\u00edada de L\u00edngua Portuguesa promovida pela Secretaria Municipal de Educa\u00e7\u00e3o (Semed), a primeira do Munic\u00edpio e que tem a literatura alagoana como refer\u00eancia.<\/p>\n\n\n\n<p>A Prefeitura investe na promo\u00e7\u00e3o de espa\u00e7os de lazer e recrea\u00e7\u00e3o no Vergel, como a Rua Aberta e a revitaliza\u00e7\u00e3o da orla lagunar.<\/p>\n\n\n\n<p><strong>Creche no Vergel<\/strong><\/p>\n\n\n\n<p>O Vergel do Lago foi contemplado, no ano passado, com um novo Centro Municipal de Educa\u00e7\u00e3o Infantil (CMEI), o Walter Pitombo Laranjeiras, que atende centenas de fam\u00edlias da regi\u00e3o. A creche \u00e9 um local seguro em que os pais podem deixar seus filhos enquanto trabalham.<\/p>\n\n\n\n<p>Assessoria<\/p>\n","protected":false},"excerpt":{"rendered":"<p>Ap\u00f3s o sucesso da Feira Liter\u00e1ria do Pontal da Barra (Flipontal), a Prefeitura de Macei\u00f3 vai realizar<\/p>\n","protected":false},"author":1,"featured_media":17840,"comment_status":"open","ping_status":"open","sticky":false,"template":"","format":"standard","meta":{"footnotes":""},"categories":[60],"tags":[],"class_list":["post-17839","post","type-post","status-publish","format-standard","has-post-thumbnail","hentry","category-capa"],"_links":{"self":[{"href":"https:\/\/4cantosalagoas.com.br\/portal\/wp-json\/wp\/v2\/posts\/17839","targetHints":{"allow":["GET"]}}],"collection":[{"href":"https:\/\/4cantosalagoas.com.br\/portal\/wp-json\/wp\/v2\/posts"}],"about":[{"href":"https:\/\/4cantosalagoas.com.br\/portal\/wp-json\/wp\/v2\/types\/post"}],"author":[{"embeddable":true,"href":"https:\/\/4cantosalagoas.com.br\/portal\/wp-json\/wp\/v2\/users\/1"}],"replies":[{"embeddable":true,"href":"https:\/\/4cantosalagoas.com.br\/portal\/wp-json\/wp\/v2\/comments?post=17839"}],"version-history":[{"count":1,"href":"https:\/\/4cantosalagoas.com.br\/portal\/wp-json\/wp\/v2\/posts\/17839\/revisions"}],"predecessor-version":[{"id":17841,"href":"https:\/\/4cantosalagoas.com.br\/portal\/wp-json\/wp\/v2\/posts\/17839\/revisions\/17841"}],"wp:featuredmedia":[{"embeddable":true,"href":"https:\/\/4cantosalagoas.com.br\/portal\/wp-json\/wp\/v2\/media\/17840"}],"wp:attachment":[{"href":"https:\/\/4cantosalagoas.com.br\/portal\/wp-json\/wp\/v2\/media?parent=17839"}],"wp:term":[{"taxonomy":"category","embeddable":true,"href":"https:\/\/4cantosalagoas.com.br\/portal\/wp-json\/wp\/v2\/categories?post=17839"},{"taxonomy":"post_tag","embeddable":true,"href":"https:\/\/4cantosalagoas.com.br\/portal\/wp-json\/wp\/v2\/tags?post=17839"}],"curies":[{"name":"wp","href":"https:\/\/api.w.org\/{rel}","templated":true}]}}