{"id":17837,"date":"2022-04-18T07:47:25","date_gmt":"2022-04-18T10:47:25","guid":{"rendered":"http:\/\/4cantosalagoas.com.br\/portal\/?p=17837"},"modified":"2022-04-18T07:47:29","modified_gmt":"2022-04-18T10:47:29","slug":"autor-de-duplo-homicidio-em-maribondo-ja-esta-preso","status":"publish","type":"post","link":"https:\/\/4cantosalagoas.com.br\/portal\/autor-de-duplo-homicidio-em-maribondo-ja-esta-preso\/","title":{"rendered":"Autor de duplo homic\u00eddio em Maribondo j\u00e1 est\u00e1 preso"},"content":{"rendered":"\n<figure class=\"wp-block-image\"><img fetchpriority=\"high\" decoding=\"async\" width=\"724\" height=\"424\" src=\"http:\/\/4cantosalagoas.com.br\/portal\/wp-content\/uploads\/2020\/10\/PC_Cra\u00edbas.thumbnail.jpg\" alt=\"\" class=\"wp-image-12897\" srcset=\"https:\/\/4cantosalagoas.com.br\/portal\/wp-content\/uploads\/2020\/10\/PC_Cra\u00edbas.thumbnail.jpg 724w, https:\/\/4cantosalagoas.com.br\/portal\/wp-content\/uploads\/2020\/10\/PC_Cra\u00edbas.thumbnail-300x176.jpg 300w\" sizes=\"(max-width: 724px) 100vw, 724px\" \/><figcaption>Assessoria<\/figcaption><\/figure>\n\n\n\n<p> A celeridade e o trabalho de investiga\u00e7\u00e3o da Pol\u00edcia Civil de Alagoas levaram\u00a0a pris\u00e3o do\u00a0autor do duplo homic\u00eddio, ocorrido na noite da \u00faltima quarta-feira (13), no munic\u00edpio de Maribondo.<br><\/p>\n\n\n\n<p>Logo ap\u00f3s o crime, que vitimou dois homens de 47 e 67 anos de idade, a equipe Plantonista da Delegacia Regional de Vi\u00e7osa, comandada pelo delegado titular Fabricio Nascimento, realizou diversas dilig\u00eancias e conseguiu identificar o homem que praticou os crimes.<br><\/p>\n\n\n\n<p>Identificado o autor, a Pol\u00edcia Civil, por meio da autoridade policial, fez a devida representa\u00e7\u00e3o solicitando a pris\u00e3o preventiva do mesmo. Com isso, na tarde de sexta-feira (15), a Justi\u00e7a acatou o pedido da Pol\u00edcia e o Juizo de Direito, da Vara Plantonista da 2\u00aa Circunscri\u00e7\u00e3o, expediu o mandado, assinado pela ju\u00edza Marcella Pontes Garcia.<br><\/p>\n\n\n\n<p>De posse dos mandados, as equipes da Delegacia Regional de Vi\u00e7osa, de Maribondo e da Assessoria de Intelig\u00eancia da Delegacia Geral, deram sequ\u00eancia \u00e0s dilig\u00eancias ininterruptas, com o objetivo de cumprir o Mandado de Pris\u00e3o.<br><\/p>\n\n\n\n<p>\u201cAs buscas ao suspeito perduraram at\u00e9 a tarde deste domingo (17), quando o advogado do autor apresentou o mesmo na Central de Flagrantes 1, em Macei\u00f3, onde foi dado cumprimento ao Mandado de Pris\u00e3o Preventiva\u201d, disse o delegado Fabricio Nascimento.<br><\/p>\n\n\n\n<p>\u201cA princ\u00edpio o autor alegou estar passando por problemas psiqui\u00e1tricos. Mas os detalhes sobre a motiva\u00e7\u00e3o dos crimes, e a finaliza\u00e7\u00e3o do inqu\u00e9rito ser\u00e3o conclu\u00eddos pela Delegacia do munic\u00edpio de Maribondo, local onde ocorreram os homic\u00eddios\u2019, concluiu a autoridade policial, titular da Delegacia Regional de Vi\u00e7osa.<br><\/p>\n\n\n\n<p>Familiar, de uma das v\u00edtimas, encaminhou \u00e1udio para a Pol\u00edcia Civil agradecendo pelo empenho no esclarecimento do caso. <\/p>\n\n\n\n<p>Assessoria<\/p>\n","protected":false},"excerpt":{"rendered":"<p>A celeridade e o trabalho de investiga\u00e7\u00e3o da Pol\u00edcia Civil de Alagoas levaram\u00a0a pris\u00e3o do\u00a0autor do duplo<\/p>\n","protected":false},"author":1,"featured_media":12897,"comment_status":"open","ping_status":"open","sticky":false,"template":"","format":"standard","meta":{"footnotes":""},"categories":[60],"tags":[],"class_list":["post-17837","post","type-post","status-publish","format-standard","has-post-thumbnail","hentry","category-capa"],"_links":{"self":[{"href":"https:\/\/4cantosalagoas.com.br\/portal\/wp-json\/wp\/v2\/posts\/17837","targetHints":{"allow":["GET"]}}],"collection":[{"href":"https:\/\/4cantosalagoas.com.br\/portal\/wp-json\/wp\/v2\/posts"}],"about":[{"href":"https:\/\/4cantosalagoas.com.br\/portal\/wp-json\/wp\/v2\/types\/post"}],"author":[{"embeddable":true,"href":"https:\/\/4cantosalagoas.com.br\/portal\/wp-json\/wp\/v2\/users\/1"}],"replies":[{"embeddable":true,"href":"https:\/\/4cantosalagoas.com.br\/portal\/wp-json\/wp\/v2\/comments?post=17837"}],"version-history":[{"count":1,"href":"https:\/\/4cantosalagoas.com.br\/portal\/wp-json\/wp\/v2\/posts\/17837\/revisions"}],"predecessor-version":[{"id":17838,"href":"https:\/\/4cantosalagoas.com.br\/portal\/wp-json\/wp\/v2\/posts\/17837\/revisions\/17838"}],"wp:featuredmedia":[{"embeddable":true,"href":"https:\/\/4cantosalagoas.com.br\/portal\/wp-json\/wp\/v2\/media\/12897"}],"wp:attachment":[{"href":"https:\/\/4cantosalagoas.com.br\/portal\/wp-json\/wp\/v2\/media?parent=17837"}],"wp:term":[{"taxonomy":"category","embeddable":true,"href":"https:\/\/4cantosalagoas.com.br\/portal\/wp-json\/wp\/v2\/categories?post=17837"},{"taxonomy":"post_tag","embeddable":true,"href":"https:\/\/4cantosalagoas.com.br\/portal\/wp-json\/wp\/v2\/tags?post=17837"}],"curies":[{"name":"wp","href":"https:\/\/api.w.org\/{rel}","templated":true}]}}