{"id":17802,"date":"2022-04-11T18:12:00","date_gmt":"2022-04-11T21:12:00","guid":{"rendered":"http:\/\/4cantosalagoas.com.br\/portal\/?p=17802"},"modified":"2022-04-11T18:12:04","modified_gmt":"2022-04-11T21:12:04","slug":"trechos-das-avenidas-gustavo-paiva-e-da-paz-passam-por-intervencoes-de-pavimentacao","status":"publish","type":"post","link":"https:\/\/4cantosalagoas.com.br\/portal\/trechos-das-avenidas-gustavo-paiva-e-da-paz-passam-por-intervencoes-de-pavimentacao\/","title":{"rendered":"Trechos das Avenidas Gustavo Paiva e da Paz passam por interven\u00e7\u00f5es de pavimenta\u00e7\u00e3o"},"content":{"rendered":"\n<figure class=\"wp-block-image\"><img fetchpriority=\"high\" decoding=\"async\" width=\"850\" height=\"560\" src=\"http:\/\/4cantosalagoas.com.br\/portal\/wp-content\/uploads\/2022\/04\/d3.jpg\" alt=\"\" class=\"wp-image-17803\" srcset=\"https:\/\/4cantosalagoas.com.br\/portal\/wp-content\/uploads\/2022\/04\/d3.jpg 850w, https:\/\/4cantosalagoas.com.br\/portal\/wp-content\/uploads\/2022\/04\/d3-300x198.jpg 300w, https:\/\/4cantosalagoas.com.br\/portal\/wp-content\/uploads\/2022\/04\/d3-768x506.jpg 768w\" sizes=\"(max-width: 850px) 100vw, 850px\" \/><figcaption> <br><em>Vias ser\u00e3o interditadas para recomposi\u00e7\u00e3o asf\u00e1ltica. Foto: Itawi Albuquerque \/ Secom Macei\u00f3.<\/em> <\/figcaption><\/figure>\n\n\n\n<p>Devido \u00e0s obras do Projeto Renasce Salgadinho, um trecho das Avenidas Gustavo Paiva e Avenida da Paz ser\u00e3o parcialmente interditadas, nesta segunda (11) e ter\u00e7a-feira (12) a partir das 22h, para que passem por interven\u00e7\u00f5es de recomposi\u00e7\u00e3o da pavimenta\u00e7\u00e3o. Al\u00e9m disso, a Avenida Gustavo Paiva tamb\u00e9m segue com a interdi\u00e7\u00e3o total para implanta\u00e7\u00e3o de esgotamento sanit\u00e1rio, no&nbsp; per\u00edodo noturno, das 22h \u00e0s 5h, do trecho que vai do Macei\u00f3 Shopping a Sococo (<a href=\"https:\/\/maceio.al.gov.br\/noticias\/smtt\/trecho-da-gustavo-paiva-sera-totalmente-interditado-no-turno-da-noite-a-partir-desta-quinta-31\" target=\"_blank\" rel=\"noreferrer noopener\">veja rotas alternativas<\/a>).<\/p>\n\n\n\n<p>A previs\u00e3o \u00e9 que os servi\u00e7os sejam executados at\u00e9 o final da madrugada. Agentes da Superintend\u00eancia Municipal de Transportes e Tr\u00e2nsito (SMTT) estar\u00e3o no local para prestar apoio vi\u00e1rio e garantir a fluidez do tr\u00e2nsito.<\/p>\n\n\n\n<figure class=\"wp-block-image\"><a href=\"https:\/\/maceioalgovbr.dhost.cloud\/uploads\/imagens\/31-03-22-Renasce-Salgadinho-Interdicao-Vias-UGP-Foto-Celio-Junior-5.jpg\"><img decoding=\"async\" src=\"https:\/\/maceioalgovbr.dhost.cloud\/uploads\/imagens\/_845x560_crop_center-center_none\/31-03-22-Renasce-Salgadinho-Interdicao-Vias-UGP-Foto-Celio-Junior-5.jpg\" alt=\"Avenida da Paz tamb\u00e9m receber\u00e1 a\u00e7\u00f5es. Foto: C\u00e9lio J\u00fanior\/Secom Macei\u00f3.\"\/><\/a><figcaption>Avenida da Paz tamb\u00e9m receber\u00e1 a\u00e7\u00f5es. Foto: C\u00e9lio J\u00fanior\/Secom Macei\u00f3.<\/figcaption><\/figure>\n\n\n\n<p>O coordenador da Unidade de Gerenciamento do Programa Macei\u00f3 Tem Pressa, Marcelo Maia, explicou como funcionam os servi\u00e7os e destacou que apesar dos transtornos, a obra \u00e9 importante para o Munic\u00edpio.<\/p>\n\n\n\n<p>\u201cDurante a madrugada estamos abrindo o asfalto, para fazer a implanta\u00e7\u00e3o da tubula\u00e7\u00e3o de esgotamento sanit\u00e1rio, e posteriormente durante o dia, estaremos executando a etapa de recomposi\u00e7\u00e3o da pavimenta\u00e7\u00e3o, com o objetivo de deixar a via totalmente transit\u00e1vel para os condutores que circulam pela regi\u00e3o. Entendemos que toda obra provoca alguns transtornos, mas pedimos a compreens\u00e3o dos maceioenses, pois a obra do Renasce Salgadinho \u00e9 muito importante e trar\u00e1 muitos benef\u00edcios para nossa cidade\u201d, disse.<\/p>\n\n\n\n<p>Assessoria<\/p>\n","protected":false},"excerpt":{"rendered":"<p>Devido \u00e0s obras do Projeto Renasce Salgadinho, um trecho das Avenidas Gustavo Paiva e Avenida da Paz<\/p>\n","protected":false},"author":1,"featured_media":17803,"comment_status":"open","ping_status":"open","sticky":false,"template":"","format":"standard","meta":{"footnotes":""},"categories":[5],"tags":[],"class_list":["post-17802","post","type-post","status-publish","format-standard","has-post-thumbnail","hentry","category-maceio"],"_links":{"self":[{"href":"https:\/\/4cantosalagoas.com.br\/portal\/wp-json\/wp\/v2\/posts\/17802","targetHints":{"allow":["GET"]}}],"collection":[{"href":"https:\/\/4cantosalagoas.com.br\/portal\/wp-json\/wp\/v2\/posts"}],"about":[{"href":"https:\/\/4cantosalagoas.com.br\/portal\/wp-json\/wp\/v2\/types\/post"}],"author":[{"embeddable":true,"href":"https:\/\/4cantosalagoas.com.br\/portal\/wp-json\/wp\/v2\/users\/1"}],"replies":[{"embeddable":true,"href":"https:\/\/4cantosalagoas.com.br\/portal\/wp-json\/wp\/v2\/comments?post=17802"}],"version-history":[{"count":1,"href":"https:\/\/4cantosalagoas.com.br\/portal\/wp-json\/wp\/v2\/posts\/17802\/revisions"}],"predecessor-version":[{"id":17804,"href":"https:\/\/4cantosalagoas.com.br\/portal\/wp-json\/wp\/v2\/posts\/17802\/revisions\/17804"}],"wp:featuredmedia":[{"embeddable":true,"href":"https:\/\/4cantosalagoas.com.br\/portal\/wp-json\/wp\/v2\/media\/17803"}],"wp:attachment":[{"href":"https:\/\/4cantosalagoas.com.br\/portal\/wp-json\/wp\/v2\/media?parent=17802"}],"wp:term":[{"taxonomy":"category","embeddable":true,"href":"https:\/\/4cantosalagoas.com.br\/portal\/wp-json\/wp\/v2\/categories?post=17802"},{"taxonomy":"post_tag","embeddable":true,"href":"https:\/\/4cantosalagoas.com.br\/portal\/wp-json\/wp\/v2\/tags?post=17802"}],"curies":[{"name":"wp","href":"https:\/\/api.w.org\/{rel}","templated":true}]}}