{"id":17770,"date":"2022-04-07T10:14:00","date_gmt":"2022-04-07T13:14:00","guid":{"rendered":"http:\/\/4cantosalagoas.com.br\/portal\/?p=17770"},"modified":"2022-04-07T10:14:04","modified_gmt":"2022-04-07T13:14:04","slug":"renasce-salgadinho-avenida-humberto-mendes-sera-interditada-a-partir-desta-sexta-8","status":"publish","type":"post","link":"https:\/\/4cantosalagoas.com.br\/portal\/renasce-salgadinho-avenida-humberto-mendes-sera-interditada-a-partir-desta-sexta-8\/","title":{"rendered":"Renasce Salgadinho: Avenida Humberto Mendes ser\u00e1 interditada a partir desta sexta (8)"},"content":{"rendered":"\n<figure class=\"wp-block-image\"><img fetchpriority=\"high\" decoding=\"async\" width=\"850\" height=\"560\" src=\"http:\/\/4cantosalagoas.com.br\/portal\/wp-content\/uploads\/2022\/04\/33.jpg\" alt=\"\" class=\"wp-image-17771\" srcset=\"https:\/\/4cantosalagoas.com.br\/portal\/wp-content\/uploads\/2022\/04\/33.jpg 850w, https:\/\/4cantosalagoas.com.br\/portal\/wp-content\/uploads\/2022\/04\/33-300x198.jpg 300w, https:\/\/4cantosalagoas.com.br\/portal\/wp-content\/uploads\/2022\/04\/33-768x506.jpg 768w\" sizes=\"(max-width: 850px) 100vw, 850px\" \/><figcaption> <br><em>Via ser\u00e1 interditada no per\u00edodo diurno. Foto: C\u00e9lio J\u00fanior \/ Secom Macei\u00f3<\/em> <\/figcaption><\/figure>\n\n\n\n<p>A partir desta sexta-feira (8), um trecho da Avenida Humberto Mendes, no bairro Po\u00e7o, que vai da Foz do Salgadinho at\u00e9 a linha f\u00e9rrea, passar\u00e1 por uma interdi\u00e7\u00e3o total da via, no per\u00edodo diurno, das 7h \u00e0s 17h. A etapa da obra deve durar 30 dias.<\/p>\n\n\n\n<p>Ap\u00f3s a conclus\u00e3o deste trecho, os trabalhos ser\u00e3o iniciados na mesma via, mas ap\u00f3s a linha f\u00e9rrea (pr\u00f3ximo a uma borracharia) at\u00e9 o Viaduto Ib Gatto Falc\u00e3o, tamb\u00e9m com previs\u00e3o de mais 30 dias de interven\u00e7\u00f5es. As obras ser\u00e3o para implanta\u00e7\u00e3o da rede de esgotamento sanit\u00e1rio.<\/p>\n\n\n\n<figure class=\"wp-block-image\"><a href=\"https:\/\/maceioalgovbr.dhost.cloud\/uploads\/imagens\/31-03-22-Renasce-Salgadinho-interdicao-Fotos-Barbara-Wanderley-03.jpg\"><img decoding=\"async\" src=\"https:\/\/maceioalgovbr.dhost.cloud\/uploads\/imagens\/_845x560_crop_center-center_none\/31-03-22-Renasce-Salgadinho-interdicao-Fotos-Barbara-Wanderley-03.jpg\" alt=\"Avenida Deputado Humberto Mendes. Foto: B\u00e1rbara Wanderley\/Secom Macei\u00f3.\"\/><\/a><figcaption>Avenida Deputado Humberto Mendes. Foto: B\u00e1rbara Wanderley\/Secom Macei\u00f3.<\/figcaption><\/figure>\n\n\n\n<p>Ainda durante o per\u00edodo de trabalho, a regi\u00e3o contar\u00e1 com isolamento e sinaliza\u00e7\u00e3o do local, atendendo a todos os protocolos de seguran\u00e7a operacional. Fora do hor\u00e1rio da interdi\u00e7\u00e3o a circula\u00e7\u00e3o de ve\u00edculos estar\u00e1 normalizada.<\/p>\n\n\n\n<figure class=\"wp-block-image\"><a href=\"https:\/\/maceioalgovbr.dhost.cloud\/uploads\/imagens\/WhatsApp-Image-2022-04-04-at-12.21.14_2022-04-06-150630_gmpp.jpeg\"><img decoding=\"async\" src=\"https:\/\/maceioalgovbr.dhost.cloud\/uploads\/imagens\/_845x560_crop_center-center_none\/WhatsApp-Image-2022-04-04-at-12.21.14_2022-04-06-150630_gmpp.jpeg\" alt=\"\"\/><\/a><\/figure>\n\n\n\n<p><strong>Como fica o tr\u00e2nsito no local<\/strong><\/p>\n\n\n\n<p>A obra est\u00e1 dividida em cinco trechos compreendendo a Avenida Humberto Mendes em pontos espec\u00edficos.&nbsp;<strong>S\u00e3o eles:<\/strong><\/p>\n\n\n\n<p>O primeiro ser\u00e1 entre a Avenida da Paz e a Rua Silv\u00e9rio Jorge.<\/p>\n\n\n\n<p>O segundo entre a Rua Silv\u00e9rio Jorge e a Rua Costa Leite.<\/p>\n\n\n\n<p>O terceiro vai da Rua Costa Leite at\u00e9 a Rua Alcino Casado.<\/p>\n\n\n\n<p>O quarto ocorrer\u00e1 da Rua Alcino Casado at\u00e9 a Travessa Nossa Senhora do Carmo.<\/p>\n\n\n\n<p>O quinto ser\u00e1 da Travessa Nossa Senhora do Carmo at\u00e9 a Rua Godofredo Ferro.<\/p>\n\n\n\n<p>A sugest\u00e3o de rota alternativa \u00e9 que os condutores sigam pela Avenida Humberto Mendes e em seguida peguem a rua Buarque de Macedo para acessar outras vias. Equipes volantes da SMTT far\u00e3o rondas pela \u00e1rea para que a seguran\u00e7a vi\u00e1ria dos maceioenses que utilizam a avenida seja assegurada.<\/p>\n\n\n\n<p>Assesssoria<\/p>\n","protected":false},"excerpt":{"rendered":"<p>A partir desta sexta-feira (8), um trecho da Avenida Humberto Mendes, no bairro Po\u00e7o, que vai da<\/p>\n","protected":false},"author":1,"featured_media":17771,"comment_status":"open","ping_status":"open","sticky":false,"template":"","format":"standard","meta":{"footnotes":""},"categories":[60],"tags":[],"class_list":["post-17770","post","type-post","status-publish","format-standard","has-post-thumbnail","hentry","category-capa"],"_links":{"self":[{"href":"https:\/\/4cantosalagoas.com.br\/portal\/wp-json\/wp\/v2\/posts\/17770","targetHints":{"allow":["GET"]}}],"collection":[{"href":"https:\/\/4cantosalagoas.com.br\/portal\/wp-json\/wp\/v2\/posts"}],"about":[{"href":"https:\/\/4cantosalagoas.com.br\/portal\/wp-json\/wp\/v2\/types\/post"}],"author":[{"embeddable":true,"href":"https:\/\/4cantosalagoas.com.br\/portal\/wp-json\/wp\/v2\/users\/1"}],"replies":[{"embeddable":true,"href":"https:\/\/4cantosalagoas.com.br\/portal\/wp-json\/wp\/v2\/comments?post=17770"}],"version-history":[{"count":1,"href":"https:\/\/4cantosalagoas.com.br\/portal\/wp-json\/wp\/v2\/posts\/17770\/revisions"}],"predecessor-version":[{"id":17772,"href":"https:\/\/4cantosalagoas.com.br\/portal\/wp-json\/wp\/v2\/posts\/17770\/revisions\/17772"}],"wp:featuredmedia":[{"embeddable":true,"href":"https:\/\/4cantosalagoas.com.br\/portal\/wp-json\/wp\/v2\/media\/17771"}],"wp:attachment":[{"href":"https:\/\/4cantosalagoas.com.br\/portal\/wp-json\/wp\/v2\/media?parent=17770"}],"wp:term":[{"taxonomy":"category","embeddable":true,"href":"https:\/\/4cantosalagoas.com.br\/portal\/wp-json\/wp\/v2\/categories?post=17770"},{"taxonomy":"post_tag","embeddable":true,"href":"https:\/\/4cantosalagoas.com.br\/portal\/wp-json\/wp\/v2\/tags?post=17770"}],"curies":[{"name":"wp","href":"https:\/\/api.w.org\/{rel}","templated":true}]}}