{"id":17735,"date":"2022-04-02T07:29:54","date_gmt":"2022-04-02T10:29:54","guid":{"rendered":"http:\/\/4cantosalagoas.com.br\/portal\/?p=17735"},"modified":"2022-04-02T07:29:58","modified_gmt":"2022-04-02T10:29:58","slug":"dois-pontos-fixos-abrem-domingo-3-para-vacinacao-de-criancas-e-idosos-contra-a-covid-19","status":"publish","type":"post","link":"https:\/\/4cantosalagoas.com.br\/portal\/dois-pontos-fixos-abrem-domingo-3-para-vacinacao-de-criancas-e-idosos-contra-a-covid-19\/","title":{"rendered":"Dois pontos fixos abrem domingo (3) para vacina\u00e7\u00e3o de crian\u00e7as e idosos contra a Covid-19"},"content":{"rendered":"\n<figure class=\"wp-block-image\"><img fetchpriority=\"high\" decoding=\"async\" width=\"850\" height=\"560\" src=\"http:\/\/4cantosalagoas.com.br\/portal\/wp-content\/uploads\/2022\/04\/vacinacao-crianca.jpeg\" alt=\"\" class=\"wp-image-17736\" srcset=\"https:\/\/4cantosalagoas.com.br\/portal\/wp-content\/uploads\/2022\/04\/vacinacao-crianca.jpeg 850w, https:\/\/4cantosalagoas.com.br\/portal\/wp-content\/uploads\/2022\/04\/vacinacao-crianca-300x198.jpeg 300w, https:\/\/4cantosalagoas.com.br\/portal\/wp-content\/uploads\/2022\/04\/vacinacao-crianca-768x506.jpeg 768w\" sizes=\"(max-width: 850px) 100vw, 850px\" \/><figcaption>Assessoria<\/figcaption><\/figure>\n\n\n\n<p>A Prefeitura de Macei\u00f3 mant\u00e9m dois pontos fixos de vacina\u00e7\u00e3o contra a Covid-19 em funcionamento, neste domingo (3), para refor\u00e7ar a vacina\u00e7\u00e3o de crian\u00e7as de 5 a 11 anos e a aplica\u00e7\u00e3o da 4\u00aa dose das vacinas para idosos de 60 anos ou mais.<\/p>\n\n\n\n<p>Os pontos fixos que abrir\u00e3o no domingo para estes dois p\u00fablicos s\u00e3o os que funcionam no Macei\u00f3 Shopping, em Mangabeiras, al\u00e9m do Terminal do Osman Loureiro, no Clima Bom. Os dois pontos funcionar\u00e3o das 9h \u00e0s 16h, atendendo exclusivamente crian\u00e7as e idosos.<\/p>\n\n\n\n<p>As crian\u00e7as tamb\u00e9m contam, no domingo (3), com o ponto do P\u00e1tio Shopping, na Cidade Universit\u00e1ria, que abre das 12h \u00e0s 18h nesse dia.<\/p>\n\n\n\n<p>Adultos e idosos podem se vacinar, no domingo (3), no ponto instalado no Centro de Atendimento ao Turista (CAT) da Ponta Verde, pr\u00f3ximo ao espa\u00e7o Macei\u00f3 \u00e9 Massa.<\/p>\n\n\n\n<p>\u201cEstamos avan\u00e7ando na vacina\u00e7\u00e3o infantil, mas ainda tem muitos meninos e meninas que n\u00e3o tomaram nem a primeira, nem a segunda dose. Ent\u00e3o o Munic\u00edpio est\u00e1 fazendo mais esse esfor\u00e7o, que \u00e9 a abertura de dois pontos grandes no domingo, para que as pessoas levem seus filhos, seus sobrinhos, seus netos. E nesse domingo, vamos refor\u00e7ar tamb\u00e9m a quarta dose para as pessoas idosas\u201d, convida o coordenador da vacina\u00e7\u00e3o contra a covid-19 em Macei\u00f3, Claydson Moura.<\/p>\n\n\n\n<figure class=\"wp-block-image\"><a href=\"https:\/\/maceioalgovbr.dhost.cloud\/uploads\/imagens\/VACINACAO-IDOSOS-REFORCO-15_2022-04-01-181736_rupk.jpeg\"><img decoding=\"async\" src=\"https:\/\/maceioalgovbr.dhost.cloud\/uploads\/imagens\/_845xAUTO_crop_center-center_none\/VACINACAO-IDOSOS-REFORCO-15_2022-04-01-181736_rupk.jpeg\" alt=\"Pontos do Macei\u00f3 Shopping e do Terminal do Osman Loureiro vacina idosos e crian\u00e7as neste domingo. Foto: Ascom SMS\"\/><\/a><figcaption>Pontos do Macei\u00f3 Shopping e do Terminal do Osman Loureiro vacina idosos e crian\u00e7as neste domingo. Foto: Ascom SMS<\/figcaption><\/figure>\n\n\n\n<p>A Ger\u00eancia de Imuniza\u00e7\u00e3o da Prefeitura de Macei\u00f3 orienta os pais e respons\u00e1veis das crian\u00e7as que forem se vacinar contra a Covid-19 a atentar para a documenta\u00e7\u00e3o necess\u00e1ria para a vacina\u00e7\u00e3o infantil.<\/p>\n\n\n\n<p>Para a vacina\u00e7\u00e3o do p\u00fablico de 5 a 11 anos, \u00e9 necess\u00e1rio que as crian\u00e7as estejam acompanhadas dos pais ou de adulto respons\u00e1vel. Os pais devem apresentar o pr\u00f3prio documento de identifica\u00e7\u00e3o com foto, CPF e documenta\u00e7\u00e3o da crian\u00e7a, que deve ser RG ou Certid\u00e3o de Nascimento, Caderneta de Vacina\u00e7\u00e3o e CPF ou Cart\u00e3o SUS.<\/p>\n\n\n\n<p>Caso os pais n\u00e3o estejam presentes, \u00e9 necess\u00e1rio o preenchimento do TERMO DE ASSENTIMENTO PARA ADMINISTRA\u00c7\u00c3O DA VACINA INFANTIL, al\u00e9m da c\u00f3pia do documento de identifica\u00e7\u00e3o do pai ou m\u00e3e, que ficar\u00e1 retido no ato da vacina\u00e7\u00e3o. Por fim, a Caderneta de Vacina\u00e7\u00e3o da crian\u00e7a e o CPF ou Cart\u00e3o SUS.<\/p>\n\n\n\n<p><a href=\"https:\/\/maceio.al.gov.br\/uploads\/documentos\/Termo-de-ASSENTIMENTO-para-o-publico-infantil-de-5-a-11-anos_-atualizado.pdf\" target=\"_blank\" rel=\"noreferrer noopener\">Termo de assentimento para o p\u00fablico infantil de 5 a 11 anos.<\/a><\/p>\n\n\n\n<p>Caso a crian\u00e7a n\u00e3o tenha CPF ou Cart\u00e3o do SUS, ser\u00e1 necess\u00e1ria a apresenta\u00e7\u00e3o da Certid\u00e3o de Nascimento. Para as crian\u00e7as com comorbidades, tamb\u00e9m ser\u00e1 necess\u00e1rio apresentar a prescri\u00e7\u00e3o m\u00e9dica, que ficar\u00e1 retida no local da vacina\u00e7\u00e3o.<\/p>\n\n\n\n<p>Para as crian\u00e7as com comorbidades, tamb\u00e9m ser\u00e1 necess\u00e1rio apresentar a prescri\u00e7\u00e3o m\u00e9dica, que ficar\u00e1 retida no local da vacina\u00e7\u00e3o.<\/p>\n\n\n\n<p>Salvo as crian\u00e7as com comorbidades, a Secretaria Municipal de Sa\u00fade (SMS) n\u00e3o exigir\u00e1 prescri\u00e7\u00e3o m\u00e9dica nem cadastro pr\u00e9vio para a vacina\u00e7\u00e3o de crian\u00e7as que dever\u00e3o estar obrigatoriamente acompanhadas pelos pais ou respons\u00e1veis e, na aus\u00eancia destes, por adulto com declara\u00e7\u00e3o de autoriza\u00e7\u00e3o assinada pelos pais.<\/p>\n\n\n\n<p>Confira mais informa\u00e7\u00f5es<\/p>\n\n\n\n<p><a href=\"https:\/\/maceio.al.gov.br\/uploads\/documentos\/Descricao-das-comorbidades-incluidas-como-prioritarias-para-vacinacao-contra-a-covid-19-PNO_2022-01-15-003414_mgky.pdf\" target=\"_blank\" rel=\"noreferrer noopener\">Descri\u00e7\u00e3o de comorbidades inclu\u00eddas como priorit\u00e1rias<\/a><\/p>\n\n\n\n<p><a rel=\"noreferrer noopener\" href=\"https:\/\/maceio.al.gov.br\/uploads\/documentos\/Pessoas-com-Deficiencia-11a-ed-plano-nacional-de-vacinacao-covid-19-98-99_2022-01-15-003414_zqyn.pdf\" target=\"_blank\">Pessoas com defici\u00eancia &#8211; Plano de Vacina\u00e7\u00e3o<\/a><\/p>\n\n\n\n<p>Assessoria<\/p>\n","protected":false},"excerpt":{"rendered":"<p>A Prefeitura de Macei\u00f3 mant\u00e9m dois pontos fixos de vacina\u00e7\u00e3o contra a Covid-19 em funcionamento, neste domingo<\/p>\n","protected":false},"author":1,"featured_media":17736,"comment_status":"open","ping_status":"open","sticky":false,"template":"","format":"standard","meta":{"footnotes":""},"categories":[60],"tags":[],"class_list":["post-17735","post","type-post","status-publish","format-standard","has-post-thumbnail","hentry","category-capa"],"_links":{"self":[{"href":"https:\/\/4cantosalagoas.com.br\/portal\/wp-json\/wp\/v2\/posts\/17735","targetHints":{"allow":["GET"]}}],"collection":[{"href":"https:\/\/4cantosalagoas.com.br\/portal\/wp-json\/wp\/v2\/posts"}],"about":[{"href":"https:\/\/4cantosalagoas.com.br\/portal\/wp-json\/wp\/v2\/types\/post"}],"author":[{"embeddable":true,"href":"https:\/\/4cantosalagoas.com.br\/portal\/wp-json\/wp\/v2\/users\/1"}],"replies":[{"embeddable":true,"href":"https:\/\/4cantosalagoas.com.br\/portal\/wp-json\/wp\/v2\/comments?post=17735"}],"version-history":[{"count":1,"href":"https:\/\/4cantosalagoas.com.br\/portal\/wp-json\/wp\/v2\/posts\/17735\/revisions"}],"predecessor-version":[{"id":17737,"href":"https:\/\/4cantosalagoas.com.br\/portal\/wp-json\/wp\/v2\/posts\/17735\/revisions\/17737"}],"wp:featuredmedia":[{"embeddable":true,"href":"https:\/\/4cantosalagoas.com.br\/portal\/wp-json\/wp\/v2\/media\/17736"}],"wp:attachment":[{"href":"https:\/\/4cantosalagoas.com.br\/portal\/wp-json\/wp\/v2\/media?parent=17735"}],"wp:term":[{"taxonomy":"category","embeddable":true,"href":"https:\/\/4cantosalagoas.com.br\/portal\/wp-json\/wp\/v2\/categories?post=17735"},{"taxonomy":"post_tag","embeddable":true,"href":"https:\/\/4cantosalagoas.com.br\/portal\/wp-json\/wp\/v2\/tags?post=17735"}],"curies":[{"name":"wp","href":"https:\/\/api.w.org\/{rel}","templated":true}]}}