{"id":17591,"date":"2022-03-17T10:47:22","date_gmt":"2022-03-17T13:47:22","guid":{"rendered":"http:\/\/4cantosalagoas.com.br\/portal\/?p=17591"},"modified":"2022-03-17T10:47:26","modified_gmt":"2022-03-17T13:47:26","slug":"operacao-da-delegacia-de-homicidios-prende-oito-envolvidos-em-crimes-de-homicidios-em-maceio","status":"publish","type":"post","link":"https:\/\/4cantosalagoas.com.br\/portal\/operacao-da-delegacia-de-homicidios-prende-oito-envolvidos-em-crimes-de-homicidios-em-maceio\/","title":{"rendered":"Opera\u00e7\u00e3o da Delegacia de Homic\u00eddios prende oito envolvidos em crimes de homic\u00eddios em Macei\u00f3"},"content":{"rendered":"\n<figure class=\"wp-block-image\"><img fetchpriority=\"high\" decoding=\"async\" width=\"500\" height=\"500\" src=\"http:\/\/4cantosalagoas.com.br\/portal\/wp-content\/uploads\/2022\/03\/po.jpg\" alt=\"\" class=\"wp-image-17592\" srcset=\"https:\/\/4cantosalagoas.com.br\/portal\/wp-content\/uploads\/2022\/03\/po.jpg 500w, https:\/\/4cantosalagoas.com.br\/portal\/wp-content\/uploads\/2022\/03\/po-150x150.jpg 150w, https:\/\/4cantosalagoas.com.br\/portal\/wp-content\/uploads\/2022\/03\/po-300x300.jpg 300w\" sizes=\"(max-width: 500px) 100vw, 500px\" \/><figcaption>Assessoria<\/figcaption><\/figure>\n\n\n\n<p>A equipe da Delegacia de Homic\u00eddios e Prote\u00e7\u00e3o \u00e0 Pessoa (DHPP), sob o comando do delegado Ronilson Medeiros, realizou opera\u00e7\u00e3o na manh\u00e3 desta quinta-feira (17) visando predner pessoas envolvidas em homic\u00eddios em Macei\u00f3.<\/p>\n\n\n\n<p>Um homem de 28 anos foi preso por participa\u00e7\u00e3o no homic\u00eddio que vitimou Jo\u00e3o Paulo dos Santos, ocorrido no dia 18 de setembro de 2020, por volta das 22h30, no bairro da Santa L\u00facia. Um irm\u00e3o do acusado tamb\u00e9m participou do crime e j\u00e1 se encontra preso.<\/p>\n\n\n\n<p>\u201cHouve uma discuss\u00e3o entre a v\u00edtima e os irm\u00e3os, os quais s\u00e3o vizinhos, momento que estes executam a v\u00edtima nas proximidades de suas resid\u00eancias, acrescenta-se que o outro acusado j\u00e1 se encontra preso. Os mandados foram expedidos pela 8\u00aa Vara Criminal da Capital\/Tribunal do J\u00fari\u201d, frisou o delegado Ronilson.<\/p>\n\n\n\n<p>Durante a opera\u00e7\u00e3o, a equipe da 3DHC, sob coordena\u00e7\u00e3o da delegada Tacyane Ribeiro, cumpriu cinco mandados de pris\u00f5es preventivas e prendeu cinco pessoas de 22 anos, 25, 24 e duas de 28 anos, os quais s\u00e3o suspeitos de assassinarem Wanderson Manoel da Silva, conhecido como \u201cl\u00e1grima\u201d.<\/p>\n\n\n\n<p>De acordo com a delegada, o corpo de Wanderson foi encontrado no dia 17 de setembro de 2021, por volta das 6hs da manh\u00e3, no terreno baldio localizado no Conjunto Jardim Tropical, Village Campestre I, Cidade Universit\u00e1ria, pr\u00f3ximo ao Itagy, em Macei\u00f3, com sinais de perfura\u00e7\u00f5es provocadas por arma de fogo.<\/p>\n\n\n\n<p>\u201cO motivo do crime seria d\u00edvida de drogas. O inqu\u00e9rito foi conclu\u00eddo e instru\u00eddo com provas t\u00e9cnicas. Os mandados foram expedidos pela 9\u00aa Vara Criminal da Capital\/Tribunal do J\u00fari\u201d, disse a delegada Tacyane.<\/p>\n\n\n\n<p>J\u00e1 a equipe da 6\u00aa DHC, comandada pela delegada Talita de Aquino, realizou a pris\u00e3o de um dos autores do homic\u00eddio de Eronilson Mendes da Silva, de 20 anos de idade, morto a pauladas e pedradas por um grupo de criminosos no dia 24 de janeiro de 2021, no bairro Ouro Preto, na Capital.<\/p>\n\n\n\n<p>&nbsp;\u201cSegundo as investiga\u00e7\u00f5es, a v\u00edtima tinha uma rixa com traficantes locais porque integrava o grupo criminoso rival, logo estava proibido de frequentar a localidade. Outros quatro autores do homic\u00eddio j\u00e1 foram presos no ano passado. O mandado foi expedido pela 7\u00aa Vara Criminal da Capital\/Tribunal do J\u00fari\u201d, pontuou a delegada Talita Aquino.<\/p>\n\n\n\n<p>Na sequ\u00eancia da opera\u00e7\u00e3o, policiais civis da 8DHC, sob o comando da delegada Rosimeire Vieira, cumpriu mandado de pris\u00e3o tempor\u00e1ria em desfavor contra um homem de 24 anos, referente a um homic\u00eddio ocorrido no dia 16 de janeiro de 2022, por volta das 20h40, na Avenida Assis Chateubriand, pr\u00f3ximo ao \u201cBuraco da Bruxa\u201d, em Macei\u00f3, que vitimou Ismael Santos da Gama Melo, de 21 anos.<\/p>\n\n\n\n<p>Segundo a investiga\u00e7\u00e3o, a v\u00edtima havia ido usar entorpecentes na \u00e1rea da Praia do Sobral, no bairro do Prado, quando em uma discuss\u00e3o com os demais usu\u00e1rios que l\u00e1 estavam foi surpreendido com golpes de faca desferidos pelos investigados.<\/p>\n\n\n\n<p>\u201cA v\u00edtima ainda conseguiu correr ferida, mas caiu em via p\u00fablica, vindo a \u00f3bito no local. O mandado foi expedido pela 7\u00aa Vara Criminal da Capital\/Tribunal do J\u00fari.\u201d, frisou a delegada Rosimeire.<\/p>\n\n\n\n<p>\u201cAl\u00e9m dos policiais civis da DHPP, agentes da Asfixia tamb\u00e9m participaram das pris\u00f5es. O trabalho ainda segue visando a pris\u00e3o de mais um envolvido\u201d, concluiu o delegado Ronislon Medeiros.<\/p>\n\n\n\n<p>Assessoria<\/p>\n","protected":false},"excerpt":{"rendered":"<p>A equipe da Delegacia de Homic\u00eddios e Prote\u00e7\u00e3o \u00e0 Pessoa (DHPP), sob o comando do delegado Ronilson<\/p>\n","protected":false},"author":1,"featured_media":17592,"comment_status":"open","ping_status":"open","sticky":false,"template":"","format":"standard","meta":{"footnotes":""},"categories":[60],"tags":[],"class_list":["post-17591","post","type-post","status-publish","format-standard","has-post-thumbnail","hentry","category-capa"],"_links":{"self":[{"href":"https:\/\/4cantosalagoas.com.br\/portal\/wp-json\/wp\/v2\/posts\/17591","targetHints":{"allow":["GET"]}}],"collection":[{"href":"https:\/\/4cantosalagoas.com.br\/portal\/wp-json\/wp\/v2\/posts"}],"about":[{"href":"https:\/\/4cantosalagoas.com.br\/portal\/wp-json\/wp\/v2\/types\/post"}],"author":[{"embeddable":true,"href":"https:\/\/4cantosalagoas.com.br\/portal\/wp-json\/wp\/v2\/users\/1"}],"replies":[{"embeddable":true,"href":"https:\/\/4cantosalagoas.com.br\/portal\/wp-json\/wp\/v2\/comments?post=17591"}],"version-history":[{"count":1,"href":"https:\/\/4cantosalagoas.com.br\/portal\/wp-json\/wp\/v2\/posts\/17591\/revisions"}],"predecessor-version":[{"id":17593,"href":"https:\/\/4cantosalagoas.com.br\/portal\/wp-json\/wp\/v2\/posts\/17591\/revisions\/17593"}],"wp:featuredmedia":[{"embeddable":true,"href":"https:\/\/4cantosalagoas.com.br\/portal\/wp-json\/wp\/v2\/media\/17592"}],"wp:attachment":[{"href":"https:\/\/4cantosalagoas.com.br\/portal\/wp-json\/wp\/v2\/media?parent=17591"}],"wp:term":[{"taxonomy":"category","embeddable":true,"href":"https:\/\/4cantosalagoas.com.br\/portal\/wp-json\/wp\/v2\/categories?post=17591"},{"taxonomy":"post_tag","embeddable":true,"href":"https:\/\/4cantosalagoas.com.br\/portal\/wp-json\/wp\/v2\/tags?post=17591"}],"curies":[{"name":"wp","href":"https:\/\/api.w.org\/{rel}","templated":true}]}}