{"id":17551,"date":"2022-03-15T07:32:07","date_gmt":"2022-03-15T10:32:07","guid":{"rendered":"http:\/\/4cantosalagoas.com.br\/portal\/?p=17551"},"modified":"2022-03-15T07:32:12","modified_gmt":"2022-03-15T10:32:12","slug":"cancelamento-do-carnaval-repercutiu-negativamente-na-confianca-do-empresario","status":"publish","type":"post","link":"https:\/\/4cantosalagoas.com.br\/portal\/cancelamento-do-carnaval-repercutiu-negativamente-na-confianca-do-empresario\/","title":{"rendered":"Cancelamento do Carnaval repercutiu negativamente na confian\u00e7a do empres\u00e1rio"},"content":{"rendered":"\n<figure class=\"wp-block-image\"><img fetchpriority=\"high\" decoding=\"async\" width=\"600\" height=\"450\" src=\"http:\/\/4cantosalagoas.com.br\/portal\/wp-content\/uploads\/2018\/05\/serr4.jpg\" alt=\"\" class=\"wp-image-3363\" srcset=\"https:\/\/4cantosalagoas.com.br\/portal\/wp-content\/uploads\/2018\/05\/serr4.jpg 600w, https:\/\/4cantosalagoas.com.br\/portal\/wp-content\/uploads\/2018\/05\/serr4-300x225.jpg 300w, https:\/\/4cantosalagoas.com.br\/portal\/wp-content\/uploads\/2018\/05\/serr4-375x281.jpg 375w, https:\/\/4cantosalagoas.com.br\/portal\/wp-content\/uploads\/2018\/05\/serr4-465x349.jpg 465w\" sizes=\"(max-width: 600px) 100vw, 600px\" \/><figcaption>Fecom\u00e9rcio AL (@FecomercioAL) | Twitter<\/figcaption><\/figure>\n\n\n\n<p>Apesar do crescimento ao longo do \u00faltimo semestre de 2021, a confian\u00e7a do empres\u00e1rio est\u00e1 em queda neste in\u00edcio de 2022, em Macei\u00f3. A pesquisa do \u00cdndice de Confian\u00e7a do Empres\u00e1rio do Com\u00e9rcio (ICEC) realizada pelo Instituto Fecom\u00e9rcio AL, em parceria com a Confedera\u00e7\u00e3o Nacional do Com\u00e9rcio de Bens, Servi\u00e7os e Turismo (CNC), indica uma retra\u00e7\u00e3o de -1,3% em fevereiro passado. Apesar deste movimento, o indicador marcou 126,4 pontos, o que o mant\u00e9m com pouco mais de 26 pontos acima da zona de satisfa\u00e7\u00e3o e 10,1% mais otimista do que em fevereiro de 2021.<\/p>\n\n\n\n<p>A confian\u00e7a do empres\u00e1rio obteve queda generalizada em todas as regi\u00f5es do Brasil, sendo a mais alta entre os comerciantes do Sul, com recuo de 1,7%, enquanto a m\u00e9dia nacional ficou em -1,2%. A \u00faltima vez que o pessimismo atingiu este patamar foi entre abril e maio do ano passado.<\/p>\n\n\n\n<p>Para o assessor econ\u00f4mico da Federa\u00e7\u00e3o do Com\u00e9rcio de Bens, Servi\u00e7os e Turismo do Estado de Alagoas (Fecom\u00e9rcio AL), Victor Hortencio, embora o indicador ainda permane\u00e7a otimista na capital alagoana, a confian\u00e7a dos empres\u00e1rios vem recuando sensivelmente desde novembro de 2021, o que pode ser explicado pelos impactos da nova variante do v\u00edrus Covid-19, a qual causou uma nova onda de infec\u00e7\u00f5es a partir de dezembro do ano passado e, consequentemente, trouxe mais incertezas quanto aos rumos da economia nacional.<\/p>\n\n\n\n<p>\u201cOutra explica\u00e7\u00e3o, que n\u00e3o exclui a anterior, refere-se \u00e0s condi\u00e7\u00f5es conjunturais que envolvem a atividade comercial e industrial e o custo de produ\u00e7\u00e3o, atingidos pelo encarecimento de insumos b\u00e1sicos como, por exemplo, a energia el\u00e9trica e os combust\u00edveis\u201d, avalia o economista ao ressaltar que a alta reflete a infla\u00e7\u00e3o vista no pa\u00eds nos \u00faltimos meses e que, em fevereiro, marcou 10,54% a.a, segundo o Banco Central.<\/p>\n\n\n\n<p>Al\u00e9m destes fatores, a aus\u00eancia das festas carnavalescas que ocorreriam no final de fevereiro contribuiu para o recuo no otimismo. \u201cMuitos comerciantes j\u00e1 haviam se preparado e possu\u00edam expectativas de aumentar seus lucros, mas como houve o cancelamento das festividades, isso acabou afetando negativamente a confian\u00e7a dos empres\u00e1rios\u201d, analisa.<\/p>\n\n\n\n<p><strong>Outros dados<\/strong><\/p>\n\n\n\n<p>Em termos gerais, dentre as subcategorias que comp\u00f5em o indicador de confian\u00e7a, apenas a de \u201cCondi\u00e7\u00f5es Atuais do Empres\u00e1rio do Com\u00e9rcio\u201d apresentou varia\u00e7\u00e3o positiva mensal de 4,3%. A subcategoria \u201cInvestimento do Empres\u00e1rio do Com\u00e9rcio\u201d foi a que mais declinou, sendo impactado por seu sub\u00edndice \u201cIndicador de Contrata\u00e7\u00e3o de Funcion\u00e1rios\u201d, que marcou uma varia\u00e7\u00e3o mensal de -10,1%. J\u00e1 a subcategoria \u201cExpectativas dos Empres\u00e1rios do Com\u00e9rcio\u201d declinou -1,1%.<\/p>\n\n\n\n<p>Assessoria<\/p>\n","protected":false},"excerpt":{"rendered":"<p>Apesar do crescimento ao longo do \u00faltimo semestre de 2021, a confian\u00e7a do empres\u00e1rio est\u00e1 em queda<\/p>\n","protected":false},"author":1,"featured_media":3363,"comment_status":"open","ping_status":"open","sticky":false,"template":"","format":"standard","meta":{"footnotes":""},"categories":[60],"tags":[],"class_list":["post-17551","post","type-post","status-publish","format-standard","has-post-thumbnail","hentry","category-capa"],"_links":{"self":[{"href":"https:\/\/4cantosalagoas.com.br\/portal\/wp-json\/wp\/v2\/posts\/17551","targetHints":{"allow":["GET"]}}],"collection":[{"href":"https:\/\/4cantosalagoas.com.br\/portal\/wp-json\/wp\/v2\/posts"}],"about":[{"href":"https:\/\/4cantosalagoas.com.br\/portal\/wp-json\/wp\/v2\/types\/post"}],"author":[{"embeddable":true,"href":"https:\/\/4cantosalagoas.com.br\/portal\/wp-json\/wp\/v2\/users\/1"}],"replies":[{"embeddable":true,"href":"https:\/\/4cantosalagoas.com.br\/portal\/wp-json\/wp\/v2\/comments?post=17551"}],"version-history":[{"count":1,"href":"https:\/\/4cantosalagoas.com.br\/portal\/wp-json\/wp\/v2\/posts\/17551\/revisions"}],"predecessor-version":[{"id":17552,"href":"https:\/\/4cantosalagoas.com.br\/portal\/wp-json\/wp\/v2\/posts\/17551\/revisions\/17552"}],"wp:featuredmedia":[{"embeddable":true,"href":"https:\/\/4cantosalagoas.com.br\/portal\/wp-json\/wp\/v2\/media\/3363"}],"wp:attachment":[{"href":"https:\/\/4cantosalagoas.com.br\/portal\/wp-json\/wp\/v2\/media?parent=17551"}],"wp:term":[{"taxonomy":"category","embeddable":true,"href":"https:\/\/4cantosalagoas.com.br\/portal\/wp-json\/wp\/v2\/categories?post=17551"},{"taxonomy":"post_tag","embeddable":true,"href":"https:\/\/4cantosalagoas.com.br\/portal\/wp-json\/wp\/v2\/tags?post=17551"}],"curies":[{"name":"wp","href":"https:\/\/api.w.org\/{rel}","templated":true}]}}