{"id":17548,"date":"2022-03-14T10:29:35","date_gmt":"2022-03-14T13:29:35","guid":{"rendered":"http:\/\/4cantosalagoas.com.br\/portal\/?p=17548"},"modified":"2022-03-14T10:29:39","modified_gmt":"2022-03-14T13:29:39","slug":"convivio-social-notifica-lojas-no-calcadao-do-centro-para-a-regularizacao-de-fachadas","status":"publish","type":"post","link":"https:\/\/4cantosalagoas.com.br\/portal\/convivio-social-notifica-lojas-no-calcadao-do-centro-para-a-regularizacao-de-fachadas\/","title":{"rendered":"Conv\u00edvio Social notifica lojas no cal\u00e7ad\u00e3o do Centro para a regulariza\u00e7\u00e3o de fachadas"},"content":{"rendered":"\n<figure class=\"wp-block-image\"><img fetchpriority=\"high\" decoding=\"async\" width=\"850\" height=\"560\" src=\"http:\/\/4cantosalagoas.com.br\/portal\/wp-content\/uploads\/2022\/03\/t6.jpg\" alt=\"\" class=\"wp-image-17549\" srcset=\"https:\/\/4cantosalagoas.com.br\/portal\/wp-content\/uploads\/2022\/03\/t6.jpg 850w, https:\/\/4cantosalagoas.com.br\/portal\/wp-content\/uploads\/2022\/03\/t6-300x198.jpg 300w, https:\/\/4cantosalagoas.com.br\/portal\/wp-content\/uploads\/2022\/03\/t6-768x506.jpg 768w\" sizes=\"(max-width: 850px) 100vw, 850px\" \/><figcaption> <br><em>Foto: Alberto Jorge \/ Ascom Semscs<\/em> <\/figcaption><\/figure>\n\n\n\n<p>Seguindo o que estabelece o C\u00f3digo de Posturas de Macei\u00f3 os agentes de fiscaliza\u00e7\u00e3o da Secretaria Municipal de Seguran\u00e7a Comunit\u00e1ria e Conv\u00edvio Social (Semscs) iniciaram, na \u00faltima semana, a notifica\u00e7\u00e3o de lojas no cal\u00e7ad\u00e3o do com\u00e9rcio, no Centro da capital alagoana. A a\u00e7\u00e3o aconteceu ap\u00f3s vistoria realizada pela Defesa Civil de Macei\u00f3 (DCM), que identificou diversas irregularidades em fachadas e marquises de estabelecimentos comerciais na regi\u00e3o.<\/p>\n\n\n\n<p>A Lei n\u00ba 3.538\/1985, que alterou o c\u00f3digo de posturas da cidade, define que os propriet\u00e1rios de edif\u00edcios em Macei\u00f3 preservem a estrutura conservada no que se refere a parte est\u00e9tica, estabilidade e higiene, para n\u00e3o comprometer a seguran\u00e7a dos ocupantes, vizinhos e transeuntes.<\/p>\n\n\n\n<p>Entre os pontos comerciais apontados pela Defesa Civil com problemas estruturais marquises ou fachadas, est\u00e3o \u00f3ticas, lojas de cosm\u00e9ticos, de artigos de presentes, papelarias, joalherias, entre outros.<\/p>\n\n\n\n<figure class=\"wp-block-image\"><a href=\"https:\/\/maceioalgovbr.dhost.cloud\/uploads\/imagens\/Fachadas-Centro-3.JPG\"><img decoding=\"async\" src=\"https:\/\/maceioalgovbr.dhost.cloud\/uploads\/imagens\/_206x160_crop_center-center_none\/Fachadas-Centro-3.JPG\" alt=\"\"\/><\/a><\/figure>\n\n\n\n<figure class=\"wp-block-image\"><a href=\"https:\/\/maceioalgovbr.dhost.cloud\/uploads\/imagens\/Fachadas-Centro.JPG\"><img decoding=\"async\" src=\"https:\/\/maceioalgovbr.dhost.cloud\/uploads\/imagens\/_206x160_crop_center-center_none\/Fachadas-Centro.JPG\" alt=\"\"\/><\/a><\/figure>\n\n\n\n<p><em>Estabelecimentos comerciais foram notificados pelos fiscais da Semscs, ap\u00f3s vistoria realizada pela Defesa Civil de Macei\u00f3. Fotos: Alberto Jorge \/ Ascom Semscs<\/em><\/p>\n\n\n\n<p>Para Thiago Prado, secret\u00e1rio municipal de Seguran\u00e7a Comunit\u00e1ria e Conv\u00edvio Social, a\u00e7\u00f5es como essa evitam que aconte\u00e7a o acidente que aconteceu no ano de 2021, quando a fachada de uma loja caiu no meio do cal\u00e7ad\u00e3o do com\u00e9rcio.<\/p>\n\n\n\n<p>\u201cPrezamos em primeiro lugar pela seguran\u00e7a do povo maceioense e dos consumidores e funcion\u00e1rios que trabalham no maior ponto comercial da capital alagoana. Estamos fazendo essas notifica\u00e7\u00f5es para que os propriet\u00e1rios corrijam os defeitos encontrados pela Defesa Civil, e eliminem qualquer risco \u00e0 popula\u00e7\u00e3o\u201d, afirmou Thiago Prado.<\/p>\n\n\n\n<p>O prazo para cumprimento das notifica\u00e7\u00f5es emitidas pelos fiscais da Semscs varia conforme a complexidade e a gravidade de cada caso.<\/p>\n\n\n\n<figure class=\"wp-block-image\"><a href=\"https:\/\/maceioalgovbr.dhost.cloud\/uploads\/imagens\/Fachadas-Centro-1.JPG\"><img decoding=\"async\" src=\"https:\/\/maceioalgovbr.dhost.cloud\/uploads\/imagens\/_845xAUTO_crop_center-center_none\/Fachadas-Centro-1.JPG\" alt=\"Fachadas precisam ser recuperadas para eliminar os riscos de acidentes. Foto: Alberto Jorge \/ Ascom Semscs\"\/><\/a><figcaption>Fachadas precisam ser recuperadas para eliminar os riscos de acidentes. Foto: Alberto Jorge \/ Ascom Semscs<\/figcaption><\/figure>\n\n\n\n<p>Assessoria<\/p>\n","protected":false},"excerpt":{"rendered":"<p>Seguindo o que estabelece o C\u00f3digo de Posturas de Macei\u00f3 os agentes de fiscaliza\u00e7\u00e3o da Secretaria Municipal<\/p>\n","protected":false},"author":1,"featured_media":17549,"comment_status":"open","ping_status":"open","sticky":false,"template":"","format":"standard","meta":{"footnotes":""},"categories":[5],"tags":[],"class_list":["post-17548","post","type-post","status-publish","format-standard","has-post-thumbnail","hentry","category-maceio"],"_links":{"self":[{"href":"https:\/\/4cantosalagoas.com.br\/portal\/wp-json\/wp\/v2\/posts\/17548","targetHints":{"allow":["GET"]}}],"collection":[{"href":"https:\/\/4cantosalagoas.com.br\/portal\/wp-json\/wp\/v2\/posts"}],"about":[{"href":"https:\/\/4cantosalagoas.com.br\/portal\/wp-json\/wp\/v2\/types\/post"}],"author":[{"embeddable":true,"href":"https:\/\/4cantosalagoas.com.br\/portal\/wp-json\/wp\/v2\/users\/1"}],"replies":[{"embeddable":true,"href":"https:\/\/4cantosalagoas.com.br\/portal\/wp-json\/wp\/v2\/comments?post=17548"}],"version-history":[{"count":1,"href":"https:\/\/4cantosalagoas.com.br\/portal\/wp-json\/wp\/v2\/posts\/17548\/revisions"}],"predecessor-version":[{"id":17550,"href":"https:\/\/4cantosalagoas.com.br\/portal\/wp-json\/wp\/v2\/posts\/17548\/revisions\/17550"}],"wp:featuredmedia":[{"embeddable":true,"href":"https:\/\/4cantosalagoas.com.br\/portal\/wp-json\/wp\/v2\/media\/17549"}],"wp:attachment":[{"href":"https:\/\/4cantosalagoas.com.br\/portal\/wp-json\/wp\/v2\/media?parent=17548"}],"wp:term":[{"taxonomy":"category","embeddable":true,"href":"https:\/\/4cantosalagoas.com.br\/portal\/wp-json\/wp\/v2\/categories?post=17548"},{"taxonomy":"post_tag","embeddable":true,"href":"https:\/\/4cantosalagoas.com.br\/portal\/wp-json\/wp\/v2\/tags?post=17548"}],"curies":[{"name":"wp","href":"https:\/\/api.w.org\/{rel}","templated":true}]}}