{"id":17403,"date":"2022-02-23T05:36:05","date_gmt":"2022-02-23T08:36:05","guid":{"rendered":"http:\/\/4cantosalagoas.com.br\/portal\/?p=17403"},"modified":"2022-02-23T05:36:09","modified_gmt":"2022-02-23T08:36:09","slug":"intencao-de-consumo-volta-a-registrar-patamar-de-otimismo-apos-vinte-meses","status":"publish","type":"post","link":"https:\/\/4cantosalagoas.com.br\/portal\/intencao-de-consumo-volta-a-registrar-patamar-de-otimismo-apos-vinte-meses\/","title":{"rendered":"Inten\u00e7\u00e3o de consumo volta a registrar patamar de otimismo ap\u00f3s vinte meses"},"content":{"rendered":"\n<figure class=\"wp-block-image\"><img fetchpriority=\"high\" decoding=\"async\" width=\"600\" height=\"450\" src=\"http:\/\/4cantosalagoas.com.br\/portal\/wp-content\/uploads\/2018\/05\/serr4.jpg\" alt=\"\" class=\"wp-image-3363\" srcset=\"https:\/\/4cantosalagoas.com.br\/portal\/wp-content\/uploads\/2018\/05\/serr4.jpg 600w, https:\/\/4cantosalagoas.com.br\/portal\/wp-content\/uploads\/2018\/05\/serr4-300x225.jpg 300w, https:\/\/4cantosalagoas.com.br\/portal\/wp-content\/uploads\/2018\/05\/serr4-375x281.jpg 375w, https:\/\/4cantosalagoas.com.br\/portal\/wp-content\/uploads\/2018\/05\/serr4-465x349.jpg 465w\" sizes=\"(max-width: 600px) 100vw, 600px\" \/><figcaption>Fecom\u00e9rcio AL (@FecomercioAL) | Twitter<\/figcaption><\/figure>\n\n\n\n<p>A pesquisa de Inten\u00e7\u00e3o de Consumo das Fam\u00edlias (ICF) de Macei\u00f3, realizada pelo Instituto Fecom\u00e9rcio Alagoas, em parceria com a Confedera\u00e7\u00e3o Nacional do Com\u00e9rcio de Bens, Servi\u00e7os e Turismo (CNC), iniciou o ano de 2022 com a marca de 101,4 pontos, registrada em janeiro. Um resultado como esse, considerado como de patamar otimista (superior aos 100 pontos), n\u00e3o era visto desde abril de 2020, quando o \u00edndice registrou 103,3 pontos.<\/p>\n\n\n\n<p>O levantamento, que mensura o grau de satisfa\u00e7\u00e3o em termos de emprego, renda e capacidade de consumo, de abril de 2020 a agosto de 2021 (89,3 pontos), chegou a sofrer uma queda de 13,5%, quando ent\u00e3o reverteu a tend\u00eancia de baixa e iniciou uma trajet\u00f3ria ascendente nos cinco meses seguintes, com crescimento de 13,1%.<\/p>\n\n\n\n<p>Na varia\u00e7\u00e3o mensal, ao analisar os sub\u00edndices, nota-se que todos apresentaram varia\u00e7\u00e3o positiva. Entre os destaques est\u00e1 o sub\u00edndice \u201cN\u00edvel de Consumo Atual\u201d, que obteve a maior varia\u00e7\u00e3o, com um incremento de 11,9% quando comparado com dezembro. De acordo com o assessor econ\u00f4mico da Fecom\u00e9rcio AL, Victor Hortencio, esse registro indica que as fam\u00edlias est\u00e3o propensas a aumentar o consumo no in\u00edcio do ano, o que \u00e9 corroborado pelo aumento de 10,7% em \u201cPerspectiva de Consumo\u201d. \u201cIsso \u00e9 um reflexo de que os consumidores come\u00e7aram 2022 mais confiantes, o que pode ser explicado, talvez, pela volta \u00e0 normalidade das atividades comerciais\u201d, ressaltou.<\/p>\n\n\n\n<p>Com uma eleva\u00e7\u00e3o de 3%, o sub\u00edndice \u201cEmprego Atual\u201d, por sua vez, reflete o saldo de empregabilidade positivo visto no segundo semestre de 2021. Entre admiss\u00f5es e desligamentos, segundo o CAGED (Cadastro Geral de Empregados e Desempregados), Macei\u00f3 registrou 8.916 novos postos de trabalhos preenchidos.<\/p>\n\n\n\n<p>O sub\u00edndice que apresentou o crescimento menos expressivo, de 2,3%, foi o de \u201cAcesso ao Cr\u00e9dito\u201d. Segundo o assessor econ\u00f4mico, um dos aspectos que pode ter influenciado significativamente nesse contexto \u00e9 a escalada recente dos juros, balizada pela taxa Selic e definida pelo Banco Central, que j\u00e1 alcan\u00e7ou os dois d\u00edgitos (10,25% a.a.). \u201cA alta dos juros afeta diretamente a tomada de empr\u00e9stimos de toda a natureza, ancorando, portanto, uma decolada mais robusta do fator cr\u00e9dito\u201d, explicou.<\/p>\n\n\n\n<p>Para Hortencio, o cen\u00e1rio demonstrado no resultado de janeiro do ICF aponta para um salto qualitativo nas expectativas dos consumidores, movimento que converge com o otimismo dos empres\u00e1rios maceioenses, conforme observado no \u00cdndice de Confian\u00e7a do Empres\u00e1rio do Com\u00e9rcio (ICEC) do mesmo m\u00eas. \u201cTodavia, a pandemia de Covid-19 ainda n\u00e3o terminou e o surto de novos casos de infec\u00e7\u00f5es causadas pela variante \u00d4micron tende a gerar um impacto relevante no planejamento das empresas e no consumo das fam\u00edlias\u201d, observou.<\/p>\n\n\n\n<p>Assessoria<\/p>\n","protected":false},"excerpt":{"rendered":"<p>A pesquisa de Inten\u00e7\u00e3o de Consumo das Fam\u00edlias (ICF) de Macei\u00f3, realizada pelo Instituto Fecom\u00e9rcio Alagoas, em<\/p>\n","protected":false},"author":1,"featured_media":3363,"comment_status":"open","ping_status":"open","sticky":false,"template":"","format":"standard","meta":{"footnotes":""},"categories":[60],"tags":[],"class_list":["post-17403","post","type-post","status-publish","format-standard","has-post-thumbnail","hentry","category-capa"],"_links":{"self":[{"href":"https:\/\/4cantosalagoas.com.br\/portal\/wp-json\/wp\/v2\/posts\/17403","targetHints":{"allow":["GET"]}}],"collection":[{"href":"https:\/\/4cantosalagoas.com.br\/portal\/wp-json\/wp\/v2\/posts"}],"about":[{"href":"https:\/\/4cantosalagoas.com.br\/portal\/wp-json\/wp\/v2\/types\/post"}],"author":[{"embeddable":true,"href":"https:\/\/4cantosalagoas.com.br\/portal\/wp-json\/wp\/v2\/users\/1"}],"replies":[{"embeddable":true,"href":"https:\/\/4cantosalagoas.com.br\/portal\/wp-json\/wp\/v2\/comments?post=17403"}],"version-history":[{"count":1,"href":"https:\/\/4cantosalagoas.com.br\/portal\/wp-json\/wp\/v2\/posts\/17403\/revisions"}],"predecessor-version":[{"id":17404,"href":"https:\/\/4cantosalagoas.com.br\/portal\/wp-json\/wp\/v2\/posts\/17403\/revisions\/17404"}],"wp:featuredmedia":[{"embeddable":true,"href":"https:\/\/4cantosalagoas.com.br\/portal\/wp-json\/wp\/v2\/media\/3363"}],"wp:attachment":[{"href":"https:\/\/4cantosalagoas.com.br\/portal\/wp-json\/wp\/v2\/media?parent=17403"}],"wp:term":[{"taxonomy":"category","embeddable":true,"href":"https:\/\/4cantosalagoas.com.br\/portal\/wp-json\/wp\/v2\/categories?post=17403"},{"taxonomy":"post_tag","embeddable":true,"href":"https:\/\/4cantosalagoas.com.br\/portal\/wp-json\/wp\/v2\/tags?post=17403"}],"curies":[{"name":"wp","href":"https:\/\/api.w.org\/{rel}","templated":true}]}}