{"id":17397,"date":"2022-02-22T09:32:15","date_gmt":"2022-02-22T12:32:15","guid":{"rendered":"http:\/\/4cantosalagoas.com.br\/portal\/?p=17397"},"modified":"2022-02-22T09:32:19","modified_gmt":"2022-02-22T12:32:19","slug":"confira-o-horario-de-funcionamento-de-mercados-e-feiras-durante-o-carnaval","status":"publish","type":"post","link":"https:\/\/4cantosalagoas.com.br\/portal\/confira-o-horario-de-funcionamento-de-mercados-e-feiras-durante-o-carnaval\/","title":{"rendered":"Confira o hor\u00e1rio de funcionamento de mercados e feiras durante o Carnaval"},"content":{"rendered":"\n<figure class=\"wp-block-image\"><img fetchpriority=\"high\" decoding=\"async\" width=\"850\" height=\"560\" src=\"http:\/\/4cantosalagoas.com.br\/portal\/wp-content\/uploads\/2022\/02\/30-01-2021-FINAL-DE-SEMANA-NA-FEIRA-DO-BIU-BENEDITO-BENTES-SEMTABES-TATIANE-GOMES-6.jpg\" alt=\"\" class=\"wp-image-17398\" srcset=\"https:\/\/4cantosalagoas.com.br\/portal\/wp-content\/uploads\/2022\/02\/30-01-2021-FINAL-DE-SEMANA-NA-FEIRA-DO-BIU-BENEDITO-BENTES-SEMTABES-TATIANE-GOMES-6.jpg 850w, https:\/\/4cantosalagoas.com.br\/portal\/wp-content\/uploads\/2022\/02\/30-01-2021-FINAL-DE-SEMANA-NA-FEIRA-DO-BIU-BENEDITO-BENTES-SEMTABES-TATIANE-GOMES-6-300x198.jpg 300w, https:\/\/4cantosalagoas.com.br\/portal\/wp-content\/uploads\/2022\/02\/30-01-2021-FINAL-DE-SEMANA-NA-FEIRA-DO-BIU-BENEDITO-BENTES-SEMTABES-TATIANE-GOMES-6-768x506.jpg 768w\" sizes=\"(max-width: 850px) 100vw, 850px\" \/><figcaption> <br><em>Programa\u00e7\u00e3o de abertura e fechamento de mercados e feiras \u00e9 divulgado pela Semtabes (Foto: Ascom Semtabes)<\/em> <\/figcaption><\/figure>\n\n\n\n<p>A Secretaria Municipal do Trabalho, Abastecimento e Economia Solid\u00e1ria (Semtabes) divulgou o hor\u00e1rio de funcionamento dos mercados p\u00fablicos, feiras livres, Centro Pesqueiro e Shopping Popular durante o Carnaval 2022. A segunda(28), ter\u00e7a (1\u00b0) e quarta-feira (2) ser\u00e3o pontos facultativos para a Prefeitura de Macei\u00f3.<\/p>\n\n\n\n<p>Confira a programa\u00e7\u00e3o:<\/p>\n\n\n\n<p><strong>MERCADO DO JACINTINHO<\/strong><\/p>\n\n\n\n<p>Segunda (28) e Ter\u00e7a (01) \u2013 fechado<\/p>\n\n\n\n<p>Quarta (02) \u2013 funcionamento normal<\/p>\n\n\n\n<p><strong>MERCADO DO BENEDITO BENTES<\/strong><\/p>\n\n\n\n<p>Segunda (28) &#8211; funcionamento normal<\/p>\n\n\n\n<p>Ter\u00e7a (01) &#8211; fechado<\/p>\n\n\n\n<p>Quarta (02) \u2013 funcionamento normal<\/p>\n\n\n\n<p><strong>MERCADO DA PRODU\u00c7\u00c3O<\/strong><\/p>\n\n\n\n<p>Segunda (28) \u2013 funcionamento normal<\/p>\n\n\n\n<p>Ter\u00e7a (01) &#8211; fechado<\/p>\n\n\n\n<p>Quarta (02) \u2013 funcionamento normal<\/p>\n\n\n\n<p><strong>MERCADO DO TABULEIRO<\/strong><\/p>\n\n\n\n<p>Funcionamento normal todos os dias.<\/p>\n\n\n\n<p><strong>MERCADO DO JARAGU\u00c1<\/strong><\/p>\n\n\n\n<p>S\u00e1bado (26) fecha \u00e0s 15h30&nbsp; e s\u00f3 reabre na quinta (03), no hor\u00e1rio normal.<\/p>\n\n\n\n<p><strong>MERCADO DO ARTESANATO<\/strong><\/p>\n\n\n\n<p>S\u00e1bado (26), domingo (27)e segunda (28) abre normalmente.<\/p>\n\n\n\n<p>Ter\u00e7a (01) &#8211; fechado<\/p>\n\n\n\n<p>Quarta (02) &#8211; abre a partir das 12h at\u00e9 \u00e0s 17h30.<\/p>\n\n\n\n<p><strong>MERCADO E SHOPPING CAET\u00c9S<\/strong><\/p>\n\n\n\n<p>Segunda (28) e ter\u00e7a (01) &#8211; fechado<\/p>\n\n\n\n<p>Mercado quarta (02) \u2013 abre de 6h \u00e0s 15h<\/p>\n\n\n\n<p>Shopping quarta (02) \u2013 abre de 10h \u00e0s 18h<\/p>\n\n\n\n<p><strong>SHOPPING POPULAR<\/strong><\/p>\n\n\n\n<p>S\u00e1bado (26) funciona at\u00e9 \u00e0s 15h<\/p>\n\n\n\n<p>Segunda (28) e ter\u00e7a (01) &#8211; fechado<\/p>\n\n\n\n<p>Quarta (02) &#8211; abre a partir das 9h<\/p>\n\n\n\n<p><strong>CENTRO PESQUEIRO<\/strong><\/p>\n\n\n\n<p>&nbsp;Segunda (28) &#8211; fechado<\/p>\n\n\n\n<p>Demais dias funciona normalmente<\/p>\n\n\n\n<p><strong>Feira da Jati\u00faca<\/strong><\/p>\n\n\n\n<p>Segunda (28) funciona de 7h \u00e0s 14h<\/p>\n\n\n\n<p>Ter\u00e7a (01) &#8211; fechado<\/p>\n\n\n\n<p>Quarta (02) &#8211; funciona normalmente<\/p>\n\n\n\n<p>As demais feiras livres seguem seus respectivos mercados.<\/p>\n\n\n\n<p>Assessoria<\/p>\n","protected":false},"excerpt":{"rendered":"<p>A Secretaria Municipal do Trabalho, Abastecimento e Economia Solid\u00e1ria (Semtabes) divulgou o hor\u00e1rio de funcionamento dos mercados<\/p>\n","protected":false},"author":1,"featured_media":17398,"comment_status":"open","ping_status":"open","sticky":false,"template":"","format":"standard","meta":{"footnotes":""},"categories":[60],"tags":[],"class_list":["post-17397","post","type-post","status-publish","format-standard","has-post-thumbnail","hentry","category-capa"],"_links":{"self":[{"href":"https:\/\/4cantosalagoas.com.br\/portal\/wp-json\/wp\/v2\/posts\/17397","targetHints":{"allow":["GET"]}}],"collection":[{"href":"https:\/\/4cantosalagoas.com.br\/portal\/wp-json\/wp\/v2\/posts"}],"about":[{"href":"https:\/\/4cantosalagoas.com.br\/portal\/wp-json\/wp\/v2\/types\/post"}],"author":[{"embeddable":true,"href":"https:\/\/4cantosalagoas.com.br\/portal\/wp-json\/wp\/v2\/users\/1"}],"replies":[{"embeddable":true,"href":"https:\/\/4cantosalagoas.com.br\/portal\/wp-json\/wp\/v2\/comments?post=17397"}],"version-history":[{"count":1,"href":"https:\/\/4cantosalagoas.com.br\/portal\/wp-json\/wp\/v2\/posts\/17397\/revisions"}],"predecessor-version":[{"id":17399,"href":"https:\/\/4cantosalagoas.com.br\/portal\/wp-json\/wp\/v2\/posts\/17397\/revisions\/17399"}],"wp:featuredmedia":[{"embeddable":true,"href":"https:\/\/4cantosalagoas.com.br\/portal\/wp-json\/wp\/v2\/media\/17398"}],"wp:attachment":[{"href":"https:\/\/4cantosalagoas.com.br\/portal\/wp-json\/wp\/v2\/media?parent=17397"}],"wp:term":[{"taxonomy":"category","embeddable":true,"href":"https:\/\/4cantosalagoas.com.br\/portal\/wp-json\/wp\/v2\/categories?post=17397"},{"taxonomy":"post_tag","embeddable":true,"href":"https:\/\/4cantosalagoas.com.br\/portal\/wp-json\/wp\/v2\/tags?post=17397"}],"curies":[{"name":"wp","href":"https:\/\/api.w.org\/{rel}","templated":true}]}}