{"id":17118,"date":"2022-01-20T10:42:14","date_gmt":"2022-01-20T13:42:14","guid":{"rendered":"http:\/\/4cantosalagoas.com.br\/portal\/?p=17118"},"modified":"2022-01-20T10:42:18","modified_gmt":"2022-01-20T13:42:18","slug":"operacao-policial-prende-tres-acusados-de-homicidio-em-craibas","status":"publish","type":"post","link":"https:\/\/4cantosalagoas.com.br\/portal\/operacao-policial-prende-tres-acusados-de-homicidio-em-craibas\/","title":{"rendered":"Opera\u00e7\u00e3o policial prende tr\u00eas acusados de homic\u00eddio em Cra\u00edbas"},"content":{"rendered":"\n<figure class=\"wp-block-image\"><img fetchpriority=\"high\" decoding=\"async\" width=\"445\" height=\"417\" src=\"http:\/\/4cantosalagoas.com.br\/portal\/wp-content\/uploads\/2019\/02\/pcd.jpg\" alt=\"\" class=\"wp-image-6501\" srcset=\"https:\/\/4cantosalagoas.com.br\/portal\/wp-content\/uploads\/2019\/02\/pcd.jpg 445w, https:\/\/4cantosalagoas.com.br\/portal\/wp-content\/uploads\/2019\/02\/pcd-300x281.jpg 300w, https:\/\/4cantosalagoas.com.br\/portal\/wp-content\/uploads\/2019\/02\/pcd-375x351.jpg 375w\" sizes=\"(max-width: 445px) 100vw, 445px\" \/><figcaption>Assessoria<\/figcaption><\/figure>\n\n\n\n<p>A Pol\u00edcia Civil de Alagoas, por meio da equipe do 62\u00ba Distrito Policial de Cra\u00edbas, coordenada pelo delegado Guilherme Martim Iusten, realizou uma opera\u00e7\u00e3o nesta quarta-feira (19), e conseguiu prender tr\u00eas homens com idades de 40, 28 e 26 anos, acusados do homic\u00eddio duplamente qualificado, por motivo f\u00fatel e recurso que impossibilitou a defesa da v\u00edtima, Paulo Ferreira dos Santos, de 29 anos. Eles tiveram pris\u00e3o decretada pelo juiz de Direito da 8\u00aa Vara Criminal de Arapiraca.<\/p>\n\n\n\n<p>A a\u00e7\u00e3o criminosa ocorreu entre a noite do dia 19 de dezembro do ano passado e a madrugada da segunda-feira (20), no S\u00edtio Charco Fechado, zona rural de Cra\u00edbas. Na ocasi\u00e3o, a v\u00edtima foi assassinada a golpes de arma branca, tendo uma faca-peixeira cravada no pesco\u00e7o.<\/p>\n\n\n\n<p>O fato ocorreu poucas horas depois que a v\u00edtima brigou, amea\u00e7ou e humilhou o dono de um prost\u00edbulo bastante conhecida na cidade, na presen\u00e7a de v\u00e1rias pessoas, inclusive, da esposa do homem amea\u00e7ado. Al\u00e9m disso, chegou ainda a quebrar intencionalmente uma janela do bar.<\/p>\n\n\n\n<p>O cad\u00e1ver de Paulo Ferreira foi encontrado por populares na manh\u00e3 da segunda-feira (20), em uma estrada vicinal, no S\u00edtio Charco Fechado, que d\u00e1 acesso ao Povoado Santa Rosa, zona rural de Cra\u00edbas, Agreste de Alagoas.<\/p>\n\n\n\n<p><strong>Luta no local<\/strong><\/p>\n\n\n\n<p>O corpo da v\u00edtima estava de bru\u00e7os, sem camisa, e com uma cal\u00e7a, cor vinho, e botas. No local havia vest\u00edgios de luta corporal, pois o cabo da faca-peixeira estava ao lado da cabe\u00e7a da v\u00edtima, enquanto a l\u00e2mina ficou cravada no pesco\u00e7o. Um dos bra\u00e7os estava voltado para as costas, numa posi\u00e7\u00e3o como se um dos autores houvesse segurado a v\u00edtima para facilitar a a\u00e7\u00e3o criminosa e impedir qualquer chance de defesa.<\/p>\n\n\n\n<p>Testemunhas informaram que Paulo Ferreira era pedreiro, residia no Povoado Mata Limpa, em Lagoa da Canoa, por\u00e9m, e que teria se envolvido em uma briga no prost\u00edbulo, onde mantinha um relacionamento amoroso com uma das prostitutas do bar.<\/p>\n\n\n\n<p>Pelo que foi apurado, em decorr\u00eancia da confus\u00e3o causada pela v\u00edtima, o dono do bar, juntamente com seu concunhado e um gar\u00e7on do estabelecimento perseguiram o pedreiro, num ve\u00edculo Fiat Punto, de cor branca, e a mataram, a facada, depois de atropel\u00e1-la.<\/p>\n\n\n\n<p>Um dos autores deixou cair no local do crime o pr\u00f3prio rel\u00f3gio que usava naquela noite, tendo sido encontrado pela per\u00edcia, bem como os peritos do Instituto de Criminal\u00edstica levaram o cabo da faca e demais vest\u00edgios para realiza\u00e7\u00e3o de exames no referido instituto em Macei\u00f3.<\/p>\n\n\n\n<p>A pena prevista para o homic\u00eddio qualificado \u00e9 de 12 a 30 anos de reclus\u00e3o, enquanto para associa\u00e7\u00e3o criminosa \u00e9 de 1 a 3 anos, ficando os acusados sujeitos, se condenados, a uma pena m\u00e1xima de 33 anos de reclus\u00e3o em regime fechado.<\/p>\n\n\n\n<p>O delegado Guilherme Iusten informou que os homic\u00eddios dolosos ocorridos durante todo o ano passado no munic\u00edpio de Cra\u00edbas foram elucidados e os respectivos inqu\u00e9ritos remetidos ao Poder Judici\u00e1rio.<\/p>\n\n\n\n<p>Assessoria<\/p>\n","protected":false},"excerpt":{"rendered":"<p>A Pol\u00edcia Civil de Alagoas, por meio da equipe do 62\u00ba Distrito Policial de Cra\u00edbas, coordenada pelo<\/p>\n","protected":false},"author":1,"featured_media":6501,"comment_status":"open","ping_status":"open","sticky":false,"template":"","format":"standard","meta":{"footnotes":""},"categories":[60],"tags":[],"class_list":["post-17118","post","type-post","status-publish","format-standard","has-post-thumbnail","hentry","category-capa"],"_links":{"self":[{"href":"https:\/\/4cantosalagoas.com.br\/portal\/wp-json\/wp\/v2\/posts\/17118","targetHints":{"allow":["GET"]}}],"collection":[{"href":"https:\/\/4cantosalagoas.com.br\/portal\/wp-json\/wp\/v2\/posts"}],"about":[{"href":"https:\/\/4cantosalagoas.com.br\/portal\/wp-json\/wp\/v2\/types\/post"}],"author":[{"embeddable":true,"href":"https:\/\/4cantosalagoas.com.br\/portal\/wp-json\/wp\/v2\/users\/1"}],"replies":[{"embeddable":true,"href":"https:\/\/4cantosalagoas.com.br\/portal\/wp-json\/wp\/v2\/comments?post=17118"}],"version-history":[{"count":1,"href":"https:\/\/4cantosalagoas.com.br\/portal\/wp-json\/wp\/v2\/posts\/17118\/revisions"}],"predecessor-version":[{"id":17119,"href":"https:\/\/4cantosalagoas.com.br\/portal\/wp-json\/wp\/v2\/posts\/17118\/revisions\/17119"}],"wp:featuredmedia":[{"embeddable":true,"href":"https:\/\/4cantosalagoas.com.br\/portal\/wp-json\/wp\/v2\/media\/6501"}],"wp:attachment":[{"href":"https:\/\/4cantosalagoas.com.br\/portal\/wp-json\/wp\/v2\/media?parent=17118"}],"wp:term":[{"taxonomy":"category","embeddable":true,"href":"https:\/\/4cantosalagoas.com.br\/portal\/wp-json\/wp\/v2\/categories?post=17118"},{"taxonomy":"post_tag","embeddable":true,"href":"https:\/\/4cantosalagoas.com.br\/portal\/wp-json\/wp\/v2\/tags?post=17118"}],"curies":[{"name":"wp","href":"https:\/\/api.w.org\/{rel}","templated":true}]}}