{"id":17106,"date":"2022-01-18T10:37:58","date_gmt":"2022-01-18T13:37:58","guid":{"rendered":"http:\/\/4cantosalagoas.com.br\/portal\/?p=17106"},"modified":"2022-01-18T10:38:02","modified_gmt":"2022-01-18T13:38:02","slug":"pais-ou-responsaveis-tem-ate-hoje-18-para-confirmar-a-matricula-de-alunos-de-transferencia-interna","status":"publish","type":"post","link":"https:\/\/4cantosalagoas.com.br\/portal\/pais-ou-responsaveis-tem-ate-hoje-18-para-confirmar-a-matricula-de-alunos-de-transferencia-interna\/","title":{"rendered":"Pais ou respons\u00e1veis t\u00eam at\u00e9 hoje (18) para confirmar a matr\u00edcula de alunos de transfer\u00eancia interna"},"content":{"rendered":"\n<figure class=\"wp-block-image\"><img fetchpriority=\"high\" decoding=\"async\" width=\"850\" height=\"560\" src=\"http:\/\/4cantosalagoas.com.br\/portal\/wp-content\/uploads\/2022\/01\/IMG_7387.jpeg\" alt=\"\" class=\"wp-image-17107\" srcset=\"https:\/\/4cantosalagoas.com.br\/portal\/wp-content\/uploads\/2022\/01\/IMG_7387.jpeg 850w, https:\/\/4cantosalagoas.com.br\/portal\/wp-content\/uploads\/2022\/01\/IMG_7387-300x198.jpeg 300w, https:\/\/4cantosalagoas.com.br\/portal\/wp-content\/uploads\/2022\/01\/IMG_7387-768x506.jpeg 768w\" sizes=\"(max-width: 850px) 100vw, 850px\" \/><figcaption> <br><em>\u00c9 necess\u00e1rio confirmar a matr\u00edcula na unidade escolar para onde o aluno foi transferido. Foto: Pedro Farias\/Ascom Semed<\/em> <\/figcaption><\/figure>\n\n\n\n<p>Acaba nesta ter\u00e7a-feira (18) o prazo para confirma\u00e7\u00e3o da matr\u00edcula dos alunos da rede municipal que realizaram a transfer\u00eancia interna, seja por mudar de bairro ou por avan\u00e7ar da Educa\u00e7\u00e3o Infantil para o Ensino Fundamental. Ao longo do per\u00edodo, houve uma baixa procura dos pais ou respons\u00e1veis que n\u00e3o procuraram as unidades de ensino para fazerem a confirma\u00e7\u00e3o.<\/p>\n\n\n\n<p>Caso os pais ou respons\u00e1veis pelo estudante n\u00e3o compare\u00e7am a escola ou Centro Municipal de Educa\u00e7\u00e3o Infantil (Cmei) at\u00e9 o dia de hoje para confirmar a matr\u00edcula, os alunos ou crian\u00e7as poder\u00e3o perder a vaga. Por isso, \u00e9 necess\u00e1rio a ida at\u00e9 a nova unidade escolar para onde o estudante foi transferido para, ent\u00e3o, garantir o ano letivo.<\/p>\n\n\n\n<p>As vagas remanescentes da transfer\u00eancia interna ser\u00e3o disponibilizadas para a pr\u00e9-matr\u00edcula de alunos novatos da rede municipal. O resultado da pr\u00e9-matr\u00edcula est\u00e1 previsto para ser divulgado nos dias 25 a 28 de janeiro de 2022, no portal da&nbsp;<a href=\"https:\/\/maceio.al.gov.br\/\" target=\"_blank\" rel=\"noreferrer noopener\">Prefeitura de Macei\u00f3<\/a>.<\/p>\n\n\n\n<p>Para aqueles que perderam o prazo ou n\u00e3o conseguiram realizar a matr\u00edcula, as vagas remanescentes ser\u00e3o uma nova chance para o ingresso na rede municipal. Elas ser\u00e3o disponibilizadas a partir do dia 31 de janeiro at\u00e9 4 de fevereiro.<\/p>\n\n\n\n<p>Assessoria<\/p>\n","protected":false},"excerpt":{"rendered":"<p>Acaba nesta ter\u00e7a-feira (18) o prazo para confirma\u00e7\u00e3o da matr\u00edcula dos alunos da rede municipal que realizaram<\/p>\n","protected":false},"author":1,"featured_media":17107,"comment_status":"open","ping_status":"open","sticky":false,"template":"","format":"standard","meta":{"footnotes":""},"categories":[5],"tags":[],"class_list":["post-17106","post","type-post","status-publish","format-standard","has-post-thumbnail","hentry","category-maceio"],"_links":{"self":[{"href":"https:\/\/4cantosalagoas.com.br\/portal\/wp-json\/wp\/v2\/posts\/17106","targetHints":{"allow":["GET"]}}],"collection":[{"href":"https:\/\/4cantosalagoas.com.br\/portal\/wp-json\/wp\/v2\/posts"}],"about":[{"href":"https:\/\/4cantosalagoas.com.br\/portal\/wp-json\/wp\/v2\/types\/post"}],"author":[{"embeddable":true,"href":"https:\/\/4cantosalagoas.com.br\/portal\/wp-json\/wp\/v2\/users\/1"}],"replies":[{"embeddable":true,"href":"https:\/\/4cantosalagoas.com.br\/portal\/wp-json\/wp\/v2\/comments?post=17106"}],"version-history":[{"count":1,"href":"https:\/\/4cantosalagoas.com.br\/portal\/wp-json\/wp\/v2\/posts\/17106\/revisions"}],"predecessor-version":[{"id":17108,"href":"https:\/\/4cantosalagoas.com.br\/portal\/wp-json\/wp\/v2\/posts\/17106\/revisions\/17108"}],"wp:featuredmedia":[{"embeddable":true,"href":"https:\/\/4cantosalagoas.com.br\/portal\/wp-json\/wp\/v2\/media\/17107"}],"wp:attachment":[{"href":"https:\/\/4cantosalagoas.com.br\/portal\/wp-json\/wp\/v2\/media?parent=17106"}],"wp:term":[{"taxonomy":"category","embeddable":true,"href":"https:\/\/4cantosalagoas.com.br\/portal\/wp-json\/wp\/v2\/categories?post=17106"},{"taxonomy":"post_tag","embeddable":true,"href":"https:\/\/4cantosalagoas.com.br\/portal\/wp-json\/wp\/v2\/tags?post=17106"}],"curies":[{"name":"wp","href":"https:\/\/api.w.org\/{rel}","templated":true}]}}