{"id":17088,"date":"2022-01-17T08:05:00","date_gmt":"2022-01-17T11:05:00","guid":{"rendered":"http:\/\/4cantosalagoas.com.br\/portal\/?p=17088"},"modified":"2022-01-17T08:05:04","modified_gmt":"2022-01-17T11:05:04","slug":"prefeitura-de-maceio-lanca-o-projeto-ferias-no-parque-com-atividades-para-criancas-e-adultos","status":"publish","type":"post","link":"https:\/\/4cantosalagoas.com.br\/portal\/prefeitura-de-maceio-lanca-o-projeto-ferias-no-parque-com-atividades-para-criancas-e-adultos\/","title":{"rendered":"Prefeitura de Macei\u00f3 lan\u00e7a o Projeto F\u00e9rias no Parque com atividades para crian\u00e7as e adultos"},"content":{"rendered":"\n<figure class=\"wp-block-image\"><img fetchpriority=\"high\" decoding=\"async\" width=\"850\" height=\"560\" src=\"http:\/\/4cantosalagoas.com.br\/portal\/wp-content\/uploads\/2022\/01\/21102018-Parque-Municipal-Maceio-Rosa-PF_0004.jpg\" alt=\"\" class=\"wp-image-17089\" srcset=\"https:\/\/4cantosalagoas.com.br\/portal\/wp-content\/uploads\/2022\/01\/21102018-Parque-Municipal-Maceio-Rosa-PF_0004.jpg 850w, https:\/\/4cantosalagoas.com.br\/portal\/wp-content\/uploads\/2022\/01\/21102018-Parque-Municipal-Maceio-Rosa-PF_0004-300x198.jpg 300w, https:\/\/4cantosalagoas.com.br\/portal\/wp-content\/uploads\/2022\/01\/21102018-Parque-Municipal-Maceio-Rosa-PF_0004-768x506.jpg 768w\" sizes=\"(max-width: 850px) 100vw, 850px\" \/><figcaption> <br><em>Prefeitura de Macei\u00f3 lan\u00e7a o Projeto F\u00e9rias no Parque com atividades para crian\u00e7as e adultos. Foto: Secom Macei\u00f3<\/em> <\/figcaption><\/figure>\n\n\n\n<p>A partir da pr\u00f3xima sexta-feira (21), a Prefeitura de Macei\u00f3 lan\u00e7a o Projeto F\u00e9rias no Parque, trazendo uma programa\u00e7\u00e3o especial para crian\u00e7as e adultos. A a\u00e7\u00e3o tem como objetivo aproximar os participantes da natureza e aumentar a conscientiza\u00e7\u00e3o sobre a preserva\u00e7\u00e3o do meio ambiente. A programa\u00e7\u00e3o acontecer\u00e1 no Parque Municipal de Macei\u00f3, nos dias 21, 22 e 23 de janeiro.<\/p>\n\n\n\n<p>&#8220;A proposta do Projeto F\u00e9rias no Parque \u00e9 incentivar a visita dos adultos e crian\u00e7as ao Parque Municipal. Al\u00e9m de se divertir e aproveitar a natureza, as crian\u00e7as participar\u00e3o de atividades voltadas \u00e0 sustentabilidade para que tenham uma vis\u00e3o mais ampla de como podem nos ajudar a cuidar o meio ambiente&#8221;, disse a coordenadora dos parques Rafaela Brito.<\/p>\n\n\n\n<p>A programa\u00e7\u00e3o do projeto ter\u00e1 in\u00edcio na sexta-feira (21), a partir das 10h, e ir\u00e1 at\u00e9 o domingo (23). Situado no bairro de Bebedouro, o Parque Municipal, que \u00e9 administrado pela Superintend\u00eancia Municipal de Desenvolvimento Sustent\u00e1vel (Sudes), receber\u00e1 os participantes com trilhas ecol\u00f3gicas guiadas, oficinas de brinquedos sustent\u00e1veis e sab\u00e3o natural, palestras sobre a coleta seletiva, gincadas interativas e planta\u00e7\u00e3o de mudas de \u00e1rvores.<\/p>\n\n\n\n<figure class=\"wp-block-image\"><a href=\"https:\/\/maceioalgovbr.dhost.cloud\/uploads\/imagens\/26-10-2021-Mes-da-Crianca-Parque-Municipal-SUDES-Fotos-Bruno-Wesley-19-de-76.jpg\"><img decoding=\"async\" src=\"https:\/\/maceioalgovbr.dhost.cloud\/uploads\/imagens\/_845x560_crop_center-center_none\/26-10-2021-Mes-da-Crianca-Parque-Municipal-SUDES-Fotos-Bruno-Wesley-19-de-76.jpg\" alt=\"Visitantes ter\u00e3o oficina de brinquedos sustent\u00e1veis, al\u00e9m de outras atividades. Foto: Ascom Sudes\"\/><\/a><figcaption>Visitantes ter\u00e3o oficina de brinquedos sustent\u00e1veis, al\u00e9m de outras atividades. Foto: Ascom Sudes<\/figcaption><\/figure>\n\n\n\n<p>&#8220;Ser\u00e3o momentos de muita divers\u00e3o e aprendizagem, como por exemplo, aprender a fabricar o pr\u00f3prio brinquedo com material que antes seriam descartados, aprender sobre atividades que preservam a natureza e plantar mudas de \u00e1rvores, contribuindo para a arboriza\u00e7\u00e3o da cidade&#8221;, completou a coordenadora.<\/p>\n\n\n\n<p>Todas as atividades s\u00e3o gratuitas e n\u00e3o necessitam de inscri\u00e7\u00e3o. O uso de m\u00e1scara nas depend\u00eancias da reserva \u00e9 obrigat\u00f3ria. Al\u00e9m disso, haver\u00e1 aferi\u00e7\u00e3o de temperatura e aplica\u00e7\u00e3o de \u00e1lcool em gel na entrada do local.<\/p>\n\n\n\n<p>Assessoria<\/p>\n","protected":false},"excerpt":{"rendered":"<p>A partir da pr\u00f3xima sexta-feira (21), a Prefeitura de Macei\u00f3 lan\u00e7a o Projeto F\u00e9rias no Parque, trazendo<\/p>\n","protected":false},"author":1,"featured_media":17089,"comment_status":"open","ping_status":"open","sticky":false,"template":"","format":"standard","meta":{"footnotes":""},"categories":[5],"tags":[],"class_list":["post-17088","post","type-post","status-publish","format-standard","has-post-thumbnail","hentry","category-maceio"],"_links":{"self":[{"href":"https:\/\/4cantosalagoas.com.br\/portal\/wp-json\/wp\/v2\/posts\/17088","targetHints":{"allow":["GET"]}}],"collection":[{"href":"https:\/\/4cantosalagoas.com.br\/portal\/wp-json\/wp\/v2\/posts"}],"about":[{"href":"https:\/\/4cantosalagoas.com.br\/portal\/wp-json\/wp\/v2\/types\/post"}],"author":[{"embeddable":true,"href":"https:\/\/4cantosalagoas.com.br\/portal\/wp-json\/wp\/v2\/users\/1"}],"replies":[{"embeddable":true,"href":"https:\/\/4cantosalagoas.com.br\/portal\/wp-json\/wp\/v2\/comments?post=17088"}],"version-history":[{"count":1,"href":"https:\/\/4cantosalagoas.com.br\/portal\/wp-json\/wp\/v2\/posts\/17088\/revisions"}],"predecessor-version":[{"id":17090,"href":"https:\/\/4cantosalagoas.com.br\/portal\/wp-json\/wp\/v2\/posts\/17088\/revisions\/17090"}],"wp:featuredmedia":[{"embeddable":true,"href":"https:\/\/4cantosalagoas.com.br\/portal\/wp-json\/wp\/v2\/media\/17089"}],"wp:attachment":[{"href":"https:\/\/4cantosalagoas.com.br\/portal\/wp-json\/wp\/v2\/media?parent=17088"}],"wp:term":[{"taxonomy":"category","embeddable":true,"href":"https:\/\/4cantosalagoas.com.br\/portal\/wp-json\/wp\/v2\/categories?post=17088"},{"taxonomy":"post_tag","embeddable":true,"href":"https:\/\/4cantosalagoas.com.br\/portal\/wp-json\/wp\/v2\/tags?post=17088"}],"curies":[{"name":"wp","href":"https:\/\/api.w.org\/{rel}","templated":true}]}}