{"id":17083,"date":"2022-01-14T07:51:25","date_gmt":"2022-01-14T10:51:25","guid":{"rendered":"http:\/\/4cantosalagoas.com.br\/portal\/?p=17083"},"modified":"2022-01-14T07:51:27","modified_gmt":"2022-01-14T10:51:27","slug":"com-955-pontos-em-dezembro-consumo-tem-o-melhor-desempenho-de-2021","status":"publish","type":"post","link":"https:\/\/4cantosalagoas.com.br\/portal\/com-955-pontos-em-dezembro-consumo-tem-o-melhor-desempenho-de-2021\/","title":{"rendered":"Com 95,5 pontos em dezembro, consumo tem o melhor desempenho de 2021"},"content":{"rendered":"\n<figure class=\"wp-block-image\"><img fetchpriority=\"high\" decoding=\"async\" width=\"600\" height=\"450\" src=\"http:\/\/4cantosalagoas.com.br\/portal\/wp-content\/uploads\/2018\/05\/serr4.jpg\" alt=\"\" class=\"wp-image-3363\" srcset=\"https:\/\/4cantosalagoas.com.br\/portal\/wp-content\/uploads\/2018\/05\/serr4.jpg 600w, https:\/\/4cantosalagoas.com.br\/portal\/wp-content\/uploads\/2018\/05\/serr4-300x225.jpg 300w, https:\/\/4cantosalagoas.com.br\/portal\/wp-content\/uploads\/2018\/05\/serr4-375x281.jpg 375w, https:\/\/4cantosalagoas.com.br\/portal\/wp-content\/uploads\/2018\/05\/serr4-465x349.jpg 465w\" sizes=\"(max-width: 600px) 100vw, 600px\" \/><figcaption>Fecom\u00e9rcio AL (@FecomercioAL) | Twitter<\/figcaption><\/figure>\n\n\n\n<p>Pesquisa do Instituto Fecom\u00e9rcio AL realizada em parceria com a Confedera\u00e7\u00e3o Nacional do Com\u00e9rcio de Bens, Servi\u00e7os e Turismo (CNC) demonstra que o ritmo de final de ano repercutiu positivamente na capital alagoana e, em dezembro, a Inten\u00e7\u00e3o de Consumo das Fam\u00edlias (ICF) marcou 95,5 pontos, sendo o maior patamar de todo o ano de 2021. O desempenho marca uma trajet\u00f3ria ascendente com um incremento de 6,4% comparado a agosto do mesmo, quando registrou a menor pontua\u00e7\u00e3o com 89,3 pontos.<\/p>\n\n\n\n<p>Na varia\u00e7\u00e3o mensal (nov\/dez) houve um incremento de 2,5%, indicando uma tend\u00eancia de recupera\u00e7\u00e3o, tanto que o desempenho de dezembro ultrapassou o do m\u00eas de mar\u00e7o, at\u00e9 ent\u00e3o a maior marca anual com 93,4%. O indicador mensura o grau de satisfa\u00e7\u00e3o em termos de emprego, renda atual e capacidade de consumo e, embora tenha se mantido um ritmo crescente a partir de setembro, ainda permaneceu abaixo dos 100 pontos ao longo do ano.<\/p>\n\n\n\n<p>Como tradicionalmente acontece no per\u00edodo, a crescente no consumo foi&nbsp;impulsionada pela renda extra advinda do 13\u00ba sal\u00e1rio e das f\u00e9rias, refor\u00e7ada pelas festividades de final de ano e pela alta temporada do turismo em Macei\u00f3. \u201cEste conjunto de fatores pode ser somado \u00e0 estabilidade no caso de \u00f3bitos e contamina\u00e7\u00f5es de Covid-19, at\u00e9 ent\u00e3o sentida durante o segundo semestre de 2021, o que deu mais confian\u00e7a \u00e0s pessoas a frequentarem locais de consumo\u201d, acrescenta Victor Hortencio, assessor econ\u00f4mico da Federa\u00e7\u00e3o do Com\u00e9rcio do Estado de Alagoas (Fecom\u00e9rcio AL).<\/p>\n\n\n\n<p>Apesar de um cen\u00e1rio mais positivo, quando comparado dezembro de 2021 com o de 2020, 45,2% das fam\u00edlias disseram estar comprando menos e 54,4% acham que o consumo tende a continuar menor.<\/p>\n\n\n\n<p><strong>Sub\u00edndices<\/strong><\/p>\n\n\n\n<p>De acordo com a pesquisa, o sub\u00edndice que mensura o grau de no emprego atual teve queda de -0,5, o que pode indicar estabilidade nesse quadrante, considerando que entre os meses de junho e novembro houve um saldo positivo de 8.812 postos de trabalho entre o volume de admiss\u00f5es e desligamento. \u201cE em todos os meses do ano foram vistos saldos positivos da mesma forma. Apesar disso, segundo dados do IBGE, Alagoas ainda possui a quarta maior taxa de desocupa\u00e7\u00e3o do Brasil, com 17,1% da popula\u00e7\u00e3o desempregada\u201d, diz o economista.<\/p>\n\n\n\n<p>Tamb\u00e9m em queda, o sub\u00edndice de acesso ao cr\u00e9dito ficou -2,3 pontos abaixo do registrado em novembro, reflexo da alta de juros que fechou o ano 9,25%\u00a0 &#8211; o maior patamar desde 2017 &#8211; e ainda mantendo a tend\u00eancia de alta, segundo o Boletim FOCUS. \u201cEssa alta da taxa impacta de forma decisiva na contrata\u00e7\u00e3o de empr\u00e9stimos no pa\u00eds e, como consequ\u00eancia, afeta a inten\u00e7\u00e3o de consumo de bens dur\u00e1veis, que deve se manter est\u00e1vel ou com crescimento sem grande relev\u00e2ncia\u201d, explica Victor.<\/p>\n\n\n\n<p>Assessoria<\/p>\n","protected":false},"excerpt":{"rendered":"<p>Pesquisa do Instituto Fecom\u00e9rcio AL realizada em parceria com a Confedera\u00e7\u00e3o Nacional do Com\u00e9rcio de Bens, Servi\u00e7os<\/p>\n","protected":false},"author":1,"featured_media":3363,"comment_status":"open","ping_status":"open","sticky":false,"template":"","format":"standard","meta":{"footnotes":""},"categories":[60],"tags":[],"class_list":["post-17083","post","type-post","status-publish","format-standard","has-post-thumbnail","hentry","category-capa"],"_links":{"self":[{"href":"https:\/\/4cantosalagoas.com.br\/portal\/wp-json\/wp\/v2\/posts\/17083","targetHints":{"allow":["GET"]}}],"collection":[{"href":"https:\/\/4cantosalagoas.com.br\/portal\/wp-json\/wp\/v2\/posts"}],"about":[{"href":"https:\/\/4cantosalagoas.com.br\/portal\/wp-json\/wp\/v2\/types\/post"}],"author":[{"embeddable":true,"href":"https:\/\/4cantosalagoas.com.br\/portal\/wp-json\/wp\/v2\/users\/1"}],"replies":[{"embeddable":true,"href":"https:\/\/4cantosalagoas.com.br\/portal\/wp-json\/wp\/v2\/comments?post=17083"}],"version-history":[{"count":1,"href":"https:\/\/4cantosalagoas.com.br\/portal\/wp-json\/wp\/v2\/posts\/17083\/revisions"}],"predecessor-version":[{"id":17084,"href":"https:\/\/4cantosalagoas.com.br\/portal\/wp-json\/wp\/v2\/posts\/17083\/revisions\/17084"}],"wp:featuredmedia":[{"embeddable":true,"href":"https:\/\/4cantosalagoas.com.br\/portal\/wp-json\/wp\/v2\/media\/3363"}],"wp:attachment":[{"href":"https:\/\/4cantosalagoas.com.br\/portal\/wp-json\/wp\/v2\/media?parent=17083"}],"wp:term":[{"taxonomy":"category","embeddable":true,"href":"https:\/\/4cantosalagoas.com.br\/portal\/wp-json\/wp\/v2\/categories?post=17083"},{"taxonomy":"post_tag","embeddable":true,"href":"https:\/\/4cantosalagoas.com.br\/portal\/wp-json\/wp\/v2\/tags?post=17083"}],"curies":[{"name":"wp","href":"https:\/\/api.w.org\/{rel}","templated":true}]}}