{"id":17081,"date":"2022-01-14T07:49:10","date_gmt":"2022-01-14T10:49:10","guid":{"rendered":"http:\/\/4cantosalagoas.com.br\/portal\/?p=17081"},"modified":"2022-01-14T07:49:14","modified_gmt":"2022-01-14T10:49:14","slug":"policia-civil-prende-acusado-de-estupro-de-vulneravel-no-sertao-de-alagoas","status":"publish","type":"post","link":"https:\/\/4cantosalagoas.com.br\/portal\/policia-civil-prende-acusado-de-estupro-de-vulneravel-no-sertao-de-alagoas\/","title":{"rendered":"Pol\u00edcia Civil prende acusado de estupro de vulner\u00e1vel no Sert\u00e3o de Alagoas"},"content":{"rendered":"\n<figure class=\"wp-block-image\"><img fetchpriority=\"high\" decoding=\"async\" width=\"600\" height=\"400\" src=\"http:\/\/4cantosalagoas.com.br\/portal\/wp-content\/uploads\/2021\/07\/PC.thumbnail.jpg\" alt=\"\" class=\"wp-image-15644\" srcset=\"https:\/\/4cantosalagoas.com.br\/portal\/wp-content\/uploads\/2021\/07\/PC.thumbnail.jpg 600w, https:\/\/4cantosalagoas.com.br\/portal\/wp-content\/uploads\/2021\/07\/PC.thumbnail-300x200.jpg 300w\" sizes=\"(max-width: 600px) 100vw, 600px\" \/><figcaption>Assessoria<\/figcaption><\/figure>\n\n\n\n<p>Em uma opera\u00e7\u00e3o, policiais civis da Delegacia de Mata Grande, coordenados pelo delegado Rodrigo Cavalcanti prenderam na tarde desta quinta-feira (13) um foragido da Justi\u00e7a acusado de ter praticado estupro contra uma crian\u00e7a no munic\u00edpio.<\/p>\n\n\n\n<p>De acordo com o delegado, o homem de 42 anos, foi preso em cumprimento a mandado de pris\u00e3o preventiva por ter abusado sexualmente de uma menina de 12 anos, no ano de 2005.<\/p>\n\n\n\n<p>\u201cA crian\u00e7a foi fazer necessidades fisiol\u00f3gicas pr\u00f3ximo a sua casa, localizada na zona rural de Mata Grande, e o acusado se aproveitou e a puxou para o mato\u201d, disse Rodrigo Cavalcanti.<\/p>\n\n\n\n<p>O homem foi preso no s\u00edtio Lagoa do Copo, na zona rural do munic\u00edpio, e em seguida foi conduzido ao Centro Integrado de Seguran\u00e7a P\u00fablica (Cisp) de Mata Grande onde ficou recolhido a disposi\u00e7\u00e3o da Justi\u00e7a.<\/p>\n\n\n\n<p>Al\u00e9m do delegado Rodrigo Cavalcanti, o chefe de Opera\u00e7\u00f5es Jaeudson Ferreira e o de Cart\u00f3rio Venicius J\u00fanor participaram da pris\u00e3o do acusado.<\/p>\n\n\n\n<p>Assessoria<\/p>\n","protected":false},"excerpt":{"rendered":"<p>Em uma opera\u00e7\u00e3o, policiais civis da Delegacia de Mata Grande, coordenados pelo delegado Rodrigo Cavalcanti prenderam na<\/p>\n","protected":false},"author":1,"featured_media":15644,"comment_status":"open","ping_status":"open","sticky":false,"template":"","format":"standard","meta":{"footnotes":""},"categories":[60],"tags":[],"class_list":["post-17081","post","type-post","status-publish","format-standard","has-post-thumbnail","hentry","category-capa"],"_links":{"self":[{"href":"https:\/\/4cantosalagoas.com.br\/portal\/wp-json\/wp\/v2\/posts\/17081","targetHints":{"allow":["GET"]}}],"collection":[{"href":"https:\/\/4cantosalagoas.com.br\/portal\/wp-json\/wp\/v2\/posts"}],"about":[{"href":"https:\/\/4cantosalagoas.com.br\/portal\/wp-json\/wp\/v2\/types\/post"}],"author":[{"embeddable":true,"href":"https:\/\/4cantosalagoas.com.br\/portal\/wp-json\/wp\/v2\/users\/1"}],"replies":[{"embeddable":true,"href":"https:\/\/4cantosalagoas.com.br\/portal\/wp-json\/wp\/v2\/comments?post=17081"}],"version-history":[{"count":1,"href":"https:\/\/4cantosalagoas.com.br\/portal\/wp-json\/wp\/v2\/posts\/17081\/revisions"}],"predecessor-version":[{"id":17082,"href":"https:\/\/4cantosalagoas.com.br\/portal\/wp-json\/wp\/v2\/posts\/17081\/revisions\/17082"}],"wp:featuredmedia":[{"embeddable":true,"href":"https:\/\/4cantosalagoas.com.br\/portal\/wp-json\/wp\/v2\/media\/15644"}],"wp:attachment":[{"href":"https:\/\/4cantosalagoas.com.br\/portal\/wp-json\/wp\/v2\/media?parent=17081"}],"wp:term":[{"taxonomy":"category","embeddable":true,"href":"https:\/\/4cantosalagoas.com.br\/portal\/wp-json\/wp\/v2\/categories?post=17081"},{"taxonomy":"post_tag","embeddable":true,"href":"https:\/\/4cantosalagoas.com.br\/portal\/wp-json\/wp\/v2\/tags?post=17081"}],"curies":[{"name":"wp","href":"https:\/\/api.w.org\/{rel}","templated":true}]}}