{"id":17078,"date":"2022-01-14T07:45:58","date_gmt":"2022-01-14T10:45:58","guid":{"rendered":"http:\/\/4cantosalagoas.com.br\/portal\/?p=17078"},"modified":"2022-01-14T07:46:02","modified_gmt":"2022-01-14T10:46:02","slug":"mpe-da-15-dias-para-smtt-justificar-fechamento-de-parte-de-rua-onde-foi-instalada-cadeira-de-praia-gigante","status":"publish","type":"post","link":"https:\/\/4cantosalagoas.com.br\/portal\/mpe-da-15-dias-para-smtt-justificar-fechamento-de-parte-de-rua-onde-foi-instalada-cadeira-de-praia-gigante\/","title":{"rendered":"MPE d\u00e1 15 dias para SMTT justificar fechamento de parte de rua onde foi instalada cadeira de praia gigante"},"content":{"rendered":"\n<figure class=\"wp-block-image\"><img fetchpriority=\"high\" decoding=\"async\" width=\"1200\" height=\"950\" src=\"https:\/\/i0.wp.com\/4cantosalagoas.com.br\/portal\/wp-content\/uploads\/2022\/01\/fachada2018-1200x950.jpg?fit=1024%2C811\" alt=\"\" class=\"wp-image-17079\" srcset=\"https:\/\/4cantosalagoas.com.br\/portal\/wp-content\/uploads\/2022\/01\/fachada2018-1200x950.jpg 1200w, https:\/\/4cantosalagoas.com.br\/portal\/wp-content\/uploads\/2022\/01\/fachada2018-1200x950-300x238.jpg 300w, https:\/\/4cantosalagoas.com.br\/portal\/wp-content\/uploads\/2022\/01\/fachada2018-1200x950-768x608.jpg 768w, https:\/\/4cantosalagoas.com.br\/portal\/wp-content\/uploads\/2022\/01\/fachada2018-1200x950-1024x811.jpg 1024w\" sizes=\"(max-width: 1200px) 100vw, 1200px\" \/><figcaption>Assessoria<\/figcaption><\/figure>\n\n\n\n<p>Diante de v\u00e1rias reclama\u00e7\u00f5es feitas pela comunidade local, o Minist\u00e9rio P\u00fablico do Estado de Alagoas (MPAL), por meio da 66\u00aa\u00ba Promotoria de Urbanismo, instaurou o procedimento Not\u00edcia de Fato n] 01.2022.00000107-0 e destinou of\u00edcio ao gestor da Superintend\u00eancia Municipal de Transporte e Tr\u00e2nsito (SMTT), Andr\u00e9 Santos Costa, para que, no prazo de 15 dias, esclare\u00e7a fechamento de parte da Rua Valdo Omena, na Ponta Verde, para a instala\u00e7\u00e3o de um \u201cespa\u00e7o instagram\u00e1vel\u201d.<\/p>\n\n\n\n<p>O promotor de Justi\u00e7a Jorge D\u00f3ria, em seus considerandos, deixa claro que para haver mudan\u00e7a de finalidade ou uso de um bem usado coletivamente, \u00e9 preciso que haja um tr\u00e2mite e que, para tal, um ato de desafeta\u00e7\u00e3o com justificativas convincentes e acatadas. Moradores locais afirmam que a modifica\u00e7\u00e3o no trecho para instala\u00e7\u00e3o da cadeira de praia gigante trouxe transtornos.<\/p>\n\n\n\n<p>\u201cDeixamos claro que o question\u00e1vel nesse procedimento \u00e9 a mudan\u00e7a na referida rua, o que tem servido para diversas queixas feitas pela comunidade e precisamos que sejam apresentadas as justificativas pelo \u00f3rg\u00e3o competente. O Minist\u00e9rio P\u00fablico fica no aguardo e, conforme o recebido, adotar\u00e1 as medidas necess\u00e1rias\u201d, afirma D\u00f3ria.<\/p>\n\n\n\n<p>O prazo estipulado para a manifesta\u00e7\u00e3o da SMTT, come\u00e7a a partir dessa quarta-feira,12.<\/p>\n\n\n\n<p>Assessoria<\/p>\n","protected":false},"excerpt":{"rendered":"<p>Diante de v\u00e1rias reclama\u00e7\u00f5es feitas pela comunidade local, o Minist\u00e9rio P\u00fablico do Estado de Alagoas (MPAL), por<\/p>\n","protected":false},"author":1,"featured_media":17079,"comment_status":"open","ping_status":"open","sticky":false,"template":"","format":"standard","meta":{"footnotes":""},"categories":[60],"tags":[],"class_list":["post-17078","post","type-post","status-publish","format-standard","has-post-thumbnail","hentry","category-capa"],"_links":{"self":[{"href":"https:\/\/4cantosalagoas.com.br\/portal\/wp-json\/wp\/v2\/posts\/17078","targetHints":{"allow":["GET"]}}],"collection":[{"href":"https:\/\/4cantosalagoas.com.br\/portal\/wp-json\/wp\/v2\/posts"}],"about":[{"href":"https:\/\/4cantosalagoas.com.br\/portal\/wp-json\/wp\/v2\/types\/post"}],"author":[{"embeddable":true,"href":"https:\/\/4cantosalagoas.com.br\/portal\/wp-json\/wp\/v2\/users\/1"}],"replies":[{"embeddable":true,"href":"https:\/\/4cantosalagoas.com.br\/portal\/wp-json\/wp\/v2\/comments?post=17078"}],"version-history":[{"count":1,"href":"https:\/\/4cantosalagoas.com.br\/portal\/wp-json\/wp\/v2\/posts\/17078\/revisions"}],"predecessor-version":[{"id":17080,"href":"https:\/\/4cantosalagoas.com.br\/portal\/wp-json\/wp\/v2\/posts\/17078\/revisions\/17080"}],"wp:featuredmedia":[{"embeddable":true,"href":"https:\/\/4cantosalagoas.com.br\/portal\/wp-json\/wp\/v2\/media\/17079"}],"wp:attachment":[{"href":"https:\/\/4cantosalagoas.com.br\/portal\/wp-json\/wp\/v2\/media?parent=17078"}],"wp:term":[{"taxonomy":"category","embeddable":true,"href":"https:\/\/4cantosalagoas.com.br\/portal\/wp-json\/wp\/v2\/categories?post=17078"},{"taxonomy":"post_tag","embeddable":true,"href":"https:\/\/4cantosalagoas.com.br\/portal\/wp-json\/wp\/v2\/tags?post=17078"}],"curies":[{"name":"wp","href":"https:\/\/api.w.org\/{rel}","templated":true}]}}