{"id":17049,"date":"2022-01-10T18:20:01","date_gmt":"2022-01-10T21:20:01","guid":{"rendered":"http:\/\/4cantosalagoas.com.br\/portal\/?p=17049"},"modified":"2022-01-10T18:20:06","modified_gmt":"2022-01-10T21:20:06","slug":"quer-casar-na-praia-saiba-como-pedir-autorizacao-para-eventos-na-capelinha-de-jaragua","status":"publish","type":"post","link":"https:\/\/4cantosalagoas.com.br\/portal\/quer-casar-na-praia-saiba-como-pedir-autorizacao-para-eventos-na-capelinha-de-jaragua\/","title":{"rendered":"Quer casar na praia? Saiba como pedir autoriza\u00e7\u00e3o para eventos na Capelinha de Jaragu\u00e1"},"content":{"rendered":"\n<figure class=\"wp-block-image\"><img fetchpriority=\"high\" decoding=\"async\" width=\"850\" height=\"560\" src=\"http:\/\/4cantosalagoas.com.br\/portal\/wp-content\/uploads\/2022\/01\/ORLA-01-13.jpg\" alt=\"\" class=\"wp-image-17050\" srcset=\"https:\/\/4cantosalagoas.com.br\/portal\/wp-content\/uploads\/2022\/01\/ORLA-01-13.jpg 850w, https:\/\/4cantosalagoas.com.br\/portal\/wp-content\/uploads\/2022\/01\/ORLA-01-13-300x198.jpg 300w, https:\/\/4cantosalagoas.com.br\/portal\/wp-content\/uploads\/2022\/01\/ORLA-01-13-768x506.jpg 768w\" sizes=\"(max-width: 850px) 100vw, 850px\" \/><figcaption> <br><em>Foto: Davysson Mendes\/Secom Macei\u00f3<\/em> <\/figcaption><\/figure>\n\n\n\n<p>Casar na praia \u00e9 um sonho de muitos casais que agora pode ser realizado na orla mais bonita do Brasil. A Capelinha de Jaragu\u00e1, na areia da Praia da Avenida, em Macei\u00f3, est\u00e1 aberta a qualquer interessado em realizar eventos ecum\u00eanicos.<\/p>\n\n\n\n<p>Para os casais que quiserem celebrar a uni\u00e3o nesse novo cart\u00e3o postal da capital alagoana, \u00e9 preciso se dirigir \u00e0 Secretaria Municipal de Seguran\u00e7a Comunit\u00e1ria e Conv\u00edvio Social (Semscs) e solicitar o espa\u00e7o para a realiza\u00e7\u00e3o do evento. O pr\u00e9dio sede da secretaria est\u00e1 localizado na Rua Alexandre Passos, no bairro de Jaragu\u00e1, e o atendimento \u00e9 feito de 8h \u00e0s 14h.<\/p>\n\n\n\n<p>A solicita\u00e7\u00e3o deve ser feita mediante of\u00edcio direcionado \u00e0 Coordena\u00e7\u00e3o de An\u00e1lise e Licenciamento de Eventos, Publicidade e Utiliza\u00e7\u00e3o Sonora da Semscs, com uma anteced\u00eancia de pelo menos 30 dias. Junto ao documento, que deve constar a data e a hora da cerim\u00f4nia, tamb\u00e9m \u00e9 necess\u00e1rio ter o croqui da estrutura que ser\u00e1 montada, especificando os materiais que ser\u00e3o utilizados.<\/p>\n\n\n\n<p>Ap\u00f3s a an\u00e1lise do pedido e do deferimento da vistoria dos fiscais de posturas da Semscs, \u00e9 emitida uma lista das anu\u00eancias necess\u00e1rias dos \u00f3rg\u00e3os municipais e estaduais reguladores de eventos, al\u00e9m da emiss\u00e3o da taxa de utiliza\u00e7\u00e3o sonora. Com essa etapa conclu\u00edda, a Semscs faz a emiss\u00e3o do alvar\u00e1 de autoriza\u00e7\u00e3o do evento.<\/p>\n\n\n\n<p>\u201cA Prefeitura quer que a popula\u00e7\u00e3o se aproprie dos espa\u00e7os que s\u00e3o dela, s\u00e3o dos moradores. Queremos fomentar o sentimento de pertencimento, essa troca afetiva entre a cidade e sua gente. A capela da Praia da Avenida foi instalada para que os casais, de todas as religi\u00f5es, possam celebrar sua uni\u00e3o em um lugar lindo e acess\u00edvel a todos. Quem tiver interesse, pode procurar o Munic\u00edpio, que ficaremos muito felizes em ver este local sendo utilizado. Tudo o que est\u00e1 sendo feito pela Prefeitura \u00e9 para uso do maceioense e do turista\u201d, refor\u00e7a Claydson Moura, secret\u00e1rio executivo do Gabinete do Prefeito.<\/p>\n\n\n\n<p>Assessoria<\/p>\n","protected":false},"excerpt":{"rendered":"<p>Casar na praia \u00e9 um sonho de muitos casais que agora pode ser realizado na orla mais<\/p>\n","protected":false},"author":1,"featured_media":17050,"comment_status":"open","ping_status":"open","sticky":false,"template":"","format":"standard","meta":{"footnotes":""},"categories":[5],"tags":[],"class_list":["post-17049","post","type-post","status-publish","format-standard","has-post-thumbnail","hentry","category-maceio"],"_links":{"self":[{"href":"https:\/\/4cantosalagoas.com.br\/portal\/wp-json\/wp\/v2\/posts\/17049","targetHints":{"allow":["GET"]}}],"collection":[{"href":"https:\/\/4cantosalagoas.com.br\/portal\/wp-json\/wp\/v2\/posts"}],"about":[{"href":"https:\/\/4cantosalagoas.com.br\/portal\/wp-json\/wp\/v2\/types\/post"}],"author":[{"embeddable":true,"href":"https:\/\/4cantosalagoas.com.br\/portal\/wp-json\/wp\/v2\/users\/1"}],"replies":[{"embeddable":true,"href":"https:\/\/4cantosalagoas.com.br\/portal\/wp-json\/wp\/v2\/comments?post=17049"}],"version-history":[{"count":1,"href":"https:\/\/4cantosalagoas.com.br\/portal\/wp-json\/wp\/v2\/posts\/17049\/revisions"}],"predecessor-version":[{"id":17051,"href":"https:\/\/4cantosalagoas.com.br\/portal\/wp-json\/wp\/v2\/posts\/17049\/revisions\/17051"}],"wp:featuredmedia":[{"embeddable":true,"href":"https:\/\/4cantosalagoas.com.br\/portal\/wp-json\/wp\/v2\/media\/17050"}],"wp:attachment":[{"href":"https:\/\/4cantosalagoas.com.br\/portal\/wp-json\/wp\/v2\/media?parent=17049"}],"wp:term":[{"taxonomy":"category","embeddable":true,"href":"https:\/\/4cantosalagoas.com.br\/portal\/wp-json\/wp\/v2\/categories?post=17049"},{"taxonomy":"post_tag","embeddable":true,"href":"https:\/\/4cantosalagoas.com.br\/portal\/wp-json\/wp\/v2\/tags?post=17049"}],"curies":[{"name":"wp","href":"https:\/\/api.w.org\/{rel}","templated":true}]}}