{"id":17024,"date":"2022-01-06T11:02:20","date_gmt":"2022-01-06T14:02:20","guid":{"rendered":"http:\/\/4cantosalagoas.com.br\/portal\/?p=17024"},"modified":"2022-01-06T11:02:26","modified_gmt":"2022-01-06T14:02:26","slug":"orla-lagunar-vai-ganhar-novo-visual-com-melhorias-promovidas-pela-prefeitura","status":"publish","type":"post","link":"https:\/\/4cantosalagoas.com.br\/portal\/orla-lagunar-vai-ganhar-novo-visual-com-melhorias-promovidas-pela-prefeitura\/","title":{"rendered":"Orla lagunar vai ganhar novo visual com melhorias promovidas pela Prefeitura"},"content":{"rendered":"\n<figure class=\"wp-block-image\"><img fetchpriority=\"high\" decoding=\"async\" width=\"850\" height=\"560\" src=\"http:\/\/4cantosalagoas.com.br\/portal\/wp-content\/uploads\/2022\/01\/04-01-2022-Melhorias-Orla-Lagunar-Levada-EXEC-Foto-Itawi-Albuquerque-49.jpg\" alt=\"\" class=\"wp-image-17025\" srcset=\"https:\/\/4cantosalagoas.com.br\/portal\/wp-content\/uploads\/2022\/01\/04-01-2022-Melhorias-Orla-Lagunar-Levada-EXEC-Foto-Itawi-Albuquerque-49.jpg 850w, https:\/\/4cantosalagoas.com.br\/portal\/wp-content\/uploads\/2022\/01\/04-01-2022-Melhorias-Orla-Lagunar-Levada-EXEC-Foto-Itawi-Albuquerque-49-300x198.jpg 300w, https:\/\/4cantosalagoas.com.br\/portal\/wp-content\/uploads\/2022\/01\/04-01-2022-Melhorias-Orla-Lagunar-Levada-EXEC-Foto-Itawi-Albuquerque-49-768x506.jpg 768w\" sizes=\"(max-width: 850px) 100vw, 850px\" \/><figcaption> <br><em>Foto: Itawi Albuquerque\/Secom Macei\u00f3<\/em> <\/figcaption><\/figure>\n\n\n\n<p>A orla lagunar de Macei\u00f3 passar\u00e1, a partir desta quarta-feira (5), por uma s\u00e9rie de melhorias para tornar o ambiente mais agrad\u00e1vel para a popula\u00e7\u00e3o local e para os motoristas que trafegam pela regi\u00e3o.<\/p>\n\n\n\n<p>Al\u00e9m de uma grande limpeza, o local vai receber sinaliza\u00e7\u00e3o vertical e horizontal, jardinagem, ilumina\u00e7\u00e3o e equipamentos para uso comum, como mesas, cadeiras e balan\u00e7os para as crian\u00e7as.<\/p>\n\n\n\n<figure class=\"wp-block-image\"><a href=\"https:\/\/maceioalgovbr.dhost.cloud\/uploads\/imagens\/04-01-2022-Melhorias-orla-lagunar-Vergel-do-Lago-fotos-Barbara-Wanderley.JPG\"><img decoding=\"async\" src=\"https:\/\/maceioalgovbr.dhost.cloud\/uploads\/imagens\/_300xAUTO_crop_center-center_none\/04-01-2022-Melhorias-orla-lagunar-Vergel-do-Lago-fotos-Barbara-Wanderley.JPG\" alt=\"Foto: Barbara Wanderley\/Secom Macei\u00f3\"\/><\/a><figcaption>Foto: Barbara Wanderley\/Secom Macei\u00f3<\/figcaption><\/figure>\n\n\n\n<p>Os trabalhos s\u00e3o coordenados pela Secretaria Executiva do Gabinete do Prefeito, e envolvem a Superintend\u00eancia de Desenvolvimento Sustent\u00e1vel (Sudes), a Secretaria de Seguran\u00e7a Comunit\u00e1ria e Conv\u00edvio Social (Semscs) e a Secretaria de Assist\u00eancia Social (Semas).<\/p>\n\n\n\n<p>Para viabilizar as obras, a orla lagunar, que tem aproximadamente 5 quil\u00f4metros, foi dividida em dez trechos de 500 metros. O primeiro deles, logo ap\u00f3s o Canal da Levada, deve ser conclu\u00eddo em tr\u00eas semanas, iniciando com a a\u00e7\u00e3o de limpeza.<\/p>\n\n\n\n<h4 class=\"wp-block-heading\">GALERIA DE FOTOS<\/h4>\n\n\n\n<figure class=\"wp-block-image\"><a href=\"https:\/\/maceioalgovbr.dhost.cloud\/uploads\/imagens\/04-01-2022-Melhorias-orla-lagunar-Vergel-do-Lago-fotos-Barbara-Wanderley-2.JPG\"><img decoding=\"async\" src=\"https:\/\/maceioalgovbr.dhost.cloud\/uploads\/imagens\/_206x160_crop_center-center_none\/04-01-2022-Melhorias-orla-lagunar-Vergel-do-Lago-fotos-Barbara-Wanderley-2.JPG\" alt=\"\"\/><\/a><\/figure>\n\n\n\n<figure class=\"wp-block-image\"><a href=\"https:\/\/maceioalgovbr.dhost.cloud\/uploads\/imagens\/04-01-2022-Melhorias-orla-lagunar-Vergel-do-Lago-fotos-Barbara-Wanderley-3.JPG\"><img decoding=\"async\" src=\"https:\/\/maceioalgovbr.dhost.cloud\/uploads\/imagens\/_206x160_crop_center-center_none\/04-01-2022-Melhorias-orla-lagunar-Vergel-do-Lago-fotos-Barbara-Wanderley-3.JPG\" alt=\"\"\/><\/a><\/figure>\n\n\n\n<p><em>Fotos: Barbara Wanderley\/Secom Macei\u00f3<\/em><\/p>\n\n\n\n<p>Entulhos e at\u00e9 ve\u00edculos abandonados que hoje ocupam o canteiro central dever\u00e3o ser retirados pelos respons\u00e1veis. Para isso, a Semscs ir\u00e1 notific\u00e1-los e dar o prazo de dois dias para o recolhimento.<\/p>\n\n\n\n<p>E, em paralelo, a Assist\u00eancia Social far\u00e1 um trabalho de conscientiza\u00e7\u00e3o da popula\u00e7\u00e3o sobre a relev\u00e2ncia da opera\u00e7\u00e3o para Macei\u00f3 e sobre a necessidade de preservar o espa\u00e7o e mant\u00ea-lo limpo e organizado.<\/p>\n\n\n\n<figure class=\"wp-block-image\"><a href=\"https:\/\/maceioalgovbr.dhost.cloud\/uploads\/imagens\/04-01-2022-Melhorias-orla-lagunar-Vergel-do-Lago-fotos-Barbara-Wanderley-4.JPG\"><img decoding=\"async\" src=\"https:\/\/maceioalgovbr.dhost.cloud\/uploads\/imagens\/_300xAUTO_crop_center-center_none\/04-01-2022-Melhorias-orla-lagunar-Vergel-do-Lago-fotos-Barbara-Wanderley-4.JPG\" alt=\"Foto: Barbara Wanderley\/Secom Macei\u00f3\"\/><\/a><figcaption>Foto: Barbara Wanderley\/Secom Macei\u00f3<\/figcaption><\/figure>\n\n\n\n<p>\u201cA orla lagunar \u00e9 uma importante regi\u00e3o de Macei\u00f3 e merece total aten\u00e7\u00e3o do Munic\u00edpio. A determina\u00e7\u00e3o do prefeito JHC \u00e9 que a cidade receba melhorias em todos os bairros. Macei\u00f3 deve ser &#8216;massa&#8217; da beira da praia \u00e0 beira da lagoa. Por isso, estamos unindo esfor\u00e7os para estar presente na vida das pessoas que moram na regi\u00e3o, com a\u00e7\u00f5es de poda, recupera\u00e7\u00e3o de passeios, ilumina\u00e7\u00e3o e outras a\u00e7\u00f5es para levar dignidade ao local\u201d, destacou o secret\u00e1rio executivo do Gabinete do Prefeito, Claydson Moura.<\/p>\n\n\n\n<p>Veja o projeto no v\u00eddeo:Pause03:08-02:20MuteSettingsPIPEnter fullscreen<br><\/p>\n","protected":false},"excerpt":{"rendered":"<p>A orla lagunar de Macei\u00f3 passar\u00e1, a partir desta quarta-feira (5), por uma s\u00e9rie de melhorias para<\/p>\n","protected":false},"author":1,"featured_media":17025,"comment_status":"open","ping_status":"open","sticky":false,"template":"","format":"standard","meta":{"footnotes":""},"categories":[5],"tags":[],"class_list":["post-17024","post","type-post","status-publish","format-standard","has-post-thumbnail","hentry","category-maceio"],"_links":{"self":[{"href":"https:\/\/4cantosalagoas.com.br\/portal\/wp-json\/wp\/v2\/posts\/17024","targetHints":{"allow":["GET"]}}],"collection":[{"href":"https:\/\/4cantosalagoas.com.br\/portal\/wp-json\/wp\/v2\/posts"}],"about":[{"href":"https:\/\/4cantosalagoas.com.br\/portal\/wp-json\/wp\/v2\/types\/post"}],"author":[{"embeddable":true,"href":"https:\/\/4cantosalagoas.com.br\/portal\/wp-json\/wp\/v2\/users\/1"}],"replies":[{"embeddable":true,"href":"https:\/\/4cantosalagoas.com.br\/portal\/wp-json\/wp\/v2\/comments?post=17024"}],"version-history":[{"count":1,"href":"https:\/\/4cantosalagoas.com.br\/portal\/wp-json\/wp\/v2\/posts\/17024\/revisions"}],"predecessor-version":[{"id":17026,"href":"https:\/\/4cantosalagoas.com.br\/portal\/wp-json\/wp\/v2\/posts\/17024\/revisions\/17026"}],"wp:featuredmedia":[{"embeddable":true,"href":"https:\/\/4cantosalagoas.com.br\/portal\/wp-json\/wp\/v2\/media\/17025"}],"wp:attachment":[{"href":"https:\/\/4cantosalagoas.com.br\/portal\/wp-json\/wp\/v2\/media?parent=17024"}],"wp:term":[{"taxonomy":"category","embeddable":true,"href":"https:\/\/4cantosalagoas.com.br\/portal\/wp-json\/wp\/v2\/categories?post=17024"},{"taxonomy":"post_tag","embeddable":true,"href":"https:\/\/4cantosalagoas.com.br\/portal\/wp-json\/wp\/v2\/tags?post=17024"}],"curies":[{"name":"wp","href":"https:\/\/api.w.org\/{rel}","templated":true}]}}