{"id":16973,"date":"2022-01-03T09:46:51","date_gmt":"2022-01-03T12:46:51","guid":{"rendered":"http:\/\/4cantosalagoas.com.br\/portal\/?p=16973"},"modified":"2022-01-03T09:46:52","modified_gmt":"2022-01-03T12:46:52","slug":"projeto-infancia-realiza-apresentacao-teatral-de-obra-adaptada-de-graciliano-ramos-e-oficina-no-teatro-sala","status":"publish","type":"post","link":"https:\/\/4cantosalagoas.com.br\/portal\/projeto-infancia-realiza-apresentacao-teatral-de-obra-adaptada-de-graciliano-ramos-e-oficina-no-teatro-sala\/","title":{"rendered":"Projeto Inf\u00e2ncia realiza apresenta\u00e7\u00e3o teatral de obra adaptada de Graciliano Ramos e Oficina no Teatro Sala"},"content":{"rendered":"\n<figure class=\"wp-block-image\"><img fetchpriority=\"high\" decoding=\"async\" width=\"1024\" height=\"1280\" src=\"https:\/\/i1.wp.com\/4cantosalagoas.com.br\/portal\/wp-content\/uploads\/2022\/01\/x23.jpg?fit=819%2C1024\" alt=\"\" class=\"wp-image-16974\" srcset=\"https:\/\/4cantosalagoas.com.br\/portal\/wp-content\/uploads\/2022\/01\/x23.jpg 1024w, https:\/\/4cantosalagoas.com.br\/portal\/wp-content\/uploads\/2022\/01\/x23-240x300.jpg 240w, https:\/\/4cantosalagoas.com.br\/portal\/wp-content\/uploads\/2022\/01\/x23-768x960.jpg 768w, https:\/\/4cantosalagoas.com.br\/portal\/wp-content\/uploads\/2022\/01\/x23-819x1024.jpg 819w\" sizes=\"(max-width: 1024px) 100vw, 1024px\" \/><figcaption>Divulga\u00e7\u00e3o<\/figcaption><\/figure>\n\n\n\n<p> A Escola T\u00e9cnica de Artes da Universidade Federal de Alagoas &#8211; ETA\/UFAL recebe no dia 03 de janeiro o espet\u00e1culo teatral \u201cInf\u00e2ncia\u201d, uma obra adaptada do livro hom\u00f4nimo do escritor alagoano Gracilianos Ramos em forma de teatraliza\u00e7\u00e3o musicada dirigida e contracenada por Ney Piacentini e Alexandre Rosa, diretamente de S\u00e3o Paulo. A obra ser\u00e1 apresentada na Sala Preta do Espa\u00e7o Cultural da Ufal, \u00e0s 19 horas, e os ingressos s\u00e3o gratuitos e ilimitados, sendo distribu\u00eddos 1h antes. Acontece tambem dentro da A\u00e7\u00e3o Dia 04 de Janeiro a Oficina Demonstra\u00e7\u00f5es m\u00fasico-teatrais.<br><\/p>\n\n\n\n<p>A obra publicada em 1945 faz com que o leitor acompanhe todos os momentos da vida de Graciliano Ramos, desde seus primeiros anos de vida, sua dura viv\u00eancia com a fam\u00edlia e, claro, a sua aproxima\u00e7\u00e3o ao mundo da literatura. A adapta\u00e7\u00e3o vai manter a vers\u00e3o original com bastante m\u00fasica, trazendo um recorte significativo sobre a falta de trato de sua educa\u00e7\u00e3o familiar, a precariedade do ambiente escolar e suas dificuldades na incurs\u00e3o na arte de ler e escrever.<br><\/p>\n\n\n\n<p>Sobre o espet\u00e1culo e a chega em Macei\u00f3, Alexandre Rosa nos fala que: &#8220;Atrav\u00e9s do projeto visitamos os lugares onde Graciliano viveu a sua inf\u00e2ncia, e finalmente chegamos em Macei\u00f3.O espet\u00e1culo \u00e9 repleto de humor e m\u00fasica autoral, e contamos com a presen\u00e7a de todos.&#8221;<br>\u201cO espet\u00e1culo \u00e9 emocionante e bem humorado, e estamos muito felizes em poder apresent\u00e1-lo nas terras em que Graciliano viveu. Agradecemos imensamente todo o apoio, principalmente da Escola T\u00e9cnica de Artes, sem esse apoio n\u00e3o estar\u00edamos aqui para promover a arte&#8221;, finaliza Ney Piacentini.<br><\/p>\n\n\n\n<p>O p\u00fablico tamb\u00e9m contar\u00e1 com a oficinaDemonstra\u00e7\u00f5es m\u00fasico-teatrais, no dia 04 de janeiro, \u00e0s 18h, na Sala Preta, que abordar\u00e1 o processo de cria\u00e7\u00e3o e uni\u00e3o de texto e m\u00fasica para o espet\u00e1culo com algumas demonstra\u00e7\u00f5es. A entrada \u00e9 livre para todos os interessados.<br><\/p>\n\n\n\n<p>O espet\u00e1culo \u00e9 um projeto pr\u00f3prio da uni\u00e3o entre Ney Piacentini, ator da Companhia do Lat\u00e3o e p\u00f3s-doutorando em Teatro pela Universidade Estadual Paulista (Unesp), e Alexandre Rosa, m\u00fasico da Orquestra Sinf\u00f4nica do Estado de S\u00e3o Paulo (Osesp) e professor doutor de contrabaixo. E conta com o apoio cultural da Escola T\u00e9cnica de Artes da Ufal, Espa\u00e7o Cultural, Associa\u00e7\u00e3o Cultural Joana Gajuru e a Resid\u00eancia Art\u00edstica da Ufal.<br><\/p>\n\n\n\n<p>SERVI\u00c7O:<br>O QUE: Espet\u00e1culo Inf\u00e2ncia &#8211; de Graciliano RamosQUANDO: 03 de janeiro de 2021, \u00e0s 19hONDE: Sala Preta do Espa\u00e7o Cultural, na Pra\u00e7a Sinimb\u00fa &#8211; Centro.INGRESSOS: Distribu\u00eddos gratuitamente 1 hora antes<br>O QUE: Oficina Demonstra\u00e7\u00f5es m\u00fasico-teatrais.QUANDO: 04 de janeiro de 2021, \u00e0s 18hONDE: Sala Preta do Espa\u00e7o Cultural, na Pra\u00e7a Sinimb\u00fa &#8211; Centro.acesso livre. <\/p>\n\n\n\n<p>Assessoria<\/p>\n","protected":false},"excerpt":{"rendered":"<p>A Escola T\u00e9cnica de Artes da Universidade Federal de Alagoas &#8211; ETA\/UFAL recebe no dia 03 de<\/p>\n","protected":false},"author":1,"featured_media":16974,"comment_status":"open","ping_status":"open","sticky":false,"template":"","format":"standard","meta":{"footnotes":""},"categories":[60],"tags":[],"class_list":["post-16973","post","type-post","status-publish","format-standard","has-post-thumbnail","hentry","category-capa"],"_links":{"self":[{"href":"https:\/\/4cantosalagoas.com.br\/portal\/wp-json\/wp\/v2\/posts\/16973","targetHints":{"allow":["GET"]}}],"collection":[{"href":"https:\/\/4cantosalagoas.com.br\/portal\/wp-json\/wp\/v2\/posts"}],"about":[{"href":"https:\/\/4cantosalagoas.com.br\/portal\/wp-json\/wp\/v2\/types\/post"}],"author":[{"embeddable":true,"href":"https:\/\/4cantosalagoas.com.br\/portal\/wp-json\/wp\/v2\/users\/1"}],"replies":[{"embeddable":true,"href":"https:\/\/4cantosalagoas.com.br\/portal\/wp-json\/wp\/v2\/comments?post=16973"}],"version-history":[{"count":1,"href":"https:\/\/4cantosalagoas.com.br\/portal\/wp-json\/wp\/v2\/posts\/16973\/revisions"}],"predecessor-version":[{"id":16975,"href":"https:\/\/4cantosalagoas.com.br\/portal\/wp-json\/wp\/v2\/posts\/16973\/revisions\/16975"}],"wp:featuredmedia":[{"embeddable":true,"href":"https:\/\/4cantosalagoas.com.br\/portal\/wp-json\/wp\/v2\/media\/16974"}],"wp:attachment":[{"href":"https:\/\/4cantosalagoas.com.br\/portal\/wp-json\/wp\/v2\/media?parent=16973"}],"wp:term":[{"taxonomy":"category","embeddable":true,"href":"https:\/\/4cantosalagoas.com.br\/portal\/wp-json\/wp\/v2\/categories?post=16973"},{"taxonomy":"post_tag","embeddable":true,"href":"https:\/\/4cantosalagoas.com.br\/portal\/wp-json\/wp\/v2\/tags?post=16973"}],"curies":[{"name":"wp","href":"https:\/\/api.w.org\/{rel}","templated":true}]}}