{"id":16966,"date":"2021-12-31T07:50:25","date_gmt":"2021-12-31T10:50:25","guid":{"rendered":"http:\/\/4cantosalagoas.com.br\/portal\/?p=16966"},"modified":"2021-12-31T07:50:43","modified_gmt":"2021-12-31T10:50:43","slug":"smtt-monta-plano-especial-para-acoes-do-reveillon-na-orla-de-maceio","status":"publish","type":"post","link":"https:\/\/4cantosalagoas.com.br\/portal\/smtt-monta-plano-especial-para-acoes-do-reveillon-na-orla-de-maceio\/","title":{"rendered":"SMTT monta plano especial para a\u00e7\u00f5es do R\u00e9veillon na orla de Macei\u00f3"},"content":{"rendered":"\n<figure class=\"wp-block-image\"><img fetchpriority=\"high\" decoding=\"async\" width=\"1024\" height=\"683\" src=\"http:\/\/4cantosalagoas.com.br\/portal\/wp-content\/uploads\/2021\/04\/smtt-1024x683.jpg\" alt=\"\" class=\"wp-image-14730\" srcset=\"https:\/\/4cantosalagoas.com.br\/portal\/wp-content\/uploads\/2021\/04\/smtt.jpg 1024w, https:\/\/4cantosalagoas.com.br\/portal\/wp-content\/uploads\/2021\/04\/smtt-300x200.jpg 300w, https:\/\/4cantosalagoas.com.br\/portal\/wp-content\/uploads\/2021\/04\/smtt-768x512.jpg 768w\" sizes=\"(max-width: 1024px) 100vw, 1024px\" \/><figcaption> Foto: Arquivo Secom Macei\u00f3 <\/figcaption><\/figure>\n\n\n\n<p>A Superintend\u00eancia Municipal de Transportes e Tr\u00e2nsito (SMTT) elaborou um esquema especial de tr\u00e2nsito para atuar durante as a\u00e7\u00f5es comemorativas da virada de ano. A opera\u00e7\u00e3o tem como objetivo garantir a seguran\u00e7a vi\u00e1ria e os riscos para as pessoas que estar\u00e3o nas vias pra assistir a queima de fogos realizada pela Prefeitura de Macei\u00f3. O plano tem in\u00edcio a partir das 20h desta sexta-feira (31) e segue at\u00e9 \u00e0s 2 horas de s\u00e1bado (1\u00ba).<\/p>\n\n\n\n<figure class=\"wp-block-image\"><a href=\"https:\/\/maceioalgovbr.dhost.cloud\/uploads\/imagens\/05-12-21-Inauguracao-Viaduto-Jacintinho-Jacintinho-SMTT-Por-Joyce-Juliana-23.jpg\"><img decoding=\"async\" src=\"https:\/\/maceioalgovbr.dhost.cloud\/uploads\/imagens\/_845xAUTO_crop_center-center_none\/05-12-21-Inauguracao-Viaduto-Jacintinho-Jacintinho-SMTT-Por-Joyce-Juliana-23.jpg\" alt=\"Ser\u00e3o realizadas interven\u00e7\u00f5es e patrulhamentos de vias durante o evento. Foto: Ascom SMTT\/Joyce Juliana\"\/><\/a><figcaption>Ser\u00e3o realizadas interven\u00e7\u00f5es e patrulhamentos de vias durante o evento. Foto: Ascom SMTT\/Joyce Juliana<\/figcaption><\/figure>\n\n\n\n<p>Durante a a\u00e7\u00e3o, equipes de agentes da SMTT far\u00e3o rondas e ficar\u00e3o em pontos fixos distribu\u00eddos pelas vias da orla da capital, obedecendo os trechos onde acontecer\u00e3o as queimas de fogos. Tamb\u00e9m haver\u00e1 desvios no itiner\u00e1rio das linhas de \u00f4nibus que trafegam pela regi\u00e3o onde acontecer\u00e3o os atos de final de ano.<\/p>\n\n\n\n<p>Os bloqueios acontecer\u00e3o nas seguintes vias:<\/p>\n\n\n\n<p>\u2022 Av. Dep. Jos\u00e9 Lages\/ Av. \u00c1lvaro Otac\u00edlio;<br>\u2022 Rua Dr. Noel Nutels \/ Rua Sen. Rui Palmeira;<br>\u2022 Rua Pompeu Sarmento \/ Rua Sandoval Arroxelas;<br>\u2022 Rua Cl\u00e1udio Ramos \/ Rua Jos\u00e9 Sampaio Luz;<br>\u2022 Rua Higia Vasconcelos \/ Rua Rubens Canuto;<br>\u2022 Rua Francisco Laranjeiras \/ Rua Durval Guimar\u00e3es;<br>\u2022 Rua Francisco Laranjeiras \/ Rua M\u00e1rio de Gusm\u00e3o;<br>\u2022 Rua Francisco Laranjeiras\/ Rua Humberto Guimar\u00e3es;<br>\u2022 Av. S\u00edlvio Viana \/ Rua Higia Vasconcelos;<br>\u2022 Rua M\u00e1rio de Gusm\u00e3o \/ Rua Pompeu Sarmento;<br>\u2022 Rua Saleiro Pit\u00e3o (Ant\u00f4nio Cansan\u00e7\u00e3o) \/ Rua Higia Vasconcelos;<br>\u2022 Rua Sandoval Arroxelas \/ Rua \u00c1lvaro Otac\u00edlio;<br>\u2022 Rua H\u00edgia Vasconcelos \/ Rua M\u00e1rio de Gusm\u00e3o;<br>\u2022 Av. S\u00edlvio Vianna \/ Rua Pompeu Sarmento;<br>\u2022 Av. S\u00edlvio Vianna \/ Rua Valdo Omena;<br>\u2022 Av. S\u00edlvio Vianna \/ Rua Jos\u00e9 Freire Moura;<br>\u2022 Av. S\u00edlvio Vianna \/ Rua Carlos Ten\u00f3rio<br>\u2022 Av. S\u00edlvio Vianna (lado oposto ao edf. Talassa)<\/p>\n\n\n\n<figure class=\"wp-block-image\"><a href=\"https:\/\/maceioalgovbr.dhost.cloud\/uploads\/imagens\/WhatsApp-Image-2021-12-30-at-12.04.52.jpeg\"><img decoding=\"async\" src=\"https:\/\/maceioalgovbr.dhost.cloud\/uploads\/imagens\/_845xAUTO_crop_center-center_none\/WhatsApp-Image-2021-12-30-at-12.04.52.jpeg\" alt=\"\"\/><\/a><\/figure>\n\n\n\n<p>&#8220;O objetivo das interdi\u00e7\u00f5es dessas vias, \u00e9 garantir a seguran\u00e7a vi\u00e1ria de todas as pessoas que se deslocar\u00e3o at\u00e9 os locais onde ocorrer\u00e3o os shows pirot\u00e9cnicos. A SMTT estar\u00e1 presente com uma estrutura log\u00edstica para garantir que essas pessoas realizem a travessia nas vias com seguran\u00e7a para acompanhar os eventos&#8221;, comentou o diretor de Opera\u00e7\u00f5es de Mobilidade da SMTT, Ricardo Duarte.<\/p>\n\n\n\n<p>Com os bloqueios, algumas linhas de \u00f4nibus que circulam pela Rua Engenheiro Mario de Gusm\u00e3o e pela Avenida \u00c1lvaro Otac\u00edlio ter\u00e3o os trajetos modificados. A altera\u00e7\u00e3o no itiner\u00e1rio segue o mesmo hor\u00e1rio programado para as interven\u00e7\u00f5es vi\u00e1rias, ou seja, das 20h de sexta-feira \u00e0s 2h de s\u00e1bado.<\/p>\n\n\n\n<p>As linhas que tem itiner\u00e1rio pela rua Engenheiro M\u00e1rio de Gusm\u00e3o ter\u00e3o os seus itiner\u00e1rios alterados pela avenida Pompeu Sarmento, rua Doutor Noel Nutels, Avenida Deputado Jose Lajes, avenida \u00c1lvaro Otac\u00edlio e da\u00ed seguindo com a opera\u00e7\u00e3o habitual.<\/p>\n\n\n\n<p>J\u00e1 as linhas que utilizam a avenida \u00c1lvaro Otac\u00edlio, ter\u00e3o a programa\u00e7\u00e3o pela Avenida Deputado Jose Lajes, rua Lourenco Moreira da Silva, rua Valdo Omena, Avenida Durval Guimaraes, seguindo o seu itiner\u00e1rio normal.<\/p>\n\n\n\n<p>Os usu\u00e1rios do transporte p\u00fablico devem se deslocar para pontos de \u00f4nibus mais pr\u00f3ximos, conforme descrito nas altera\u00e7\u00f5es dos trajetos.<\/p>\n\n\n\n<p>Assessoria<\/p>\n","protected":false},"excerpt":{"rendered":"<p>A Superintend\u00eancia Municipal de Transportes e Tr\u00e2nsito (SMTT) elaborou um esquema especial de tr\u00e2nsito para atuar durante<\/p>\n","protected":false},"author":1,"featured_media":14730,"comment_status":"open","ping_status":"open","sticky":false,"template":"","format":"standard","meta":{"footnotes":""},"categories":[60],"tags":[],"class_list":["post-16966","post","type-post","status-publish","format-standard","has-post-thumbnail","hentry","category-capa"],"_links":{"self":[{"href":"https:\/\/4cantosalagoas.com.br\/portal\/wp-json\/wp\/v2\/posts\/16966","targetHints":{"allow":["GET"]}}],"collection":[{"href":"https:\/\/4cantosalagoas.com.br\/portal\/wp-json\/wp\/v2\/posts"}],"about":[{"href":"https:\/\/4cantosalagoas.com.br\/portal\/wp-json\/wp\/v2\/types\/post"}],"author":[{"embeddable":true,"href":"https:\/\/4cantosalagoas.com.br\/portal\/wp-json\/wp\/v2\/users\/1"}],"replies":[{"embeddable":true,"href":"https:\/\/4cantosalagoas.com.br\/portal\/wp-json\/wp\/v2\/comments?post=16966"}],"version-history":[{"count":1,"href":"https:\/\/4cantosalagoas.com.br\/portal\/wp-json\/wp\/v2\/posts\/16966\/revisions"}],"predecessor-version":[{"id":16967,"href":"https:\/\/4cantosalagoas.com.br\/portal\/wp-json\/wp\/v2\/posts\/16966\/revisions\/16967"}],"wp:featuredmedia":[{"embeddable":true,"href":"https:\/\/4cantosalagoas.com.br\/portal\/wp-json\/wp\/v2\/media\/14730"}],"wp:attachment":[{"href":"https:\/\/4cantosalagoas.com.br\/portal\/wp-json\/wp\/v2\/media?parent=16966"}],"wp:term":[{"taxonomy":"category","embeddable":true,"href":"https:\/\/4cantosalagoas.com.br\/portal\/wp-json\/wp\/v2\/categories?post=16966"},{"taxonomy":"post_tag","embeddable":true,"href":"https:\/\/4cantosalagoas.com.br\/portal\/wp-json\/wp\/v2\/tags?post=16966"}],"curies":[{"name":"wp","href":"https:\/\/api.w.org\/{rel}","templated":true}]}}