{"id":16919,"date":"2021-12-23T09:10:47","date_gmt":"2021-12-23T12:10:47","guid":{"rendered":"http:\/\/4cantosalagoas.com.br\/portal\/?p=16919"},"modified":"2021-12-23T09:10:51","modified_gmt":"2021-12-23T12:10:51","slug":"mercados-feiras-livres-e-shoppings-populares-funcionam-nesta-sexta-24","status":"publish","type":"post","link":"https:\/\/4cantosalagoas.com.br\/portal\/mercados-feiras-livres-e-shoppings-populares-funcionam-nesta-sexta-24\/","title":{"rendered":"Mercados, feiras-livres e shoppings populares funcionam nesta sexta (24)"},"content":{"rendered":"\n<figure class=\"wp-block-image\"><img fetchpriority=\"high\" decoding=\"async\" width=\"1024\" height=\"683\" src=\"http:\/\/4cantosalagoas.com.br\/portal\/wp-content\/uploads\/2021\/06\/mercado-1024x683.jpg\" alt=\"\" class=\"wp-image-15075\" srcset=\"https:\/\/4cantosalagoas.com.br\/portal\/wp-content\/uploads\/2021\/06\/mercado.jpg 1024w, https:\/\/4cantosalagoas.com.br\/portal\/wp-content\/uploads\/2021\/06\/mercado-300x200.jpg 300w, https:\/\/4cantosalagoas.com.br\/portal\/wp-content\/uploads\/2021\/06\/mercado-768x512.jpg 768w\" sizes=\"(max-width: 1024px) 100vw, 1024px\" \/><figcaption>Estabelecimentos ter\u00e3o mudan\u00e7as no hor\u00e1rio de funcionamento. Foto: Victor Vercant\/Secom Macei\u00f3 <\/figcaption><\/figure>\n\n\n\n<p>Por conta das festividades de final de ano, os mercados p\u00fablicos, feiras-livres e shoppings populares estar\u00e3o com hor\u00e1rios especiais. Atendendo a alta demanda na procura por alimentos para ceia, presentes de natal e vestu\u00e1rio, esse costuma ser um dos per\u00edodos mais movimentados do ano em rela\u00e7\u00e3o ao com\u00e9rcio.<\/p>\n\n\n\n<p>Lugares como o Centro Pesqueiro do Jaragu\u00e1 e Shopping Popular, localizado no Centro, estendem seu funcionamento aos domingos e segundas, assim como, estar\u00e3o abertos durante a v\u00e9spera de Natal. Ap\u00f3s as festividades, os mercados estar\u00e3o normalizando seus hor\u00e1rios.<\/p>\n\n\n\n<p>Todos os mercados e feiras estar\u00e3o em funcionamento durante a v\u00e9spera de Natal, nesta sexta-feira (24), e estar\u00e3o fechando no dia 01 de janeiro. Apenas o Shopping Popular, no Centro, feirinha da Jati\u00faca e mercado do Jaragu\u00e1 estar\u00e3o fechados no s\u00e1bado (25).<\/p>\n\n\n\n<p><strong>Confira os Hor\u00e1rios de funcionamento:<\/strong><\/p>\n\n\n\n<p><strong>SHOPPING POPULAR:<\/strong><\/p>\n\n\n\n<p><strong>22 \u00e0 24\/12<\/strong>&nbsp;&#8211; 8h \u00e0s 18h<\/p>\n\n\n\n<p><strong>25 e 26\/12 &#8211; FECHADO<\/strong><\/p>\n\n\n\n<p><strong>27 \u00e0 31\/12<\/strong>&nbsp;&#8211; 8h \u00e0s 18h<\/p>\n\n\n\n<p><strong>01 e 02\/01<\/strong>&nbsp;<strong>&#8211; FECHADO<\/strong><br><\/p>\n\n\n\n<p><strong>MERCADO E FEIRA JACINTINHO:<\/strong><\/p>\n\n\n\n<p><strong>22 \u00e0 24\/12<\/strong>&nbsp;&#8211; 5h \u00e0s 14h<\/p>\n\n\n\n<p><strong>25\/12<\/strong>&nbsp;&#8211; 5h \u00e0s 13h<\/p>\n\n\n\n<p><strong>26\/12<\/strong>&nbsp;&#8211; 5h \u00e0s 13h<\/p>\n\n\n\n<p><strong>27 \u00e0 31\/12<\/strong>&nbsp;&#8211; 5h \u00e0s 14h<\/p>\n\n\n\n<p><strong>01\/01 &#8211; FECHADO<\/strong><\/p>\n\n\n\n<p><strong>MERCADO BENEDITO BENTES:<\/strong><\/p>\n\n\n\n<p><strong>22 \u00e0 24\/12&nbsp;<\/strong>&#8211; 7h \u00e0s 16h<\/p>\n\n\n\n<p><strong>25\/12<\/strong>&nbsp;&#8211; 7h \u00e0s 14h<\/p>\n\n\n\n<p><strong>26\/12&nbsp;<\/strong>&#8211; 7h \u00e0s 13h<\/p>\n\n\n\n<p><strong>27 \u00e0 31\/12<\/strong>&nbsp;&#8211; 7h \u00e0s 16h<\/p>\n\n\n\n<p><strong>01\/01 &#8211; FECHADO<\/strong><\/p>\n\n\n\n<p><strong>MERCADO DA PRODU\u00c7\u00c3O e MERCADO CEASA:<\/strong><\/p>\n\n\n\n<p><strong>22 \u00e0 24\/12<\/strong>&nbsp;&#8211; 5h \u00e0s 14h<\/p>\n\n\n\n<p><strong>25 e 26\/12<\/strong>&nbsp;&#8211; 5h \u00e0s 12h<\/p>\n\n\n\n<p><strong>27 \u00e0 30\/12<\/strong>&nbsp;&#8211; 5h \u00e0s 14h<\/p>\n\n\n\n<p><strong>31\/12<\/strong>&nbsp;&#8211; 5h \u00e0s 12h<\/p>\n\n\n\n<p><strong>01\/01 &#8211; FECHADO<\/strong><\/p>\n\n\n\n<p><strong>MERCADO JARAGU\u00c1:<\/strong>&nbsp;<\/p>\n\n\n\n<p><strong>SEGUNDA \u00c0 SEXTA<\/strong>: 7h \u00e0s 15h30&nbsp;<\/p>\n\n\n\n<p><strong>25\/12 e 26\/12 &#8211; FECHADO<\/strong><\/p>\n\n\n\n<p><strong>01\/01 e 02\/01 &#8211; FECHADO<\/strong><\/p>\n\n\n\n<p><strong>FEIRINHA JATI\u00daCA:<\/strong><\/p>\n\n\n\n<p><strong>22 \u00e0 24\/12<\/strong>&nbsp;&#8211; 7h \u00e0s 16h<\/p>\n\n\n\n<p><strong>25\/12 &#8211; FECHADO<\/strong><\/p>\n\n\n\n<p><strong>26\/12<\/strong>&nbsp;&#8211; 7h \u00e0s 12h<\/p>\n\n\n\n<p><strong>27 \u00e0 31\/12<\/strong>&nbsp;&#8211; 7h \u00e0s 16h<\/p>\n\n\n\n<p><strong>01\/01<\/strong>&nbsp;<strong>&#8211; FECHADO<\/strong><\/p>\n\n\n\n<p><strong>MERCADO E FEIRINHA DO TABULEIRO:<\/strong><\/p>\n\n\n\n<p><strong>22 \u00e0 24\/12&nbsp;<\/strong>&#8211; 5h \u00e0s 14h<\/p>\n\n\n\n<p><strong>25 e 26\/12<\/strong>&nbsp;&#8211; 5h \u00e0s 12h<\/p>\n\n\n\n<p><strong>27 \u00e0 30\/12<\/strong>&nbsp;&#8211; 5h \u00e0s 14h<\/p>\n\n\n\n<p><strong>31\/12<\/strong>&nbsp;&#8211; 5h \u00e0s 12h<\/p>\n\n\n\n<p><strong>01\/01 &#8211; FECHADO<\/strong><\/p>\n\n\n\n<p><strong>MERCADO CAET\u00c9S:<\/strong><\/p>\n\n\n\n<p><strong>22 \u00e0 24\/12&nbsp;<\/strong>&#8211; 6h \u00e0s 15h<\/p>\n\n\n\n<p><strong>25 e 26\/12<\/strong>&nbsp;&#8211; 6h \u00e0s 12h<\/p>\n\n\n\n<p><strong>27\/12 &#8211; FECHADO<\/strong><\/p>\n\n\n\n<p><strong>28 \u00e0 31\/12<\/strong>&nbsp;&#8211; 6h \u00e0s 15h<\/p>\n\n\n\n<p><strong>01\/01 &#8211; FECHADO<\/strong><\/p>\n\n\n\n<p><strong>SHOPPING POPULAR CAET\u00c9S:<\/strong><\/p>\n\n\n\n<p><strong>22 \u00e0 23\/12<\/strong>&nbsp;&#8211; 10h \u00e0s 21h<\/p>\n\n\n\n<p><strong>24\/12&nbsp;<\/strong>&#8211; 9h \u00e0s 15h<\/p>\n\n\n\n<p><strong>25 e 26\/12&nbsp;<\/strong>&#8211; 9h \u00e0s 12h<\/p>\n\n\n\n<p><strong>27\/12 &#8211; FECHADO<\/strong><\/p>\n\n\n\n<p><strong>28 \u00e0 30\/12<\/strong>&nbsp;&#8211; 9h \u00e0s 21h<\/p>\n\n\n\n<p><strong>31\/12<\/strong>&nbsp;&#8211; 9h \u00e0s 15h<\/p>\n\n\n\n<p><strong>01\/01 &#8211; FECHADO<\/strong>&nbsp;<\/p>\n\n\n\n<p><strong>CENTRO PESQUEIRO DO JARAGU\u00c1<\/strong>&nbsp;<\/p>\n\n\n\n<p><strong>22 \u00e0 23\/12<\/strong>&nbsp;&#8211; 7h \u00e0s 16h<\/p>\n\n\n\n<p><strong>24\/12<\/strong>&nbsp;&#8211; 6h \u00e0s 14h<\/p>\n\n\n\n<p><strong>25\/12 \u00e0 30\/12<\/strong>&nbsp;&#8211; 7h \u00e0s 16h<\/p>\n\n\n\n<p><strong>31\/12<\/strong>&nbsp;&#8211; 6h \u00e0s 14h<\/p>\n\n\n\n<p><strong>01\/01 &#8211; FECHADO<\/strong><\/p>\n\n\n\n<p><strong>MERCADO DO ARTESANATO:<\/strong><\/p>\n\n\n\n<p><strong>22 \u00e0 25\/12&nbsp;<\/strong>&#8211; 8h \u00e0s 16h<\/p>\n\n\n\n<p><strong>26\/12<\/strong>&nbsp;-7h \u00e0s 12h<br><strong>27 \u00e0 31\/12<\/strong>&nbsp;&#8211; 8h \u00e0s 16h<\/p>\n\n\n\n<p><strong>01\/01 &#8211; FECHADO<\/strong><\/p>\n","protected":false},"excerpt":{"rendered":"<p>Por conta das festividades de final de ano, os mercados p\u00fablicos, feiras-livres e shoppings populares estar\u00e3o com<\/p>\n","protected":false},"author":1,"featured_media":14830,"comment_status":"open","ping_status":"open","sticky":false,"template":"","format":"standard","meta":{"footnotes":""},"categories":[60],"tags":[],"class_list":["post-16919","post","type-post","status-publish","format-standard","has-post-thumbnail","hentry","category-capa"],"_links":{"self":[{"href":"https:\/\/4cantosalagoas.com.br\/portal\/wp-json\/wp\/v2\/posts\/16919","targetHints":{"allow":["GET"]}}],"collection":[{"href":"https:\/\/4cantosalagoas.com.br\/portal\/wp-json\/wp\/v2\/posts"}],"about":[{"href":"https:\/\/4cantosalagoas.com.br\/portal\/wp-json\/wp\/v2\/types\/post"}],"author":[{"embeddable":true,"href":"https:\/\/4cantosalagoas.com.br\/portal\/wp-json\/wp\/v2\/users\/1"}],"replies":[{"embeddable":true,"href":"https:\/\/4cantosalagoas.com.br\/portal\/wp-json\/wp\/v2\/comments?post=16919"}],"version-history":[{"count":1,"href":"https:\/\/4cantosalagoas.com.br\/portal\/wp-json\/wp\/v2\/posts\/16919\/revisions"}],"predecessor-version":[{"id":16920,"href":"https:\/\/4cantosalagoas.com.br\/portal\/wp-json\/wp\/v2\/posts\/16919\/revisions\/16920"}],"wp:featuredmedia":[{"embeddable":true,"href":"https:\/\/4cantosalagoas.com.br\/portal\/wp-json\/wp\/v2\/media\/14830"}],"wp:attachment":[{"href":"https:\/\/4cantosalagoas.com.br\/portal\/wp-json\/wp\/v2\/media?parent=16919"}],"wp:term":[{"taxonomy":"category","embeddable":true,"href":"https:\/\/4cantosalagoas.com.br\/portal\/wp-json\/wp\/v2\/categories?post=16919"},{"taxonomy":"post_tag","embeddable":true,"href":"https:\/\/4cantosalagoas.com.br\/portal\/wp-json\/wp\/v2\/tags?post=16919"}],"curies":[{"name":"wp","href":"https:\/\/api.w.org\/{rel}","templated":true}]}}