{"id":16864,"date":"2021-12-17T07:43:11","date_gmt":"2021-12-17T10:43:11","guid":{"rendered":"http:\/\/4cantosalagoas.com.br\/portal\/?p=16864"},"modified":"2021-12-17T07:43:15","modified_gmt":"2021-12-17T10:43:15","slug":"domingao-da-vacinacao-integra-acoes-de-imunizacao-dos-maceioenses","status":"publish","type":"post","link":"https:\/\/4cantosalagoas.com.br\/portal\/domingao-da-vacinacao-integra-acoes-de-imunizacao-dos-maceioenses\/","title":{"rendered":"\u2019Doming\u00e3o da vacina\u00e7\u00e3o\u2019 integra a\u00e7\u00f5es de imuniza\u00e7\u00e3o dos maceioenses"},"content":{"rendered":"\n<figure class=\"wp-block-image\"><img fetchpriority=\"high\" decoding=\"async\" width=\"683\" height=\"1024\" src=\"http:\/\/4cantosalagoas.com.br\/portal\/wp-content\/uploads\/2021\/07\/vacina2-1-683x1024.jpeg\" alt=\"\" class=\"wp-image-15400\" srcset=\"https:\/\/4cantosalagoas.com.br\/portal\/wp-content\/uploads\/2021\/07\/vacina2-1.jpeg 683w, https:\/\/4cantosalagoas.com.br\/portal\/wp-content\/uploads\/2021\/07\/vacina2-1-200x300.jpeg 200w\" sizes=\"(max-width: 683px) 100vw, 683px\" \/><figcaption>Foto: Secom Macei\u00f3 \u2013 Arquivo <\/figcaption><\/figure>\n\n\n\n<p>Em mais uma a\u00e7\u00e3o inovadora, a Prefeitura de Macei\u00f3 realiza o \u2018Doming\u00e3o da Vacina\u00e7\u00e3o\u2019, uma grande mobiliza\u00e7\u00e3o de imuniza\u00e7\u00e3o dos maceioenses. Neste domingo (19), os quatro pontos fixos, 18 unidades de sa\u00fade, o Terminal Rodovi\u00e1rio e o CAT M\u00f3vel vacinar\u00e3o contra a covid-19 por toda a capital.<\/p>\n\n\n\n<p>Exclusivamente neste dia, a tarifa de transporte p\u00fablico ser\u00e1 gratuita para quem comprovar que est\u00e1 indo tomar a 2\u00aa ou 3\u00aa dose da vacina contra a Covid-19. Para isso, basta apresentar o cart\u00e3o de vacina ao motorista, que liberar\u00e1 o embarque do usu\u00e1rio no transporte coletivo.<\/p>\n\n\n\n<p>Com mais de 1,5 milh\u00e3o de doses aplicadas, Macei\u00f3 j\u00e1 contabiliza mais de 85% da popula\u00e7\u00e3o adulta imunizada contra a Covid-19 e 75% da popula\u00e7\u00e3o vacin\u00e1vel (a partir dos 12 anos).&nbsp;<\/p>\n\n\n\n<p>\u201cSempre foi nossa prioridade salvar vidas, vacinando a popula\u00e7\u00e3o com a maior efici\u00eancia poss\u00edvel. Vemos o resultado das a\u00e7\u00f5es da Prefeitura, do trabalho permanente dos nossos profissionais e da ades\u00e3o da popula\u00e7\u00e3o na redu\u00e7\u00e3o de interna\u00e7\u00f5es e mortes por Covid-19. E para aqueles que ainda n\u00e3o garantiram a imuniza\u00e7\u00e3o, Macei\u00f3 traz o \u2018Doming\u00e3o da Vacina\u00e7\u00e3o\u2019, que estar\u00e1 espalhado por toda a cidade\u201d, detalha Claydson Moura, coordenador do Gabinete de Gest\u00e3o Integrada para o Enfrentamento da Covid-19.&nbsp;<\/p>\n\n\n\n<p><strong>Confira locais e hor\u00e1rios de vacina\u00e7\u00e3o<\/strong><\/p>\n\n\n\n<p><strong><em>Unidades de sa\u00fade &#8211; 9h \u00e0s 16h<\/em><\/strong><\/p>\n\n\n\n<p>Osvaldo Brand\u00e3o Vilela (Ponta da Terra),&nbsp;<\/p>\n\n\n\n<p>Durval Cortez (Prado),&nbsp;<\/p>\n\n\n\n<p>Pitanguinha,&nbsp;<\/p>\n\n\n\n<p>Ant\u00f4nio de P\u00e1dua (Petr\u00f3polis),&nbsp;<\/p>\n\n\n\n<p>Jos\u00e9 Ten\u00f3rio (Serraria),&nbsp;<\/p>\n\n\n\n<p>Hamilton Falc\u00e3o (Benedito Bentes),&nbsp;<\/p>\n\n\n\n<p>Tereza Barbosa (Eust\u00e1quio Gomes),&nbsp;<\/p>\n\n\n\n<p>Maria Concei\u00e7\u00e3o Fonseca Paranhos (Jacarecica),<\/p>\n\n\n\n<p>II Centro de Sa\u00fade (Pra\u00e7a da Maravilha, Po\u00e7o),&nbsp;<\/p>\n\n\n\n<p>Roland Simon (Vergel),&nbsp;<\/p>\n\n\n\n<p>Jos\u00e9 Guedes de Farias (Conjunto Medeiros Neto, Santa Am\u00e9lia),&nbsp;<\/p>\n\n\n\n<p>Cl\u00e1udio Medeiros (Rio Novo),&nbsp;<\/p>\n\n\n\n<p>Jos\u00e9 Maria Vasconcelos Neto (S\u00e3o Jorge),&nbsp;<\/p>\n\n\n\n<p>Paulo Leal (Feitosa),&nbsp;<\/p>\n\n\n\n<p>Aliomar Lins (Benedito Bentes),&nbsp;<\/p>\n\n\n\n<p>Arthur Ramos (Henrique Equelman),&nbsp;<\/p>\n\n\n\n<p>Pimentel Amorim (Salvador Lyra),<\/p>\n\n\n\n<p>Marlene Lanverly (Santa L\u00facia) e<\/p>\n\n\n\n<p><strong><br><em>Pontos fixos &#8211; 9h \u00e0s 17h<\/em><\/strong><\/p>\n\n\n\n<p>Macei\u00f3 shopping (Mangabeiras)<\/p>\n\n\n\n<p>Terminal de \u00d4nibus do Osman Loureiro (Clima Bom),&nbsp;<\/p>\n\n\n\n<p>Pap\u00f3dromo (Vergel)<\/p>\n\n\n\n<p>Pra\u00e7a Padre C\u00edcero (Benedito Bentes)<\/p>\n\n\n\n<p>Terminal Rodovi\u00e1rio (Feitosa) &#8211; 9h \u00e0s 16h<\/p>\n\n\n\n<p>CAT M\u00f3vel (Ponta Verde) &#8211; 10h \u00e0s 21h<\/p>\n\n\n\n<p>Assessoria<\/p>\n","protected":false},"excerpt":{"rendered":"<p>Em mais uma a\u00e7\u00e3o inovadora, a Prefeitura de Macei\u00f3 realiza o \u2018Doming\u00e3o da Vacina\u00e7\u00e3o\u2019, uma grande mobiliza\u00e7\u00e3o<\/p>\n","protected":false},"author":1,"featured_media":15400,"comment_status":"open","ping_status":"open","sticky":false,"template":"","format":"standard","meta":{"footnotes":""},"categories":[60],"tags":[],"class_list":["post-16864","post","type-post","status-publish","format-standard","has-post-thumbnail","hentry","category-capa"],"_links":{"self":[{"href":"https:\/\/4cantosalagoas.com.br\/portal\/wp-json\/wp\/v2\/posts\/16864","targetHints":{"allow":["GET"]}}],"collection":[{"href":"https:\/\/4cantosalagoas.com.br\/portal\/wp-json\/wp\/v2\/posts"}],"about":[{"href":"https:\/\/4cantosalagoas.com.br\/portal\/wp-json\/wp\/v2\/types\/post"}],"author":[{"embeddable":true,"href":"https:\/\/4cantosalagoas.com.br\/portal\/wp-json\/wp\/v2\/users\/1"}],"replies":[{"embeddable":true,"href":"https:\/\/4cantosalagoas.com.br\/portal\/wp-json\/wp\/v2\/comments?post=16864"}],"version-history":[{"count":1,"href":"https:\/\/4cantosalagoas.com.br\/portal\/wp-json\/wp\/v2\/posts\/16864\/revisions"}],"predecessor-version":[{"id":16865,"href":"https:\/\/4cantosalagoas.com.br\/portal\/wp-json\/wp\/v2\/posts\/16864\/revisions\/16865"}],"wp:featuredmedia":[{"embeddable":true,"href":"https:\/\/4cantosalagoas.com.br\/portal\/wp-json\/wp\/v2\/media\/15400"}],"wp:attachment":[{"href":"https:\/\/4cantosalagoas.com.br\/portal\/wp-json\/wp\/v2\/media?parent=16864"}],"wp:term":[{"taxonomy":"category","embeddable":true,"href":"https:\/\/4cantosalagoas.com.br\/portal\/wp-json\/wp\/v2\/categories?post=16864"},{"taxonomy":"post_tag","embeddable":true,"href":"https:\/\/4cantosalagoas.com.br\/portal\/wp-json\/wp\/v2\/tags?post=16864"}],"curies":[{"name":"wp","href":"https:\/\/api.w.org\/{rel}","templated":true}]}}