{"id":16805,"date":"2021-12-10T18:29:33","date_gmt":"2021-12-10T21:29:33","guid":{"rendered":"http:\/\/4cantosalagoas.com.br\/portal\/?p=16805"},"modified":"2021-12-10T18:29:37","modified_gmt":"2021-12-10T21:29:37","slug":"praca-multieventos-sera-palco-do-28o-festival-bumba-meu-boi-neste-fim-de-semana","status":"publish","type":"post","link":"https:\/\/4cantosalagoas.com.br\/portal\/praca-multieventos-sera-palco-do-28o-festival-bumba-meu-boi-neste-fim-de-semana\/","title":{"rendered":"Pra\u00e7a Multieventos ser\u00e1 palco do 28\u00ba Festival Bumba-Meu-Boi neste fim de semana"},"content":{"rendered":"\n<figure class=\"wp-block-image\"><img fetchpriority=\"high\" decoding=\"async\" width=\"1600\" height=\"1200\" src=\"https:\/\/i2.wp.com\/4cantosalagoas.com.br\/portal\/wp-content\/uploads\/2021\/12\/arena.jpg?fit=1024%2C768\" alt=\"\" class=\"wp-image-16806\" srcset=\"https:\/\/4cantosalagoas.com.br\/portal\/wp-content\/uploads\/2021\/12\/arena.jpg 1600w, https:\/\/4cantosalagoas.com.br\/portal\/wp-content\/uploads\/2021\/12\/arena-300x225.jpg 300w, https:\/\/4cantosalagoas.com.br\/portal\/wp-content\/uploads\/2021\/12\/arena-768x576.jpg 768w, https:\/\/4cantosalagoas.com.br\/portal\/wp-content\/uploads\/2021\/12\/arena-1024x768.jpg 1024w\" sizes=\"(max-width: 1600px) 100vw, 1600px\" \/><figcaption> <br><strong><em>Arena montada pela prefeitura na Pra\u00e7a Multieventos j\u00e1 est\u00e1 pronta para receber o p\u00fablico neste fim de semana \u2013 Fotos: Daniel Marinho\/FMAC<\/em><\/strong> <\/figcaption><\/figure>\n\n\n\n<p>A Pra\u00e7a Multieventos, no bairro de Paju\u00e7ara, em Macei\u00f3, ser\u00e1 palco, neste fim de semana, da 28\u00aa edi\u00e7\u00e3o do Festival Bumba-Meu-Boi, idealizado pela Funda\u00e7\u00e3o Municipal de A\u00e7\u00e3o Cultural (FMAC). Ao todo, 24 grupos deste segmento da cultura popular alagoana v\u00e3o se apresentar ao p\u00fablico, no s\u00e1bado (11) e no domingo (12), das 16h \u00e0s 22h.<\/p>\n\n\n\n<p>O acesso \u00e0 arena montada pela prefeitura ser\u00e1 gratuito, mas quem comparecer deve respeitar os protocolos de seguran\u00e7a sanit\u00e1ria, exigidos para evitar a infec\u00e7\u00e3o pelo coronav\u00edrus. O uso de m\u00e1scara de prote\u00e7\u00e3o facial \u00e9 obrigat\u00f3rio a todos, inclusive aos integrantes dos grupos que ir\u00e3o se apresentar.<\/p>\n\n\n\n<p>O evento acontece em um momento em que h\u00e1 possibilidade de presen\u00e7a de p\u00fablico, da mesma forma que acontece com os est\u00e1dios de futebol. A diretora-presidenta da FMAC, Mirian Monte, informou que uma arquibancada foi montada e as pessoas ser\u00e3o orientadas a respeitar as normas de combate \u00e0 Covid-19.<\/p>\n\n\n\n<p>\u201cO Festival Bumba-Meu-Boi \u00e9 muito tradicional na cidade. Macei\u00f3 contempla todos os grupos deste segmento. E, este ano, estamos realizando um evento com um formato in\u00e9dito, j\u00e1 que est\u00e1 contemplando todos os grupos credenciados de bumba-meu-boi\u201d, destacou.<\/p>\n\n\n\n<p>Ela explica que os 24 grupos foram selecionados a partir do edital FMAC n\u00ba 5, de 2021.Trata-se de um instrumento de credenciamento que pode ser utilizado para eventos com recursos de conv\u00eanio ou para quaisquer outros que sejam organizados pelo munic\u00edpio. Este tipo de edital, conforme Mirian Monte explica, permite esta amplitude de oportunidades.<\/p>\n\n\n\n<p>Em virtude da incerteza que havia quanto \u00e0 realiza\u00e7\u00e3o do evento deste ano, ficou acertado com os grupos e coma FMAC que n\u00e3o haver\u00e1 premia\u00e7\u00e3o nem avalia\u00e7\u00e3o por jurados. A pandemia impediu bastante a prepara\u00e7\u00e3o dos artistas para a competi\u00e7\u00e3o.<\/p>\n\n\n\n<figure class=\"wp-block-image\"><img decoding=\"async\" src=\"http:\/\/www.maceio.al.gov.br\/wp-content\/uploads\/2021\/12\/jpg\/2021\/12\/arena1.jpg\" alt=\"\" class=\"wp-image-443117\"\/><figcaption><strong><em>Arena montada pela prefeitura para o Festival Bumba-Meu-Boi . Foto: Daniel Marinho\/Ascom FMAC<\/em><\/strong><\/figcaption><\/figure>\n\n\n\n<p>\u201cTodos os grupos, num movimento de respeito, igualdade, solidariedade e compreens\u00e3o coletiva, resolveram fazer uma mostra, um evento em que far\u00e3o o melhor, mas dar\u00e3o as m\u00e3os uns aos outros. A competi\u00e7\u00e3o ficar\u00e1 para os tempos normais\u201d, destacou Mirian Monte.<\/p>\n\n\n\n<p>O diretor de produ\u00e7\u00e3o da FMAC, J\u00fanior Calheiros, detalhou que a apresenta\u00e7\u00e3o ser\u00e1 dividida da seguinte forma: no s\u00e1bado, 12 conjuntos de bumba-meu-boi do grupo de acesso se exibem ao p\u00fablico; no domingo, ser\u00e1 a vez do grupo de acesso (s\u00e3o mais 12).<\/p>\n\n\n\n<p>Z\u00e9 do Boi, como \u00e9 conhecido o presidente da Liga do Bumba-Meu-Boi de Alagoas, admite que a expectativa \u00e9 grande em torno deste evento, levando em considera\u00e7\u00e3o os transtornos que a pandemia causou. \u201cO p\u00fablico est\u00e1 ansioso, as comunidades est\u00e3o ensaiando com o barulho ensurdecedor dos seus instrumentos e, na Pra\u00e7a Multieventos, vamos fazer a celebra\u00e7\u00e3o. Faremos uma festa de brilhos e cores\u201d, ressaltou.<\/p>\n\n\n\n<p>Thiago Gomes \/ Secom Macei\u00f3<\/p>\n\n\n\n<p><br><\/p>\n","protected":false},"excerpt":{"rendered":"<p>A Pra\u00e7a Multieventos, no bairro de Paju\u00e7ara, em Macei\u00f3, ser\u00e1 palco, neste fim de semana, da 28\u00aa<\/p>\n","protected":false},"author":1,"featured_media":16806,"comment_status":"open","ping_status":"open","sticky":false,"template":"","format":"standard","meta":{"footnotes":""},"categories":[60],"tags":[],"class_list":["post-16805","post","type-post","status-publish","format-standard","has-post-thumbnail","hentry","category-capa"],"_links":{"self":[{"href":"https:\/\/4cantosalagoas.com.br\/portal\/wp-json\/wp\/v2\/posts\/16805","targetHints":{"allow":["GET"]}}],"collection":[{"href":"https:\/\/4cantosalagoas.com.br\/portal\/wp-json\/wp\/v2\/posts"}],"about":[{"href":"https:\/\/4cantosalagoas.com.br\/portal\/wp-json\/wp\/v2\/types\/post"}],"author":[{"embeddable":true,"href":"https:\/\/4cantosalagoas.com.br\/portal\/wp-json\/wp\/v2\/users\/1"}],"replies":[{"embeddable":true,"href":"https:\/\/4cantosalagoas.com.br\/portal\/wp-json\/wp\/v2\/comments?post=16805"}],"version-history":[{"count":1,"href":"https:\/\/4cantosalagoas.com.br\/portal\/wp-json\/wp\/v2\/posts\/16805\/revisions"}],"predecessor-version":[{"id":16807,"href":"https:\/\/4cantosalagoas.com.br\/portal\/wp-json\/wp\/v2\/posts\/16805\/revisions\/16807"}],"wp:featuredmedia":[{"embeddable":true,"href":"https:\/\/4cantosalagoas.com.br\/portal\/wp-json\/wp\/v2\/media\/16806"}],"wp:attachment":[{"href":"https:\/\/4cantosalagoas.com.br\/portal\/wp-json\/wp\/v2\/media?parent=16805"}],"wp:term":[{"taxonomy":"category","embeddable":true,"href":"https:\/\/4cantosalagoas.com.br\/portal\/wp-json\/wp\/v2\/categories?post=16805"},{"taxonomy":"post_tag","embeddable":true,"href":"https:\/\/4cantosalagoas.com.br\/portal\/wp-json\/wp\/v2\/tags?post=16805"}],"curies":[{"name":"wp","href":"https:\/\/api.w.org\/{rel}","templated":true}]}}