{"id":16775,"date":"2021-12-06T18:52:59","date_gmt":"2021-12-06T21:52:59","guid":{"rendered":"http:\/\/4cantosalagoas.com.br\/portal\/?p=16775"},"modified":"2021-12-06T18:53:03","modified_gmt":"2021-12-06T21:53:03","slug":"pre-matricula-da-rede-municipal-de-maceio-comeca-quinta-feira-9","status":"publish","type":"post","link":"https:\/\/4cantosalagoas.com.br\/portal\/pre-matricula-da-rede-municipal-de-maceio-comeca-quinta-feira-9\/","title":{"rendered":"Pr\u00e9-matr\u00edcula da rede municipal de Macei\u00f3 come\u00e7a quinta-feira (9)"},"content":{"rendered":"\n<figure class=\"wp-block-image\"><img fetchpriority=\"high\" decoding=\"async\" width=\"6000\" height=\"4000\" src=\"https:\/\/i1.wp.com\/4cantosalagoas.com.br\/portal\/wp-content\/uploads\/2021\/12\/20211104142118_IMG_0546.jpg?fit=1024%2C683\" alt=\"\" class=\"wp-image-16776\" srcset=\"https:\/\/4cantosalagoas.com.br\/portal\/wp-content\/uploads\/2021\/12\/20211104142118_IMG_0546.jpg 6000w, https:\/\/4cantosalagoas.com.br\/portal\/wp-content\/uploads\/2021\/12\/20211104142118_IMG_0546-300x200.jpg 300w, https:\/\/4cantosalagoas.com.br\/portal\/wp-content\/uploads\/2021\/12\/20211104142118_IMG_0546-768x512.jpg 768w, https:\/\/4cantosalagoas.com.br\/portal\/wp-content\/uploads\/2021\/12\/20211104142118_IMG_0546-1024x683.jpg 1024w\" sizes=\"(max-width: 6000px) 100vw, 6000px\" \/><figcaption> <br><em><strong>Foto: Ascom Semed<\/strong><\/em> <\/figcaption><\/figure>\n\n\n\n<p>A pr\u00e9-matr\u00edcula para novos alunos da rede municipal em 2022 come\u00e7a nesta quinta-feira (9). As inscri\u00e7\u00f5es ser\u00e3o online, atrav\u00e9s do portal&nbsp;<a href=\"http:\/\/www.maceio.al.gov.br\/\">www.maceio.al.gov.br<\/a>, e v\u00e3o at\u00e9 o dia 19 de dezembro. Ser\u00e3o ofertadas vagas para os alunos novatos interessados em Educa\u00e7\u00e3o Infantil, Educa\u00e7\u00e3o de Jovens, Adultos e Idosos (Ejai) e Ensino Fundamental.&nbsp;<\/p>\n\n\n\n<p>A divulga\u00e7\u00e3o do resultado ser\u00e1 feita tamb\u00e9m pelo portal da Prefeitura de Macei\u00f3, com datas previstas entre 24 e 28 de janeiro. Por fim, a confirma\u00e7\u00e3o da matr\u00edcula est\u00e1 prevista para o mesmo per\u00edodo, no entanto, dever\u00e1 ser feita diretamente na escola em que o aluno foi alocado. Todas as informa\u00e7\u00f5es constam em publica\u00e7\u00e3o da Secretaria Municipal de Educa\u00e7\u00e3o (Semed) no Di\u00e1rio Oficial do Munic\u00edpio\u00a0<a rel=\"noreferrer noopener\" href=\"http:\/\/www.maceio.al.gov.br\/wp-content\/uploads\/2021\/12\/pdf\/2021\/12\/publicado_82514_2021-12-03_c08a9b9efe88adb2f93348e5a03cc9b2.pdf\" target=\"_blank\">desta segunda-feira (6)<\/a>, a partir da p\u00e1gina 10.<\/p>\n\n\n\n<p>Para realizar o cadastro da pr\u00e9-matr\u00edcula, o respons\u00e1vel deve estar em posse de toda a documenta\u00e7\u00e3o necess\u00e1ria do aluno, como data de nascimento, CPF, endere\u00e7o, nome dos respons\u00e1veis e o ano que vai cursar. A fam\u00edlia tamb\u00e9m dever\u00e1 escolher at\u00e9 tr\u00eas op\u00e7\u00f5es de escolas na regi\u00e3o em que o aluno reside. Ao concluir o cadastro, o interessado deve anotar o n\u00famero do protocolo para consultar o resultado, quando este estiver dispon\u00edvel.<\/p>\n\n\n\n<figure class=\"wp-block-image\"><img decoding=\"async\" src=\"http:\/\/www.maceio.al.gov.br\/wp-content\/uploads\/2021\/11\/JPG\/2021\/11\/2510-REUNIAO-E-INTEGRACAO-COM-GESTORES-ESCOLA-NOSSO-LAR-TANIA-AUGUSTO-MARTA-PCF-10.jpg\" alt=\"\" class=\"wp-image-438901\"\/><figcaption><em><strong>T\u00e2nia Almeida falou da import\u00e2ncia de estar atentos \u00e0s datas. Foto: Ascom Semed<\/strong><\/em><\/figcaption><\/figure>\n\n\n\n<p>A diretora de Gest\u00e3o Educacional, T\u00e2nia Almeida, destacou que os interessados precisam estar atentos \u00e0s datas divulgadas. \u201cOs respons\u00e1veis pelos alunos precisam estar com a documenta\u00e7\u00e3o em dia para, quando chegar a hora, n\u00e3o perder a oportunidade de matricular o filho na rede municipal de Macei\u00f3\u201d, refor\u00e7ou T\u00e2nia.&nbsp;<\/p>\n\n\n\n<figure class=\"wp-block-image\"><img decoding=\"async\" src=\"http:\/\/www.maceio.al.gov.br\/wp-content\/uploads\/2021\/12\/jpg\/2021\/12\/02-12-21-Reinauguracao-Escola-Lenilto-Alves-Jacintinho-JHC-Elder-Maia-SEMED-Foto-Itawi-Albuquerque-11.jpg\" alt=\"\" class=\"wp-image-441366\"\/><figcaption><em><strong>Foto: Secom Macei\u00f3<\/strong><\/em><\/figcaption><\/figure>\n\n\n\n<p>J\u00e1 a renova\u00e7\u00e3o de matr\u00edculas e transfer\u00eancia interna para os mais de 53 mil alunos da rede municipal, est\u00e1 ocorrendo desde o dia 29 de novembro. Os interessados \u2014 estudantes do Ejai e respons\u00e1veis dos alunos menores de 18 anos \u2014 devem comparecer at\u00e9 esta sexta-feira (10) \u00e0s escolas para checar se h\u00e1 pend\u00eancia de documentos escolares e, ent\u00e3o, confirmar a renova\u00e7\u00e3o.<\/p>\n\n\n\n<figure class=\"wp-block-image\"><img decoding=\"async\" src=\"http:\/\/www.maceio.al.gov.br\/wp-content\/uploads\/2021\/11\/JPG\/2021\/11\/17-11-21-Reuniao-coral-infantil-EmiliaRogerioTercio-Semed-25.jpg\" alt=\"\" class=\"wp-image-440728\"\/><figcaption><strong><em>Em\u00edlia Caldas destacou a import\u00e2ncia de dar inicio ao cronograma de matr\u00edculas. Foto: Leonardo Andr\u00e9\/Ascom Semed<\/em><\/strong><\/figcaption><\/figure>\n\n\n\n<p>A professora e secret\u00e1ria-adjunta de Educa\u00e7\u00e3o da capital, Em\u00edlia Caldas, falou sobre o in\u00edcio da renova\u00e7\u00e3o e da import\u00e2ncia do processo. \u201cEste primeiro momento \u00e9 crucial para a organiza\u00e7\u00e3o das matr\u00edculas, a disponibilidade de vagas e a garantia da perman\u00eancia do aluno na nossa rede\u201d, destacou.&nbsp;<\/p>\n\n\n\n<p>Vale lembrar que a transfer\u00eancia \u00e9 para alunos que ir\u00e3o mudar o bairro residente, para estudantes da Educa\u00e7\u00e3o Infantil que avan\u00e7aram para o Ensino Fundamental e tamb\u00e9m para alunos do 5\u00b0 que passaram para o 6\u00b0 ano.&nbsp;&nbsp;<\/p>\n\n\n\n<p>J\u00e1 a matr\u00edcula&nbsp;de vagas remanescentes nas unidades escolares, est\u00e1 prevista para o per\u00edodo de 31 de janeiro a 4 de fevereiro de 2022.<\/p>\n\n\n\n<p><strong>Servi\u00e7os<\/strong><\/p>\n\n\n\n<p>Renova\u00e7\u00e3o e transfer\u00eancia interna \u2013 29 de novembro a 10 de dezembro de 2021.<\/p>\n\n\n\n<p>Pr\u00e9-matr\u00edcula online \u2013 09 a 19 de dezembro de 2021.<\/p>\n\n\n\n<p>Resultado pr\u00e9-matr\u00edcula \u2013 24 a 28 de janeiro de 2022.<\/p>\n\n\n\n<p>Vagas remanescentes \u2013 31 de janeiro a 04 de fevereiro de 2022.<\/p>\n\n\n\n<p>Julita Bittencourt (estagi\u00e1ria) \/ Ascom Semed<\/p>\n","protected":false},"excerpt":{"rendered":"<p>A pr\u00e9-matr\u00edcula para novos alunos da rede municipal em 2022 come\u00e7a nesta quinta-feira (9). As inscri\u00e7\u00f5es ser\u00e3o<\/p>\n","protected":false},"author":1,"featured_media":16776,"comment_status":"open","ping_status":"open","sticky":false,"template":"","format":"standard","meta":{"footnotes":""},"categories":[5],"tags":[],"class_list":["post-16775","post","type-post","status-publish","format-standard","has-post-thumbnail","hentry","category-maceio"],"_links":{"self":[{"href":"https:\/\/4cantosalagoas.com.br\/portal\/wp-json\/wp\/v2\/posts\/16775","targetHints":{"allow":["GET"]}}],"collection":[{"href":"https:\/\/4cantosalagoas.com.br\/portal\/wp-json\/wp\/v2\/posts"}],"about":[{"href":"https:\/\/4cantosalagoas.com.br\/portal\/wp-json\/wp\/v2\/types\/post"}],"author":[{"embeddable":true,"href":"https:\/\/4cantosalagoas.com.br\/portal\/wp-json\/wp\/v2\/users\/1"}],"replies":[{"embeddable":true,"href":"https:\/\/4cantosalagoas.com.br\/portal\/wp-json\/wp\/v2\/comments?post=16775"}],"version-history":[{"count":1,"href":"https:\/\/4cantosalagoas.com.br\/portal\/wp-json\/wp\/v2\/posts\/16775\/revisions"}],"predecessor-version":[{"id":16777,"href":"https:\/\/4cantosalagoas.com.br\/portal\/wp-json\/wp\/v2\/posts\/16775\/revisions\/16777"}],"wp:featuredmedia":[{"embeddable":true,"href":"https:\/\/4cantosalagoas.com.br\/portal\/wp-json\/wp\/v2\/media\/16776"}],"wp:attachment":[{"href":"https:\/\/4cantosalagoas.com.br\/portal\/wp-json\/wp\/v2\/media?parent=16775"}],"wp:term":[{"taxonomy":"category","embeddable":true,"href":"https:\/\/4cantosalagoas.com.br\/portal\/wp-json\/wp\/v2\/categories?post=16775"},{"taxonomy":"post_tag","embeddable":true,"href":"https:\/\/4cantosalagoas.com.br\/portal\/wp-json\/wp\/v2\/tags?post=16775"}],"curies":[{"name":"wp","href":"https:\/\/api.w.org\/{rel}","templated":true}]}}