{"id":16754,"date":"2021-12-10T05:40:19","date_gmt":"2021-12-10T08:40:19","guid":{"rendered":"http:\/\/4cantosalagoas.com.br\/portal\/?p=16754"},"modified":"2021-12-10T05:55:16","modified_gmt":"2021-12-10T08:55:16","slug":"1a-edicao-do-vamu-film-festival-traz-shows-das-bandas-mundo-livre-s-a-e-benza-a-maceio","status":"publish","type":"post","link":"https:\/\/4cantosalagoas.com.br\/portal\/1a-edicao-do-vamu-film-festival-traz-shows-das-bandas-mundo-livre-s-a-e-benza-a-maceio\/","title":{"rendered":"1\u00aa edi\u00e7\u00e3o do VAMU Film Festival traz shows das bandas Mundo Livre S\/A e Benza a Macei\u00f3"},"content":{"rendered":"\n<figure class=\"wp-block-image\"><img fetchpriority=\"high\" decoding=\"async\" width=\"1314\" height=\"788\" src=\"https:\/\/i1.wp.com\/4cantosalagoas.com.br\/portal\/wp-content\/uploads\/2021\/12\/t1.jpg?fit=1024%2C614\" alt=\"\" class=\"wp-image-16755\" srcset=\"https:\/\/4cantosalagoas.com.br\/portal\/wp-content\/uploads\/2021\/12\/t1.jpg 1314w, https:\/\/4cantosalagoas.com.br\/portal\/wp-content\/uploads\/2021\/12\/t1-300x180.jpg 300w, https:\/\/4cantosalagoas.com.br\/portal\/wp-content\/uploads\/2021\/12\/t1-768x461.jpg 768w, https:\/\/4cantosalagoas.com.br\/portal\/wp-content\/uploads\/2021\/12\/t1-1024x614.jpg 1024w\" sizes=\"(max-width: 1314px) 100vw, 1314px\" \/><figcaption>Assessoria<\/figcaption><\/figure>\n\n\n\n<p>Com o intuito de fomentar a cultura dos esportes de a\u00e7\u00e3o e valorizar o cen\u00e1rio audiovisual no Nordeste, o&nbsp;<a>festival alagoano VAMU (acr\u00f4nimo de V\u00eddeo, Arte, M\u00fasica e Uni\u00e3o)&nbsp;<\/a>realizar\u00e1 a sua primeira edi\u00e7\u00e3o em Macei\u00f3. O circuito acontece nos dias 10 e 11 de dezembro, a partir das 15h.<\/p>\n\n\n\n<p>Durante dois dias, a Rua S\u00e1 e Albuquerque, localizada no bairro hist\u00f3rico de Jaragu\u00e1, receber\u00e1 uma programa\u00e7\u00e3o intensa preparada a dedo para todos aqueles interessados na express\u00e3o cultural do skate, surf, cinema e m\u00fasica &#8211; respeitando todos os protocolos de seguran\u00e7a estaduais vigentes.&nbsp;<\/p>\n\n\n\n<p>Al\u00e9m da exibi\u00e7\u00e3o das produ\u00e7\u00f5es audiovisuais que est\u00e3o concorrendo a trof\u00e9us e pr\u00eamios, o evento contar\u00e1 ainda com apresenta\u00e7\u00f5es musicais e exposi\u00e7\u00f5es art\u00edsticas, reunindo obras autorais de fot\u00f3grafos, ilustradores, artistas pl\u00e1sticos e c\u00eanicos locais e regionais. Haver\u00e1 tamb\u00e9m uma feirinha ao ar livre, incentivando os pequenos empreendedores locais.<\/p>\n\n\n\n<p>O primeiro dia de festival (10\/12) ter\u00e1 entrada gratuita e contar\u00e1 com atra\u00e7\u00f5es como Wado, Italo Franca, Um Quarto Pensante, Abdon, Adolfo Oliveira, Perigou, Z\u00e9zinha e Ku$h se apresentando no palco da mostra.&nbsp;<\/p>\n\n\n\n<p>J\u00e1 o segundo dia (11\/12), contar\u00e1 com participa\u00e7\u00f5es de Pedro Salvador, LoreB, Pedro Soares (Unidade Nova Praia), Felipe de Vas, Bruno Leahy, Os Comparsa, Ku$h e as bandas Mundo Livre S\/A e Benza, direto de Pernambuco.&nbsp;<\/p>\n\n\n\n<p>Os ingressos j\u00e1 est\u00e3o dispon\u00edveis em&nbsp;<a href=\"http:\/\/encurtador.com.br\/ptJSX\" target=\"_blank\" rel=\"noreferrer noopener\">encurtador.com.br\/ptJSX<\/a><\/p>\n\n\n\n<p><strong>INDICADOS DAS CATEGORIAS<\/strong><\/p>\n\n\n\n<p>Nesta edi\u00e7\u00e3o, concorreram produ\u00e7\u00f5es lan\u00e7adas entre janeiro de 2019 e novembro de 2021 dirigidos por nordestinos e que tiveram participa\u00e7\u00e3o de atletas da regi\u00e3o. As inscri\u00e7\u00f5es foram realizadas exclusivamente de forma online e foram encerradas no dia 25 de novembro de 2021. Os indicados das categorias propostas est\u00e3o dispon\u00edveis no Instagram @vamufilmfestival.<\/p>\n\n\n\n<p>A curadoria do 1\u00ba Festival VAMU foi feita pelo surfista pernambucano Bernardo Pigmeu; o diretor alagoano Gabriel Novis; o diretor de arte e designer Lacordaire Melo; a skatista alagoana Jessica Swan e a profissional de Marketing e entusiasta do skate feminino Estefania Lima.<\/p>\n\n\n\n<p>SERVI\u00c7O<\/p>\n\n\n\n<p><strong>VAMU Film Festival&nbsp;<\/strong><\/p>\n\n\n\n<p>Onde: Rua S\u00e1 e Albuquerque, em frente ao Rex Bar \u2013 Jaragu\u00e1<\/p>\n\n\n\n<p>Quando: Dias 10 e 11 de dezembro, a partir de 15h&nbsp;<\/p>\n\n\n\n<p>Quanto: entrada gratuita (dia 10) e R$ 60 (dia 11), \u00e0 venda no site&nbsp;<a rel=\"noreferrer noopener\" href=\"http:\/\/encurtador.com.br\/ptJSX\" target=\"_blank\">encurtador.com.br\/ptJSX<\/a><\/p>\n\n\n\n<p>Assessoria<\/p>\n","protected":false},"excerpt":{"rendered":"<p>Com o intuito de fomentar a cultura dos esportes de a\u00e7\u00e3o e valorizar o cen\u00e1rio audiovisual no<\/p>\n","protected":false},"author":1,"featured_media":16755,"comment_status":"open","ping_status":"open","sticky":false,"template":"","format":"standard","meta":{"footnotes":""},"categories":[60],"tags":[],"class_list":["post-16754","post","type-post","status-publish","format-standard","has-post-thumbnail","hentry","category-capa"],"_links":{"self":[{"href":"https:\/\/4cantosalagoas.com.br\/portal\/wp-json\/wp\/v2\/posts\/16754","targetHints":{"allow":["GET"]}}],"collection":[{"href":"https:\/\/4cantosalagoas.com.br\/portal\/wp-json\/wp\/v2\/posts"}],"about":[{"href":"https:\/\/4cantosalagoas.com.br\/portal\/wp-json\/wp\/v2\/types\/post"}],"author":[{"embeddable":true,"href":"https:\/\/4cantosalagoas.com.br\/portal\/wp-json\/wp\/v2\/users\/1"}],"replies":[{"embeddable":true,"href":"https:\/\/4cantosalagoas.com.br\/portal\/wp-json\/wp\/v2\/comments?post=16754"}],"version-history":[{"count":2,"href":"https:\/\/4cantosalagoas.com.br\/portal\/wp-json\/wp\/v2\/posts\/16754\/revisions"}],"predecessor-version":[{"id":16800,"href":"https:\/\/4cantosalagoas.com.br\/portal\/wp-json\/wp\/v2\/posts\/16754\/revisions\/16800"}],"wp:featuredmedia":[{"embeddable":true,"href":"https:\/\/4cantosalagoas.com.br\/portal\/wp-json\/wp\/v2\/media\/16755"}],"wp:attachment":[{"href":"https:\/\/4cantosalagoas.com.br\/portal\/wp-json\/wp\/v2\/media?parent=16754"}],"wp:term":[{"taxonomy":"category","embeddable":true,"href":"https:\/\/4cantosalagoas.com.br\/portal\/wp-json\/wp\/v2\/categories?post=16754"},{"taxonomy":"post_tag","embeddable":true,"href":"https:\/\/4cantosalagoas.com.br\/portal\/wp-json\/wp\/v2\/tags?post=16754"}],"curies":[{"name":"wp","href":"https:\/\/api.w.org\/{rel}","templated":true}]}}