{"id":16642,"date":"2021-11-22T15:59:24","date_gmt":"2021-11-22T18:59:24","guid":{"rendered":"http:\/\/4cantosalagoas.com.br\/portal\/?p=16642"},"modified":"2021-11-22T18:11:25","modified_gmt":"2021-11-22T21:11:25","slug":"pc-apresentam-resultado-das-investigacoes-sobre-o-assassinato-do-menino-rhaniel-pedro","status":"publish","type":"post","link":"https:\/\/4cantosalagoas.com.br\/portal\/pc-apresentam-resultado-das-investigacoes-sobre-o-assassinato-do-menino-rhaniel-pedro\/","title":{"rendered":"PC apresentam resultado das investiga\u00e7\u00f5es sobre o assassinato do menino Rhaniel Pedro"},"content":{"rendered":"\n<figure class=\"wp-block-image\"><img fetchpriority=\"high\" decoding=\"async\" width=\"750\" height=\"500\" src=\"http:\/\/4cantosalagoas.com.br\/portal\/wp-content\/uploads\/2021\/11\/pp.jpg\" alt=\"\" class=\"wp-image-16643\" srcset=\"https:\/\/4cantosalagoas.com.br\/portal\/wp-content\/uploads\/2021\/11\/pp.jpg 750w, https:\/\/4cantosalagoas.com.br\/portal\/wp-content\/uploads\/2021\/11\/pp-300x200.jpg 300w\" sizes=\"(max-width: 750px) 100vw, 750px\" \/><figcaption> <br><strong>Foto: Cl\u00e1udio Martins, Carlos Reis, Ronilson Medeiros e Bruno Em\u00edlio<\/strong> <\/figcaption><\/figure>\n\n\n\n<p>A Secretaria de Seguran\u00e7a P\u00fablica de Alagoas (SSP) realizou nesta segunda-feira (22) uma coletiva de imprensa que detalhou as investiga\u00e7\u00f5es que levaram \u00e0 elucida\u00e7\u00e3o do homic\u00eddio de Rhaniel Pedro Laurentino da Silva, de 10 anos. Segundo o trabalho de investiga\u00e7\u00e3o, realizado pela Pol\u00edcia Civil, por meio da Delegacia de Homic\u00eddios da Capital (DHC), atrav\u00e9s dos delegados Ronilson Medeiros e Bruno Em\u00edlio, o crime foi cometido pela m\u00e3e, o padrasto e o tio da crian\u00e7a, que tiveram a pris\u00e3o decretada na \u00faltima sexta-feira (19) pela 10\u00b0 Vara Criminal da Capital.<\/p>\n\n\n\n<p>Os detalhes&nbsp;foram anunciados \u00e0 imprensa&nbsp;pelo&nbsp;delegado-geral Carlos Reis e os&nbsp;delegados Ronilson Medeiros (coordenador da Delegacia de Homic\u00eddios e Prote\u00e7\u00e3o a Pessoas \u2013 DHPP) e Bruno Em\u00edlio, que investigaram o caso, e contou com a presen\u00e7a do&nbsp;secret\u00e1rio Executivo da SSP, Cl\u00e1udio Martins.<\/p>\n\n\n\n<p>As investiga\u00e7\u00f5es apontam que o corpo da crian\u00e7a foi encontrado 24 horas ap\u00f3s a morte. Os laudos apresentados pela Per\u00edcia Oficial tamb\u00e9m mostram que houve abuso sexual e enforcamento.<\/p>\n\n\n\n<p>De acordo com o delegado Ronilson Medeiros, o registro do desaparecimento de Rhaniel aconteceu no dia 12 de maio, quando Ana Patr\u00edcia Laurentino dos Santos, de 37 anos, m\u00e3e da crian\u00e7a, relatou o sumi\u00e7o \u00e0s autoridades. Segundo ela, o menino havia sa\u00eddo de casa por volta das 7h30 para ir a um refor\u00e7o escolar e n\u00e3o havia retornado. Por\u00e9m, durante as investiga\u00e7\u00f5es, uma c\u00e2mera de seguran\u00e7a de um estabelecimento comercial que fica no trajeto feito diariamente por Rhaniel n\u00e3o registrou sua passagem naquele dia.<\/p>\n\n\n\n<p>Para o delegado Bruno Em\u00edlio, presidente do inqu\u00e9rito, as suspeitas sobre o envolvimento dos familiares no homic\u00eddio come\u00e7aram ap\u00f3s a prima de Rhaniel relatar que sofria abusos sexuais constantes por parte de V\u00edtor Oliveira, de 28 anos, padrasto do menino.<\/p>\n\n\n\n<p>No decorrer dessas investiga\u00e7\u00f5es, os laudos periciais, realizados pela perita Claudia Maria Voss Villanueva Chroniaris, do Instituto M\u00e9dico Legal (IML), apontaram que, al\u00e9m das les\u00f5es, o cad\u00e1ver foi ocultado pelos autores do crime um dia antes de ser abandonado em uma rua, no bairro do Clima Bom. J\u00e1 os peritos Jos\u00e9 Veras de Oliveira Silva e Rosana Coutinho, da Per\u00edcia Oficial, localizaram impress\u00f5es digitais de Vitor e de seu irm\u00e3o, Wagner Oliveira, de 25 anos, na cueca de Rhaniel, al\u00e9m constatar vest\u00edgios de material gen\u00e9tico da crian\u00e7a em um preservativo descartado pr\u00f3ximo ao corpo. Esses elementos foram cruciais para contribuir com a elucida\u00e7\u00e3o do caso.<\/p>\n\n\n\n<p>Ainda segundo o delegado Bruno Em\u00edlio, mensagens encontradas no celular de Wagner comprovam que ele estava na casa da fam\u00edlia no dia no crime. \u201cRecuperamos uma mensagem trocada pelos irm\u00e3os na noite de 11 de maio, em que o Wagner convida Vitor para usar drogas, na resid\u00eancia da fam\u00edlia, algo que a crian\u00e7a desaprovava e sempre reclamava para familiares\u201d, informou. Para o delegado, esse seria mais um ind\u00edcio de que todos estavam com Rhaniel durante o crime. Ainda segundo as investiga\u00e7\u00f5es, \u00e9 prov\u00e1vel que os criminosos tenham abandonado o corpo na madrugada do dia 13.<\/p>\n\n\n\n<p>Assessoria<\/p>\n","protected":false},"excerpt":{"rendered":"<p>A Secretaria de Seguran\u00e7a P\u00fablica de Alagoas (SSP) realizou nesta segunda-feira (22) uma coletiva de imprensa que<\/p>\n","protected":false},"author":1,"featured_media":16643,"comment_status":"open","ping_status":"open","sticky":false,"template":"","format":"standard","meta":{"footnotes":""},"categories":[60],"tags":[],"class_list":["post-16642","post","type-post","status-publish","format-standard","has-post-thumbnail","hentry","category-capa"],"_links":{"self":[{"href":"https:\/\/4cantosalagoas.com.br\/portal\/wp-json\/wp\/v2\/posts\/16642","targetHints":{"allow":["GET"]}}],"collection":[{"href":"https:\/\/4cantosalagoas.com.br\/portal\/wp-json\/wp\/v2\/posts"}],"about":[{"href":"https:\/\/4cantosalagoas.com.br\/portal\/wp-json\/wp\/v2\/types\/post"}],"author":[{"embeddable":true,"href":"https:\/\/4cantosalagoas.com.br\/portal\/wp-json\/wp\/v2\/users\/1"}],"replies":[{"embeddable":true,"href":"https:\/\/4cantosalagoas.com.br\/portal\/wp-json\/wp\/v2\/comments?post=16642"}],"version-history":[{"count":1,"href":"https:\/\/4cantosalagoas.com.br\/portal\/wp-json\/wp\/v2\/posts\/16642\/revisions"}],"predecessor-version":[{"id":16644,"href":"https:\/\/4cantosalagoas.com.br\/portal\/wp-json\/wp\/v2\/posts\/16642\/revisions\/16644"}],"wp:featuredmedia":[{"embeddable":true,"href":"https:\/\/4cantosalagoas.com.br\/portal\/wp-json\/wp\/v2\/media\/16643"}],"wp:attachment":[{"href":"https:\/\/4cantosalagoas.com.br\/portal\/wp-json\/wp\/v2\/media?parent=16642"}],"wp:term":[{"taxonomy":"category","embeddable":true,"href":"https:\/\/4cantosalagoas.com.br\/portal\/wp-json\/wp\/v2\/categories?post=16642"},{"taxonomy":"post_tag","embeddable":true,"href":"https:\/\/4cantosalagoas.com.br\/portal\/wp-json\/wp\/v2\/tags?post=16642"}],"curies":[{"name":"wp","href":"https:\/\/api.w.org\/{rel}","templated":true}]}}