{"id":16627,"date":"2021-11-19T10:09:52","date_gmt":"2021-11-19T13:09:52","guid":{"rendered":"http:\/\/4cantosalagoas.com.br\/portal\/?p=16627"},"modified":"2021-11-19T10:09:56","modified_gmt":"2021-11-19T13:09:56","slug":"procon-maceio-orienta-consumidores-para-o-periodo-de-promocoes-da-black-friday","status":"publish","type":"post","link":"https:\/\/4cantosalagoas.com.br\/portal\/procon-maceio-orienta-consumidores-para-o-periodo-de-promocoes-da-black-friday\/","title":{"rendered":"Procon Macei\u00f3 orienta consumidores para o per\u00edodo de promo\u00e7\u00f5es da Black Friday"},"content":{"rendered":"\n<figure class=\"wp-block-image\"><img fetchpriority=\"high\" decoding=\"async\" width=\"720\" height=\"724\" src=\"http:\/\/4cantosalagoas.com.br\/portal\/wp-content\/uploads\/2021\/11\/WhatsApp-Image-2021-11-18-at-16.06.17-3.jpeg\" alt=\"\" class=\"wp-image-16628\" srcset=\"https:\/\/4cantosalagoas.com.br\/portal\/wp-content\/uploads\/2021\/11\/WhatsApp-Image-2021-11-18-at-16.06.17-3.jpeg 720w, https:\/\/4cantosalagoas.com.br\/portal\/wp-content\/uploads\/2021\/11\/WhatsApp-Image-2021-11-18-at-16.06.17-3-150x150.jpeg 150w, https:\/\/4cantosalagoas.com.br\/portal\/wp-content\/uploads\/2021\/11\/WhatsApp-Image-2021-11-18-at-16.06.17-3-298x300.jpeg 298w\" sizes=\"(max-width: 720px) 100vw, 720px\" \/><figcaption> <br><strong><em>A fiscaliza\u00e7\u00e3o aconteceu nos principais estabelecimentos da capital. Foto: Ascom Procon Macei\u00f3<\/em><\/strong> <\/figcaption><\/figure>\n\n\n\n<p>O Procon Macei\u00f3, \u00f3rg\u00e3o de defesa do consumidor, realizou uma pesquisa no final de outubro para evitar fraudes na Black Friday. O \u00f3rg\u00e3o coletou pre\u00e7os de mais de vinte produtos nos cinco estabelecimentos mais conhecidos antes do per\u00edodo das promo\u00e7\u00f5es e os relacionou em uma lista.&nbsp;<strong><a rel=\"noreferrer noopener\" href=\"http:\/\/www.maceio.al.gov.br\/wp-content\/uploads\/2021\/11\/pdf\/2021\/11\/Pesquisa-Black-2021.2.pdf\" target=\"_blank\">Confira aqui o resultado da pesquisa.<\/a><\/strong><\/p>\n\n\n\n<p>A a\u00e7\u00e3o dos fiscais aconteceu aproximadamente um m\u00eas antes do per\u00edodo da Black Friday. Na a\u00e7\u00e3o, foram registrados principalmente pre\u00e7os de aparelhos eletr\u00f4nicos e eletrodom\u00e9sticos. Por\u00e9m, itens como sof\u00e1s e estantes tamb\u00e9m foram registrados. O objetivo da pesquisa \u00e9 evitar promo\u00e7\u00f5es enganosas, com eleva\u00e7\u00e3o de pre\u00e7os e descontos que resultem em valor igual ou semelhante ao que j\u00e1 era praticado no m\u00eas anterior.<\/p>\n\n\n\n<p>\u00c9 importante o consumidor ficar atento \u00e0s campanhas, pois alguns produtos sofreram aumento no valor, como por exemplo a geladeira que teve um aumento de 37% em algumas lojas, o fog\u00e3o, aumento de 30%. J\u00e1 outros produtos sofreram baixa de pre\u00e7o, como o smartphone que sofreu uma queda de 21% e a batedeira, queda de 15%.<\/p>\n\n\n\n<p>\u201cO consumidor que eventualmente identifique a irregularidade, denuncie ao Procon e \u00e9 importante entender que a Black Friday \u00e9 uma data de apelo comercial, ent\u00e3o fujam das compras por impulso, haja vista que o fim de ano \u00e9 uma data que as pessoas gastam muito com fim de ano e a as matr\u00edculas escolares\u201d, alerta Leandro Almeida, diretor executivo do Procon Macei\u00f3.<\/p>\n\n\n\n<p><strong>Atendimentos<\/strong><\/p>\n\n\n\n<p>Para realizar den\u00fancias ou obter mais informa\u00e7\u00f5es e orienta\u00e7\u00f5es, o consumidor pode entrar em contato pelos telefones 0800 082 4567 \u2014 at\u00e9 \u00e0s 14h \u2014 ou no WhatsApp (82) 98882-8326. Quem prefere o atendimento presencial pode se dirigir \u00e0 qualquer uma das unidades do Procon Macei\u00f3: no Centro Universit\u00e1rio Uninassau, no bairro do Farol; na sede da antiga FAT, atual Centro Universit\u00e1rio M\u00e1rio Pontes Juc\u00e1 (UMJ), no Barro Duro; Centro Universit\u00e1rio Cesmac, no bairro Farol; e na sede do Procon Macei\u00f3, na Rua Dr. Pedro Monteiro, 47, Centro de Macei\u00f3.<\/p>\n\n\n\n<p>O hor\u00e1rio de funcionamento na sede do Procon Macei\u00f3 \u00e9 de 8h \u00e0s 14h, de segunda a sexta-feira. Os n\u00facleos da UMJ e CESMAC est\u00e3o abertos ao p\u00fablico das 8h \u00e0s 13h, de segunda a sexta-feira. J\u00e1 na Uninassau, das 8h \u00e0s 12h e das 14h \u00e0s 17h, tamb\u00e9m durante a semana.<\/p>\n\n\n\n<p>Para formalizar as den\u00fancias, \u00e9 necess\u00e1rio entregar as c\u00f3pias do RG, CPF, comprovante de resid\u00eancia e demais documentos que forem necess\u00e1rios para embasar as reclama\u00e7\u00f5es de abuso aos direitos do consumidor.<\/p>\n\n\n\n<p>Nicolle Salazar(estagi\u00e1ria)\/Ascom Procon Macei\u00f3<\/p>\n","protected":false},"excerpt":{"rendered":"<p>O Procon Macei\u00f3, \u00f3rg\u00e3o de defesa do consumidor, realizou uma pesquisa no final de outubro para evitar<\/p>\n","protected":false},"author":1,"featured_media":16628,"comment_status":"open","ping_status":"open","sticky":false,"template":"","format":"standard","meta":{"footnotes":""},"categories":[60],"tags":[],"class_list":["post-16627","post","type-post","status-publish","format-standard","has-post-thumbnail","hentry","category-capa"],"_links":{"self":[{"href":"https:\/\/4cantosalagoas.com.br\/portal\/wp-json\/wp\/v2\/posts\/16627","targetHints":{"allow":["GET"]}}],"collection":[{"href":"https:\/\/4cantosalagoas.com.br\/portal\/wp-json\/wp\/v2\/posts"}],"about":[{"href":"https:\/\/4cantosalagoas.com.br\/portal\/wp-json\/wp\/v2\/types\/post"}],"author":[{"embeddable":true,"href":"https:\/\/4cantosalagoas.com.br\/portal\/wp-json\/wp\/v2\/users\/1"}],"replies":[{"embeddable":true,"href":"https:\/\/4cantosalagoas.com.br\/portal\/wp-json\/wp\/v2\/comments?post=16627"}],"version-history":[{"count":1,"href":"https:\/\/4cantosalagoas.com.br\/portal\/wp-json\/wp\/v2\/posts\/16627\/revisions"}],"predecessor-version":[{"id":16629,"href":"https:\/\/4cantosalagoas.com.br\/portal\/wp-json\/wp\/v2\/posts\/16627\/revisions\/16629"}],"wp:featuredmedia":[{"embeddable":true,"href":"https:\/\/4cantosalagoas.com.br\/portal\/wp-json\/wp\/v2\/media\/16628"}],"wp:attachment":[{"href":"https:\/\/4cantosalagoas.com.br\/portal\/wp-json\/wp\/v2\/media?parent=16627"}],"wp:term":[{"taxonomy":"category","embeddable":true,"href":"https:\/\/4cantosalagoas.com.br\/portal\/wp-json\/wp\/v2\/categories?post=16627"},{"taxonomy":"post_tag","embeddable":true,"href":"https:\/\/4cantosalagoas.com.br\/portal\/wp-json\/wp\/v2\/tags?post=16627"}],"curies":[{"name":"wp","href":"https:\/\/api.w.org\/{rel}","templated":true}]}}