{"id":16625,"date":"2021-11-19T10:07:14","date_gmt":"2021-11-19T13:07:14","guid":{"rendered":"http:\/\/4cantosalagoas.com.br\/portal\/?p=16625"},"modified":"2021-11-19T10:07:19","modified_gmt":"2021-11-19T13:07:19","slug":"maceio-tem-mega-vacinacao-com-corujao-em-quatro-pontos-neste-sabado-20","status":"publish","type":"post","link":"https:\/\/4cantosalagoas.com.br\/portal\/maceio-tem-mega-vacinacao-com-corujao-em-quatro-pontos-neste-sabado-20\/","title":{"rendered":"Macei\u00f3 tem Mega Vacina\u00e7\u00e3o com Coruj\u00e3o em quatro pontos neste s\u00e1bado (20)"},"content":{"rendered":"\n<figure class=\"wp-block-image\"><img fetchpriority=\"high\" decoding=\"async\" width=\"683\" height=\"1024\" src=\"http:\/\/4cantosalagoas.com.br\/portal\/wp-content\/uploads\/2021\/07\/vacina2-1-683x1024.jpeg\" alt=\"\" class=\"wp-image-15400\" srcset=\"https:\/\/4cantosalagoas.com.br\/portal\/wp-content\/uploads\/2021\/07\/vacina2-1.jpeg 683w, https:\/\/4cantosalagoas.com.br\/portal\/wp-content\/uploads\/2021\/07\/vacina2-1-200x300.jpeg 200w\" sizes=\"(max-width: 683px) 100vw, 683px\" \/><figcaption>Foto: Secom Macei\u00f3 \u2013 Arquivo <\/figcaption><\/figure>\n\n\n\n<p>A Prefeitura de Macei\u00f3 ter\u00e1 quatro pontos de vacina\u00e7\u00e3o com hor\u00e1rio estendido das 9h \u00e0s 21h, neste s\u00e1bado (20), em ades\u00e3o \u00e0 campanha nacional de Mega Vacina\u00e7\u00e3o contra a Covid-19. A a\u00e7\u00e3o foi anunciada pelo Minist\u00e9rio da Sa\u00fade para incentivar a popula\u00e7\u00e3o a tomar a segunda dose ou a dose de refor\u00e7o e em Macei\u00f3 haver\u00e1 Coruj\u00e3o da Vacina nos drive-thrus de Jaragu\u00e1 e Serraria e nos shoppings Macei\u00f3 (Mangabeiras) e P\u00e1tio (Cidade Universit\u00e1ria). Al\u00e9m do s\u00e1bado, o Coruj\u00e3o prossegue nos quatro pontos de ter\u00e7a (23) a sexta-feira (26).<\/p>\n\n\n\n<p>Nos demais pontos, localizados no Pap\u00f3dromo (Vergel), Pra\u00e7a Padre C\u00edcero (Benedito Bentes), Gin\u00e1sio Arivaldo Maia (Jacintinho) e Terminal do Osman Loureiro (Clima Bom), o hor\u00e1rio segue das 9h \u00e0s 16h em todos os dias. No domingo n\u00e3o h\u00e1 vacina\u00e7\u00e3o.<\/p>\n\n\n\n<figure class=\"wp-block-image\"><img decoding=\"async\" src=\"http:\/\/www.maceio.al.gov.br\/wp-content\/uploads\/2021\/08\/jpg\/2021\/08\/29-07-vacina%C3%A7%C3%A3o-jaragu%C3%A1-e-papodromo-com-fotos-publicitarias-sms-Gabriel-Moreira-3931-1024x683.jpg\" alt=\"\" class=\"wp-image-419677\"\/><figcaption><strong><em>Imuniza\u00e7\u00e3o contra a Covid-19 para aplica\u00e7\u00e3o da terceira dose ser\u00e1 das 9h \u00e0s 21h. Fotos: Gabriel Moreira \/ Secom Macei\u00f3<\/em><\/strong><\/figcaption><\/figure>\n\n\n\n<p><strong>Dose de refor\u00e7o<\/strong><\/p>\n\n\n\n<p>Macei\u00f3 iniciou a aplica\u00e7\u00e3o da dose de refor\u00e7o para adultos com cinco meses completados da segunda dose na \u00faltima quarta-feira (17) e no primeiro dia da nova etapa, 2.476 pessoas procuraram os pontos e tomaram a terceira dose. Do total de 7.609 doses aplicadas no dia, 570 tomaram a primeira dose e 4.563 tomaram a seunda dose. Com isso, Macei\u00f3 chega a 89,02% de pessoas vacinadas com a primeira dose, 76,66% de adultos vacinados com a segunda dose. Entre a popula\u00e7\u00e3o adolescente, 71.8% tomaram a primeira dose e 9,98%, a segunda.<\/p>\n\n\n\n<p>A campanha de Mega Vacina\u00e7\u00e3o tem como slogan \u201cProte\u00e7\u00e3o pela metade n\u00e3o \u00e9 prote\u00e7\u00e3o\u201d e vai at\u00e9 26 de novembro. De acordo com o Minist\u00e9rio da Sa\u00fade, a a\u00e7\u00e3o pretende incentivar os 21 milh\u00f5es de brasileiros que n\u00e3o tomaram a segunda dose da vacina a procurarem os postos para completar o ciclo vacinal.<\/p>\n\n\n\n<figure class=\"wp-block-image\"><img decoding=\"async\" src=\"http:\/\/www.maceio.al.gov.br\/wp-content\/uploads\/2021\/09\/jpg\/2021\/09\/Renee-Oliveira-infectologista-PO.jpg\" alt=\"\" class=\"wp-image-429537\"\/><figcaption><strong><em>O m\u00e9dico infectologista Renee Oliveira alerta a popula\u00e7\u00e3o para os riscos da imuniza\u00e7\u00e3o incompleta. Foto: Ascom SMS<\/em><\/strong><\/figcaption><\/figure>\n\n\n\n<p>A iniciativa tamb\u00e9m pretende atingir as pessoas que est\u00e3o aptas a tomar a dose de refor\u00e7o, considerada fundamental pelos especialistas para refor\u00e7ar a prote\u00e7\u00e3o.<\/p>\n\n\n\n<p>\u201cOs maiores de 18 anos que tomaram a segunda dose em junho deste ano est\u00e3o aptos a tomar a dose de refor\u00e7o, de acordo com a determina\u00e7\u00e3o do Minist\u00e9rio da Sa\u00fade. Ent\u00e3o todos os que est\u00e3o aptos devem procurar tomar essa terceira dose para a prote\u00e7\u00e3o individual e coletiva. A pessoa que n\u00e3o se vacinou pode ser a porta de entrada do v\u00edrus para a sua comunidade e a sua fam\u00edlia, colocando em risco, principalmente, aquelas pessoas mais velhas, que t\u00eam alguma doen\u00e7a que afete o sistema imunol\u00f3gico\u201d, alerta o m\u00e9dico infectologista Renee Oliveira.<\/p>\n\n\n\n<p>O especialista ressalta que completar o ciclo vacinal \u00e9 fundamental para evitar nova onda de contamina\u00e7\u00f5es. \u201cUma coisa que j\u00e1 est\u00e1 mais do que claro \u00e9 que essas vacinas t\u00eam prote\u00e7\u00e3o vari\u00e1vel, que tende a cair com o passar do tempo, ent\u00e3o \u00e9 necess\u00e1rio completar a vacina\u00e7\u00e3o com a terceira dose. Isso \u00e9 observ\u00e1vel em pa\u00edses da Europa que, embora tenham exercido certo controle sobre a pandemia, t\u00eam baixa cobertura de pessoas com a vacina\u00e7\u00e3o completa e est\u00e3o enfrentando nova onda da pandemia. Ent\u00e3o se n\u00e3o alcan\u00e7armos um percentual pr\u00f3ximo de 90% de imuniza\u00e7\u00e3o completa seguiremos em risco\u201d, afirma o m\u00e9dico.<\/p>\n\n\n\n<figure class=\"wp-block-image\"><img decoding=\"async\" src=\"http:\/\/www.maceio.al.gov.br\/wp-content\/uploads\/2021\/11\/png\/2021\/11\/Megavacinacao.png\" alt=\"\" class=\"wp-image-438620\"\/><figcaption><strong><em>Campanha nacional de vacina\u00e7\u00e3o contra a Covid-19. Foto: Divulga\u00e7\u00e3o<\/em><\/strong><\/figcaption><\/figure>\n\n\n\n<p><strong>Documentos necess\u00e1rios<\/strong><\/p>\n\n\n\n<p>Para se vacinar, pessoas com 18 anos ou mais devem apresentar documento de identifica\u00e7\u00e3o com foto, comprovante de resid\u00eancia (n\u00e3o precisa c\u00f3pia) e o cart\u00e3o de vacina\u00e7\u00e3o com as informa\u00e7\u00f5es da etapa anterior. A 3\u00aa dose vale para quem tomou as duas doses de um dos imunizantes da Astrazeneca, Coronavac e Pfizer. Adolescentes podem se vacinar apresentando a certid\u00e3o de nascimento e os de 12 a 15 anos devem estar acompanhados pelos pais ou respons\u00e1veis. Na aus\u00eancia destes, devem estar acompanhados de um adulto portando declara\u00e7\u00e3o de autoriza\u00e7\u00e3o escrita a m\u00e3o assinada pelos pais.<\/p>\n\n\n\n<p>Conforme anunciado pelo Minist\u00e9rio da Sa\u00fade, quem tomou a Jansen deve tomar a 2\u00aa dose ap\u00f3s dois meses da 1\u00aa do mesmo imunizante. S\u00f3 ap\u00f3s cinco meses poder\u00e1 tomar a 3\u00aa dose. Macei\u00f3 aguarda o envio das doses de Jansen para vacinar o p\u00fablico com a 2\u00aa dose.<\/p>\n\n\n\n<p>Pessoas imunocomprometidas continuam com intervalo de 28 entre a 2\u00aa e 3\u00aa dose, devendo apresentar, al\u00e9m do documento de identifica\u00e7\u00e3o e do comprovante de resid\u00eancia, um dos citados abaixo:<\/p>\n\n\n\n<p>\u2013 Prescri\u00e7\u00e3o m\u00e9dica com justificativa;<\/p>\n\n\n\n<p>\u2013 Exames espec\u00edficos que estabele\u00e7am o diagn\u00f3stico;<\/p>\n\n\n\n<p>\u2013 Relat\u00f3rio m\u00e9dico;<\/p>\n\n\n\n<p>\u2013 Receitas para terap\u00eautica espec\u00edfica de condi\u00e7\u00f5es descritas;<\/p>\n\n\n\n<p>\u2013 Guia de Encaminhamento espec\u00edfico.<\/p>\n\n\n\n<p>Imunossuprimidos que devem tomar a terceira dose<\/p>\n\n\n\n<p>I \u2013 Imunodefici\u00eancia prim\u00e1ria grave.<\/p>\n\n\n\n<p>II \u2013 Quimioterapia para c\u00e2ncer.<\/p>\n\n\n\n<p>III \u2013 Transplantados de \u00f3rg\u00e3o s\u00f3lido ou de c\u00e9lulas tronco hematopoi\u00e9ticas (TCTH) uso de drogas imunossupressoras.<\/p>\n\n\n\n<p>IV \u2013 Pessoas vivendo com HIV\/AIDS.<\/p>\n\n\n\n<p>V \u2013 Uso de cortic\u00f3ides em doses \u226520 mg\/dia de prednisona, ou equivalente, por \u226514 dias.<\/p>\n\n\n\n<p>VI \u2013 Uso de drogas modificadoras da resposta imune (vide tabela 1).<\/p>\n\n\n\n<p>VII \u2013 Auto inflamat\u00f3rias, doen\u00e7as intestinais inflamat\u00f3rias.<\/p>\n\n\n\n<p>VIII \u2013 Pacientes em hemodi\u00e1lise.<\/p>\n\n\n\n<p>IX \u2013 Pacientes com doen\u00e7as imunomediadas inflamat\u00f3rias cr\u00f4nicas<\/p>\n\n\n\n<p>Confira a lista de drogas modificadoras da resposta imune e doses consideradas imunossupressoras<\/p>\n\n\n\n<p>Metotrexato<\/p>\n\n\n\n<p>Leflunomida<\/p>\n\n\n\n<p>Micofenolato de mofetila<\/p>\n\n\n\n<p>Azatiprina<\/p>\n\n\n\n<p>Ciclofosfamida<\/p>\n\n\n\n<p>Ciclosporina<\/p>\n\n\n\n<p>Tacrolimus<\/p>\n\n\n\n<p>Mercaptopurina<\/p>\n\n\n\n<p>Biol\u00f3gicos em geral (infliximabe, etanercept, humira, adalimumabe, tocilizumabe, Canakinumabe, golimumabe, certolizumabe, abatacepte, Secukinumabe, ustekinumabe)<\/p>\n\n\n\n<p>Secom Macei\u00f3<\/p>\n\n\n\n<p>Ascom SMS<\/p>\n","protected":false},"excerpt":{"rendered":"<p>A Prefeitura de Macei\u00f3 ter\u00e1 quatro pontos de vacina\u00e7\u00e3o com hor\u00e1rio estendido das 9h \u00e0s 21h, neste<\/p>\n","protected":false},"author":1,"featured_media":15400,"comment_status":"open","ping_status":"open","sticky":false,"template":"","format":"standard","meta":{"footnotes":""},"categories":[5],"tags":[],"class_list":["post-16625","post","type-post","status-publish","format-standard","has-post-thumbnail","hentry","category-maceio"],"_links":{"self":[{"href":"https:\/\/4cantosalagoas.com.br\/portal\/wp-json\/wp\/v2\/posts\/16625","targetHints":{"allow":["GET"]}}],"collection":[{"href":"https:\/\/4cantosalagoas.com.br\/portal\/wp-json\/wp\/v2\/posts"}],"about":[{"href":"https:\/\/4cantosalagoas.com.br\/portal\/wp-json\/wp\/v2\/types\/post"}],"author":[{"embeddable":true,"href":"https:\/\/4cantosalagoas.com.br\/portal\/wp-json\/wp\/v2\/users\/1"}],"replies":[{"embeddable":true,"href":"https:\/\/4cantosalagoas.com.br\/portal\/wp-json\/wp\/v2\/comments?post=16625"}],"version-history":[{"count":1,"href":"https:\/\/4cantosalagoas.com.br\/portal\/wp-json\/wp\/v2\/posts\/16625\/revisions"}],"predecessor-version":[{"id":16626,"href":"https:\/\/4cantosalagoas.com.br\/portal\/wp-json\/wp\/v2\/posts\/16625\/revisions\/16626"}],"wp:featuredmedia":[{"embeddable":true,"href":"https:\/\/4cantosalagoas.com.br\/portal\/wp-json\/wp\/v2\/media\/15400"}],"wp:attachment":[{"href":"https:\/\/4cantosalagoas.com.br\/portal\/wp-json\/wp\/v2\/media?parent=16625"}],"wp:term":[{"taxonomy":"category","embeddable":true,"href":"https:\/\/4cantosalagoas.com.br\/portal\/wp-json\/wp\/v2\/categories?post=16625"},{"taxonomy":"post_tag","embeddable":true,"href":"https:\/\/4cantosalagoas.com.br\/portal\/wp-json\/wp\/v2\/tags?post=16625"}],"curies":[{"name":"wp","href":"https:\/\/api.w.org\/{rel}","templated":true}]}}