{"id":16615,"date":"2021-11-19T07:24:39","date_gmt":"2021-11-19T10:24:39","guid":{"rendered":"http:\/\/4cantosalagoas.com.br\/portal\/?p=16615"},"modified":"2021-11-19T07:24:44","modified_gmt":"2021-11-19T10:24:44","slug":"procon-maceio-notifica-brk-ambiental-para-esclarecimentos-sobre-falta-de-agua","status":"publish","type":"post","link":"https:\/\/4cantosalagoas.com.br\/portal\/procon-maceio-notifica-brk-ambiental-para-esclarecimentos-sobre-falta-de-agua\/","title":{"rendered":"Procon Macei\u00f3 notifica BRK Ambiental para esclarecimentos sobre falta de \u00e1gua"},"content":{"rendered":"\n<figure class=\"wp-block-image\"><img fetchpriority=\"high\" decoding=\"async\" width=\"1200\" height=\"1600\" src=\"https:\/\/i1.wp.com\/4cantosalagoas.com.br\/portal\/wp-content\/uploads\/2021\/11\/WhatsApp-Image-2021-11-18-at-13.29.01.jpeg?fit=768%2C1024\" alt=\"\" class=\"wp-image-16616\" srcset=\"https:\/\/4cantosalagoas.com.br\/portal\/wp-content\/uploads\/2021\/11\/WhatsApp-Image-2021-11-18-at-13.29.01.jpeg 1200w, https:\/\/4cantosalagoas.com.br\/portal\/wp-content\/uploads\/2021\/11\/WhatsApp-Image-2021-11-18-at-13.29.01-225x300.jpeg 225w, https:\/\/4cantosalagoas.com.br\/portal\/wp-content\/uploads\/2021\/11\/WhatsApp-Image-2021-11-18-at-13.29.01-768x1024.jpeg 768w\" sizes=\"(max-width: 1200px) 100vw, 1200px\" \/><figcaption> <br><strong><em>Fotos: Ascom Procon Macei\u00f3<\/em><\/strong> <\/figcaption><\/figure>\n\n\n\n<p>O Procon Macei\u00f3 notificou, nesta quinta-feira (18), a empresa BRK Ambiental, com o objetivo de obter esclarecimentos em decorr\u00eancia das sucessivas suspens\u00f5es do abastecimento de \u00e1gua, principalmente na parte alta da capital, por per\u00edodos superiores a 15 dias.<\/p>\n\n\n\n<p>De acordo com o diretor-executivo do Procon Macei\u00f3, Leandro Almeida, a empresa BRK Ambiental tem o prazo de 24 horas para conceder as devidas informa\u00e7\u00f5es sobre os problemas recorrentes que est\u00e3o afetando as fam\u00edlias e consumidores residentes nos bairros do Cana\u00e3, Serraria, Santa Am\u00e9lia e Cidade Universit\u00e1ria. Leandro Almeida ressalta que a popula\u00e7\u00e3o entrou em contato com a Prefeitura de Macei\u00f3 para formalizar as den\u00fancias de falta de \u00e1gua. &nbsp;<\/p>\n\n\n\n<figure class=\"wp-block-image\"><img decoding=\"async\" src=\"http:\/\/www.maceio.al.gov.br\/wp-content\/uploads\/2021\/11\/jpeg\/2021\/11\/WhatsApp-Image-2021-11-18-at-13.29.02.jpeg\" alt=\"\" class=\"wp-image-438493\"\/><figcaption><strong><em>Diretor-executivo do Procon Macei\u00f3 esteve pessoalmente na empresa BRK Ambiental para notific\u00e1-la sobre a falta de \u00e1gua nos bairros da parte alta da capital alagoana. Fotos: Ascom Procon Macei\u00f3<\/em><\/strong><\/figcaption><\/figure>\n\n\n\n<p>\u201cN\u00e3o estamos&nbsp;somente cobrando esclarecimentos sobre o que a popula\u00e7\u00e3o est\u00e1 passando, mas tamb\u00e9m quais alternativas emergenciais est\u00e3o sendo tomadas para que o consumidor tenha o abastecimento de \u00e1gua devido e qual ser\u00e1 a medida relativa ao faturamento durante esse per\u00edodo em que ele n\u00e3o recebeu a \u00e1gua devidamente na sua casa. S\u00e3o muitas as den\u00fancias recebidas pela Prefeitura de Macei\u00f3 e nas redes sociais do Procon Macei\u00f3. Por isso, a necessidade de notificar a empresa para que ela preste os esclarecimentos\u201d, contextualiza Leandro Almeida.<\/p>\n\n\n\n<p>O Procon Macei\u00f3 refor\u00e7a que os consumidores precisam seguir denunciando as situa\u00e7\u00f5es semelhantes ao que est\u00e1 ocorrendo nos bairros do Cana\u00e3, Serraria, Santa Am\u00e9lia e Cidade Universit\u00e1ria.<\/p>\n\n\n\n<p>Nicolle Salazar \/ Ascom Procon Macei\u00f3<\/p>\n","protected":false},"excerpt":{"rendered":"<p>O Procon Macei\u00f3 notificou, nesta quinta-feira (18), a empresa BRK Ambiental, com o objetivo de obter esclarecimentos<\/p>\n","protected":false},"author":1,"featured_media":16616,"comment_status":"open","ping_status":"open","sticky":false,"template":"","format":"standard","meta":{"footnotes":""},"categories":[5],"tags":[],"class_list":["post-16615","post","type-post","status-publish","format-standard","has-post-thumbnail","hentry","category-maceio"],"_links":{"self":[{"href":"https:\/\/4cantosalagoas.com.br\/portal\/wp-json\/wp\/v2\/posts\/16615","targetHints":{"allow":["GET"]}}],"collection":[{"href":"https:\/\/4cantosalagoas.com.br\/portal\/wp-json\/wp\/v2\/posts"}],"about":[{"href":"https:\/\/4cantosalagoas.com.br\/portal\/wp-json\/wp\/v2\/types\/post"}],"author":[{"embeddable":true,"href":"https:\/\/4cantosalagoas.com.br\/portal\/wp-json\/wp\/v2\/users\/1"}],"replies":[{"embeddable":true,"href":"https:\/\/4cantosalagoas.com.br\/portal\/wp-json\/wp\/v2\/comments?post=16615"}],"version-history":[{"count":1,"href":"https:\/\/4cantosalagoas.com.br\/portal\/wp-json\/wp\/v2\/posts\/16615\/revisions"}],"predecessor-version":[{"id":16617,"href":"https:\/\/4cantosalagoas.com.br\/portal\/wp-json\/wp\/v2\/posts\/16615\/revisions\/16617"}],"wp:featuredmedia":[{"embeddable":true,"href":"https:\/\/4cantosalagoas.com.br\/portal\/wp-json\/wp\/v2\/media\/16616"}],"wp:attachment":[{"href":"https:\/\/4cantosalagoas.com.br\/portal\/wp-json\/wp\/v2\/media?parent=16615"}],"wp:term":[{"taxonomy":"category","embeddable":true,"href":"https:\/\/4cantosalagoas.com.br\/portal\/wp-json\/wp\/v2\/categories?post=16615"},{"taxonomy":"post_tag","embeddable":true,"href":"https:\/\/4cantosalagoas.com.br\/portal\/wp-json\/wp\/v2\/tags?post=16615"}],"curies":[{"name":"wp","href":"https:\/\/api.w.org\/{rel}","templated":true}]}}