{"id":16562,"date":"2021-11-16T08:24:00","date_gmt":"2021-11-16T11:24:00","guid":{"rendered":"http:\/\/4cantosalagoas.com.br\/portal\/?p=16562"},"modified":"2021-11-16T08:24:07","modified_gmt":"2021-11-16T11:24:07","slug":"obras-de-requalificacao-do-centro-serao-retomadas-nesta-terca-feira-16","status":"publish","type":"post","link":"https:\/\/4cantosalagoas.com.br\/portal\/obras-de-requalificacao-do-centro-serao-retomadas-nesta-terca-feira-16\/","title":{"rendered":"Obras de requalifica\u00e7\u00e3o do Centro ser\u00e3o retomadas nesta ter\u00e7a-feira (16)"},"content":{"rendered":"\n<figure class=\"wp-block-image\"><img fetchpriority=\"high\" decoding=\"async\" width=\"1600\" height=\"1200\" src=\"https:\/\/i0.wp.com\/4cantosalagoas.com.br\/portal\/wp-content\/uploads\/2021\/11\/WhatsApp-Image-2021-11-15-at-09.09.07.jpeg?fit=1024%2C768\" alt=\"\" class=\"wp-image-16563\" srcset=\"https:\/\/4cantosalagoas.com.br\/portal\/wp-content\/uploads\/2021\/11\/WhatsApp-Image-2021-11-15-at-09.09.07.jpeg 1600w, https:\/\/4cantosalagoas.com.br\/portal\/wp-content\/uploads\/2021\/11\/WhatsApp-Image-2021-11-15-at-09.09.07-300x225.jpeg 300w, https:\/\/4cantosalagoas.com.br\/portal\/wp-content\/uploads\/2021\/11\/WhatsApp-Image-2021-11-15-at-09.09.07-768x576.jpeg 768w, https:\/\/4cantosalagoas.com.br\/portal\/wp-content\/uploads\/2021\/11\/WhatsApp-Image-2021-11-15-at-09.09.07-1024x768.jpeg 1024w\" sizes=\"(max-width: 1600px) 100vw, 1600px\" \/><figcaption> <br><strong><em>Foto: Joyce Marina\/Ascom Seminfra<\/em><\/strong> <\/figcaption><\/figure>\n\n\n\n<p> Ap\u00f3s vistoria da equipe t\u00e9cnica da Secretaria Municipal de Infraestrutura (Seminfra) com o Instituto do Patrim\u00f4nio Hist\u00f3rico e Art\u00edstico Nacional (IPHAN) realizada nesta segunda-feira (15), as obras de regulariza\u00e7\u00e3o de cal\u00e7adas e acessibilidade do Centro ser\u00e3o retomadas amanh\u00e3 (16). Os servi\u00e7os foram paralisados temporariamente devido aos achados arqueol\u00f3gicos durante os trabalhos na Rua da Alegria. <\/p>\n\n\n\n<p>\u201cNossas equipes dar\u00e3o continuidade \u00e0 implanta\u00e7\u00e3o da rede de drenagem na Rua da Alegria, primeiro local que est\u00e1 sendo beneficiado com a obra de acessibilidade, seguindo os crit\u00e9rios do IPHAN. Os servi\u00e7os ser\u00e3o agilizados para diminuir os preju\u00edzos e transtornos aos empres\u00e1rios e usu\u00e1rios do Centro\u201d, destacou o secret\u00e1rio interino da Seminfra, Vandebilto Magalh\u00e3es.<\/p>\n\n\n\n<figure class=\"wp-block-image\"><img decoding=\"async\" src=\"http:\/\/www.maceio.al.gov.br\/wp-content\/uploads\/2021\/11\/jpeg\/2021\/11\/WhatsApp-Image-2021-11-15-at-09.09.09.jpeg\" alt=\"\" class=\"wp-image-437999\"\/><figcaption><strong><em>Seminfra e IPHAN realizaram vistoria \u00e0s obras do Centro. Fotos: Joyce Marina\/Ascom Seminfra<\/em><\/strong><\/figcaption><\/figure>\n\n\n\n<p>Na \u00faltima sexta-feira (12), em reuni\u00e3o com a autarquia federal, a Prefeitura definiu que contratar\u00e1 arque\u00f3logos para acompanhar toda a obra. O objetivo \u00e9 assegurar que sejam feitos os registros dos achados arqueol\u00f3gicos junto com o avan\u00e7o dos servi\u00e7os de requalifica\u00e7\u00e3o.<\/p>\n\n\n\n<p><strong>Requalifica\u00e7\u00e3o e acessibilidade<\/strong><\/p>\n\n\n\n<p>Autorizada pelo prefeito JHC, a obra est\u00e1 or\u00e7ada em quase R$ 5 milh\u00f5es. O projeto de revitaliza\u00e7\u00e3o foi elaborado pela equipe de arquitetos e urbanistas da Secretaria Municipal de Desenvolvimento Territorial e Meio Ambiente (Sedet) e beneficiar\u00e1, aproximadamente, 11 mil pessoas que circulam pelo cal\u00e7ad\u00e3o diariamente, al\u00e9m de lojistas e ambulantes.<\/p>\n\n\n\n<p>Dentre as melhorias est\u00e3o a substitui\u00e7\u00e3o de pisos, a implanta\u00e7\u00e3o de faixas de acessibilidade e vias compartilhadas, al\u00e9m de reabilitar e ampliar todo o cal\u00e7ad\u00e3o. Ser\u00e3o contempladas as Ruas: Augusta, da Alegria, Boa Vista, 2 de Dezembro, do Livramento, Cincinato Pinto, Bar\u00e3o de Penedo, do Com\u00e9rcio, Oliveira e Silva, Melo Morais, Agerson Dantas e do Sol, al\u00e9m do Beco S\u00e3o Jos\u00e9, a Pra\u00e7a Dr. Manoel Valente de Lima e a Avenida Moreira Lima. A interven\u00e7\u00e3o abrange uma \u00e1rea urbana de 40.304,67 m\u00b2.<\/p>\n\n\n\n<p>Ascom Seminfra<\/p>\n","protected":false},"excerpt":{"rendered":"<p>Ap\u00f3s vistoria da equipe t\u00e9cnica da Secretaria Municipal de Infraestrutura (Seminfra) com o Instituto do Patrim\u00f4nio Hist\u00f3rico<\/p>\n","protected":false},"author":1,"featured_media":16563,"comment_status":"open","ping_status":"open","sticky":false,"template":"","format":"standard","meta":{"footnotes":""},"categories":[60],"tags":[],"class_list":["post-16562","post","type-post","status-publish","format-standard","has-post-thumbnail","hentry","category-capa"],"_links":{"self":[{"href":"https:\/\/4cantosalagoas.com.br\/portal\/wp-json\/wp\/v2\/posts\/16562","targetHints":{"allow":["GET"]}}],"collection":[{"href":"https:\/\/4cantosalagoas.com.br\/portal\/wp-json\/wp\/v2\/posts"}],"about":[{"href":"https:\/\/4cantosalagoas.com.br\/portal\/wp-json\/wp\/v2\/types\/post"}],"author":[{"embeddable":true,"href":"https:\/\/4cantosalagoas.com.br\/portal\/wp-json\/wp\/v2\/users\/1"}],"replies":[{"embeddable":true,"href":"https:\/\/4cantosalagoas.com.br\/portal\/wp-json\/wp\/v2\/comments?post=16562"}],"version-history":[{"count":1,"href":"https:\/\/4cantosalagoas.com.br\/portal\/wp-json\/wp\/v2\/posts\/16562\/revisions"}],"predecessor-version":[{"id":16564,"href":"https:\/\/4cantosalagoas.com.br\/portal\/wp-json\/wp\/v2\/posts\/16562\/revisions\/16564"}],"wp:featuredmedia":[{"embeddable":true,"href":"https:\/\/4cantosalagoas.com.br\/portal\/wp-json\/wp\/v2\/media\/16563"}],"wp:attachment":[{"href":"https:\/\/4cantosalagoas.com.br\/portal\/wp-json\/wp\/v2\/media?parent=16562"}],"wp:term":[{"taxonomy":"category","embeddable":true,"href":"https:\/\/4cantosalagoas.com.br\/portal\/wp-json\/wp\/v2\/categories?post=16562"},{"taxonomy":"post_tag","embeddable":true,"href":"https:\/\/4cantosalagoas.com.br\/portal\/wp-json\/wp\/v2\/tags?post=16562"}],"curies":[{"name":"wp","href":"https:\/\/api.w.org\/{rel}","templated":true}]}}