{"id":16550,"date":"2021-11-13T18:53:46","date_gmt":"2021-11-13T21:53:46","guid":{"rendered":"http:\/\/4cantosalagoas.com.br\/portal\/?p=16550"},"modified":"2021-11-13T18:53:50","modified_gmt":"2021-11-13T21:53:50","slug":"confira-funcionamento-dos-pontos-de-vacinacao-no-fim-de-semana-e-feriado","status":"publish","type":"post","link":"https:\/\/4cantosalagoas.com.br\/portal\/confira-funcionamento-dos-pontos-de-vacinacao-no-fim-de-semana-e-feriado\/","title":{"rendered":"Confira funcionamento dos pontos de vacina\u00e7\u00e3o no fim de semana e feriado"},"content":{"rendered":"\n<figure class=\"wp-block-image\"><img fetchpriority=\"high\" decoding=\"async\" width=\"809\" height=\"612\" src=\"http:\/\/4cantosalagoas.com.br\/portal\/wp-content\/uploads\/2021\/11\/vacinaCAOO.jpeg\" alt=\"\" class=\"wp-image-16551\" srcset=\"https:\/\/4cantosalagoas.com.br\/portal\/wp-content\/uploads\/2021\/11\/vacinaCAOO.jpeg 809w, https:\/\/4cantosalagoas.com.br\/portal\/wp-content\/uploads\/2021\/11\/vacinaCAOO-300x227.jpeg 300w, https:\/\/4cantosalagoas.com.br\/portal\/wp-content\/uploads\/2021\/11\/vacinaCAOO-768x581.jpeg 768w\" sizes=\"(max-width: 809px) 100vw, 809px\" \/><figcaption> <br>Todos os pontos de vacina\u00e7\u00e3o funcionam das 9h \u00e0s 16h neste s\u00e1bado (13) e na segunda-feira da Proclama\u00e7\u00e3o da Rep\u00fablica (15). Fotos: Secom Macei\u00f3 <\/figcaption><\/figure>\n\n\n\n<p>Todos os pontos de vacina\u00e7\u00e3o em Macei\u00f3 funcionar\u00e3o no hor\u00e1rio das 9h \u00e0s 16h durante este s\u00e1bado (13) e o feriado dedicado \u00e0 Proclama\u00e7\u00e3o da Rep\u00fablica, na segunda-feira (15). No domingo (14) todos os pontos ficam fechados.<\/p>\n\n\n\n<p>Os pontos de vacina\u00e7\u00e3o funcionam em dois drive-thrus em Jaragu\u00e1 e na Justi\u00e7a Federal, na Serraria; nos shoppings Macei\u00f3 (Mangabeiras) e P\u00e1tio (Cidade Universit\u00e1ria); Pap\u00f3dromo (Vergel do Lago), Gin\u00e1sio Arivaldo Maia (Jacintinho), Terminal do Osman Loureiro (Clima Bom) e Pra\u00e7a Padre C\u00edcero (Benedito Bentes).<\/p>\n\n\n\n<p><strong>Quem deve se vacinar<\/strong><\/p>\n\n\n\n<p>A primeira dose da vacina est\u00e1 dispon\u00edvel em todos os pontos para adolescentes de 12 a 17 anos com ou sem comorbidades e adultos a partir de 18 anos. J\u00e1 a segunda dose est\u00e1 dispon\u00edvel para adultos e adolescentes que j\u00e1 completaram 56 dias de intervalo da primeira dose; e a dose de refor\u00e7o, para idosos com 60 anos ou mais e profissionais de sa\u00fade com seis meses completados desde a aplica\u00e7\u00e3o da segunda dose, al\u00e9m de imunossuprimidos com pelo menos 28 dias da segunda dose.<\/p>\n\n\n\n<p><strong>Confira a documenta\u00e7\u00e3o para todos os p\u00fablicos<\/strong><\/p>\n\n\n\n<p>Para se vacinar com a primeira dose, \u00e9 necess\u00e1rio apresentar certid\u00e3o de nascimento ou documento de identifica\u00e7\u00e3o com foto, CPF e comprovante de resid\u00eancia (original e c\u00f3pia). Adolescentes de 12 a 17 anos que n\u00e3o tenham o RG podem se vacinar apresentando a Certid\u00e3o de Nascimento. De 12 a 14 anos deve estar acompanhado do pai, m\u00e3e ou respons\u00e1vel legal. Se os pais ou respons\u00e1veis n\u00e3o puderem acompanhar, devem escrever e assinar uma declara\u00e7\u00e3o de autoriza\u00e7\u00e3o para que outra pessoa adulta acompanhe o adolescente ao ponto de vacina\u00e7\u00e3o.<\/p>\n\n\n\n<p><br>Para a segunda dose, basta apresentar o documento de identifica\u00e7\u00e3o com foto e o cart\u00e3o de vacina\u00e7\u00e3o. Quem perdeu o cart\u00e3o, pode solicitar a segunda via no posto onde tomou a primeira dose.<\/p>\n\n\n\n<p><br>Pessoas com defici\u00eancia visual que, ao tomar a primeira dose, tenham recebido o cart\u00e3o convencional, podem solicitar a substitui\u00e7\u00e3o pelo cart\u00e3o em braile no ponto onde forem tomar a segunda.<\/p>\n\n\n\n<p><br>Para se vacinar com a dose de refor\u00e7o, pessoas idosas e trabalhadores da Sa\u00fade devem apresentar documento de identifica\u00e7\u00e3o com foto, comprovante de resid\u00eancia e o cart\u00e3o de vacina\u00e7\u00e3o com as informa\u00e7\u00f5es da etapa anterior.<\/p>\n\n\n\n<p><br>Profissionais de sa\u00fade precisam apresentar \u2013 al\u00e9m de documento com foto, CPF e o cart\u00e3o de vacina \u2013 documento comprobat\u00f3rio da condi\u00e7\u00e3o de Trabalhador da Sa\u00fade, conforme listado&nbsp;aqui. Vale ressaltar ainda que, para esse grupo, \u00e9 fundamental levar uma c\u00f3pia do comprovante de v\u00ednculo profissional em estabelecimento situado em Macei\u00f3, pois essa via do documento ser\u00e1 retida pelas equipes.<br>\u00c9 importante lembrar tamb\u00e9m que o trabalhador de sa\u00fade aut\u00f4nomo dever\u00e1 apresentar sua documenta\u00e7\u00e3o conforme as recomenda\u00e7\u00f5es dos Minist\u00e9rios P\u00fablicos Estadual e Federal, que estabeleceram para fins de comprova\u00e7\u00e3o nesses casos, al\u00e9m da documenta\u00e7\u00e3o b\u00e1sica \u2013 incluindo o comprovante de domic\u00edlio em Macei\u00f3 \u2013 a certid\u00e3o de regularidade do respectivo Conselho de Classe e um dos seguintes documentos:<\/p>\n\n\n\n<p><br>\u2022 Documenta\u00e7\u00e3o comprobat\u00f3ria da condi\u00e7\u00e3o de Microempreendedor Individual (MEI);<br>\u2022 Conta de energia de im\u00f3vel comercial em seu nome ou em nome de sua empresa;<br>\u2022 Autodeclara\u00e7\u00e3o de efetivo exerc\u00edcio da atividade profissional na \u00e1rea da Sa\u00fade, acompanhada de tr\u00eas (03) contratos de presta\u00e7\u00e3o de servi\u00e7o ou de tr\u00eas (03) declara\u00e7\u00f5es de pacientes, notas fiscais ou contratos de vincula\u00e7\u00e3o a planos de sa\u00fade privados.<\/p>\n\n\n\n<p><br>Pessoas imunocomprometidas devem apresentar, al\u00e9m do documento de identifica\u00e7\u00e3o e do comprovante de resid\u00eancia, um dos documentos citados abaixo:<br>\u2013 Prescri\u00e7\u00e3o m\u00e9dica com justificativa;<br>\u2013 Exames espec\u00edficos que estabele\u00e7am o diagn\u00f3stico;<br>&nbsp;\u2013 Relat\u00f3rio m\u00e9dico;<br>&nbsp;\u2013 Receitas para terap\u00eautica espec\u00edfica de condi\u00e7\u00f5es descritas;<br>&nbsp;\u2013 Guia de Encaminhamento espec\u00edfico.<br>Imunossuprimidos que devem tomar a terceira dose<br>I \u2013 Imunodefici\u00eancia prim\u00e1ria grave.<br>II \u2013 Quimioterapia para c\u00e2ncer.<br>III \u2013 Transplantados de \u00f3rg\u00e3o s\u00f3lido ou de c\u00e9lulas tronco hematopoi\u00e9ticas (TCTH) uso de drogas imunossupressoras.<br>IV \u2013 Pessoas vivendo com HIV\/AIDS.<br>V \u2013 Uso de cortic\u00f3ides em doses \u226520 mg\/dia de prednisona, ou equivalente, por \u226514 dias.<br>VI \u2013 Uso de drogas modificadoras da resposta imune (vide tabela 1).<br>VII \u2013 Auto inflamat\u00f3rias, doen\u00e7as intestinais inflamat\u00f3rias.<br>VIII \u2013 Pacientes em hemodi\u00e1lise.<br>IX \u2013 Pacientes com doen\u00e7as imunomediadas inflamat\u00f3rias cr\u00f4nicas<br>Drogas modificadoras da resposta imune e doses consideradas imunossupressoras<\/p>\n\n\n\n<p>Metotrexato<\/p>\n\n\n\n<p>Leflunomida<\/p>\n\n\n\n<p>Micofenolato de mofetila<\/p>\n\n\n\n<p>Azatiprina<\/p>\n\n\n\n<p>Ciclofosfamida<\/p>\n\n\n\n<p>Ciclosporina<\/p>\n\n\n\n<p>Tacrolimus<\/p>\n\n\n\n<p>Mercaptopurina<\/p>\n\n\n\n<p>Biol\u00f3gicos em geral (infliximabe, etanercept, humira, adalimumabe, tocilizumabe, Canakinumabe, golimumabe, certolizumabe, abatacepte, Secukinumabe, ustekinumabe)<\/p>\n\n\n\n<p>Inibidores da JAK (Tofacitinibe, baracitinibe e Upadacitinibe)<\/p>\n\n\n\n<p>Ascom SMS<\/p>\n","protected":false},"excerpt":{"rendered":"<p>Todos os pontos de vacina\u00e7\u00e3o em Macei\u00f3 funcionar\u00e3o no hor\u00e1rio das 9h \u00e0s 16h durante este s\u00e1bado<\/p>\n","protected":false},"author":1,"featured_media":16551,"comment_status":"open","ping_status":"open","sticky":false,"template":"","format":"standard","meta":{"footnotes":""},"categories":[5],"tags":[],"class_list":["post-16550","post","type-post","status-publish","format-standard","has-post-thumbnail","hentry","category-maceio"],"_links":{"self":[{"href":"https:\/\/4cantosalagoas.com.br\/portal\/wp-json\/wp\/v2\/posts\/16550","targetHints":{"allow":["GET"]}}],"collection":[{"href":"https:\/\/4cantosalagoas.com.br\/portal\/wp-json\/wp\/v2\/posts"}],"about":[{"href":"https:\/\/4cantosalagoas.com.br\/portal\/wp-json\/wp\/v2\/types\/post"}],"author":[{"embeddable":true,"href":"https:\/\/4cantosalagoas.com.br\/portal\/wp-json\/wp\/v2\/users\/1"}],"replies":[{"embeddable":true,"href":"https:\/\/4cantosalagoas.com.br\/portal\/wp-json\/wp\/v2\/comments?post=16550"}],"version-history":[{"count":1,"href":"https:\/\/4cantosalagoas.com.br\/portal\/wp-json\/wp\/v2\/posts\/16550\/revisions"}],"predecessor-version":[{"id":16552,"href":"https:\/\/4cantosalagoas.com.br\/portal\/wp-json\/wp\/v2\/posts\/16550\/revisions\/16552"}],"wp:featuredmedia":[{"embeddable":true,"href":"https:\/\/4cantosalagoas.com.br\/portal\/wp-json\/wp\/v2\/media\/16551"}],"wp:attachment":[{"href":"https:\/\/4cantosalagoas.com.br\/portal\/wp-json\/wp\/v2\/media?parent=16550"}],"wp:term":[{"taxonomy":"category","embeddable":true,"href":"https:\/\/4cantosalagoas.com.br\/portal\/wp-json\/wp\/v2\/categories?post=16550"},{"taxonomy":"post_tag","embeddable":true,"href":"https:\/\/4cantosalagoas.com.br\/portal\/wp-json\/wp\/v2\/tags?post=16550"}],"curies":[{"name":"wp","href":"https:\/\/api.w.org\/{rel}","templated":true}]}}