{"id":16547,"date":"2021-11-13T18:49:01","date_gmt":"2021-11-13T21:49:01","guid":{"rendered":"http:\/\/4cantosalagoas.com.br\/portal\/?p=16547"},"modified":"2021-11-13T18:49:04","modified_gmt":"2021-11-13T21:49:04","slug":"tempo-seco-e-predominio-de-sol-em-alagoas-no-domingo","status":"publish","type":"post","link":"https:\/\/4cantosalagoas.com.br\/portal\/tempo-seco-e-predominio-de-sol-em-alagoas-no-domingo\/","title":{"rendered":"Tempo seco e predom\u00ednio de sol em Alagoas no domingo"},"content":{"rendered":"\n<figure class=\"wp-block-image\"><img fetchpriority=\"high\" decoding=\"async\" width=\"1024\" height=\"612\" src=\"http:\/\/4cantosalagoas.com.br\/portal\/wp-content\/uploads\/2018\/05\/sol-1024x612.jpg\" alt=\"\" class=\"wp-image-2926\" srcset=\"https:\/\/4cantosalagoas.com.br\/portal\/wp-content\/uploads\/2018\/05\/sol-1024x612.jpg 1024w, https:\/\/4cantosalagoas.com.br\/portal\/wp-content\/uploads\/2018\/05\/sol-300x179.jpg 300w, https:\/\/4cantosalagoas.com.br\/portal\/wp-content\/uploads\/2018\/05\/sol-768x459.jpg 768w, https:\/\/4cantosalagoas.com.br\/portal\/wp-content\/uploads\/2018\/05\/sol-375x224.jpg 375w, https:\/\/4cantosalagoas.com.br\/portal\/wp-content\/uploads\/2018\/05\/sol-465x278.jpg 465w, https:\/\/4cantosalagoas.com.br\/portal\/wp-content\/uploads\/2018\/05\/sol-695x415.jpg 695w, https:\/\/4cantosalagoas.com.br\/portal\/wp-content\/uploads\/2018\/05\/sol.jpg 1467w\" sizes=\"(max-width: 1024px) 100vw, 1024px\" \/><figcaption>Foto\/Gl\u00e9cio Rodrigues<\/figcaption><\/figure>\n\n\n\n<p>A previs\u00e3o do tempo para este fim de semana ser\u00e1 de tempo seco e com predom\u00ednio de sol em Alagoas. \u00c9 o que aponta a previs\u00e3o do tempo da Sala de Alerta da Secretaria de Estado do Meio Ambiente e dos Recursos H\u00eddricos (Semarh) divulgada nesta sexta-feira (12).<\/p>\n\n\n\n<p>O predom\u00ednio de sol e tempo seco, hoje, ocorre nas regi\u00f5es Agreste, Baixo S\u00e3o Francisco e Sert\u00e3o. J\u00e1 na capital, no Litoral e na Zona da Mata, a previs\u00e3o \u00e9 de per\u00edodos curtos de sol intercalados com nuvens.<\/p>\n\n\n\n<p>Apesar da chuva no in\u00edcio da manh\u00e3 na capital alagoana, o tempo deve ser predominante seco ao longo do dia. &#8220;Essas chuvas logo no in\u00edcio da manh\u00e3 s\u00e3o normais e tem caracter\u00edsticas de serem r\u00e1pidas e passageiras. Elas acontecem devido a quest\u00f5es termodin\u00e2micas da atmosfera, favorecendo a forma\u00e7\u00e3o de nebulosidade rasa pr\u00f3xima a costa de Alagoas. Com o passar do dia a tend\u00eancia \u00e9 que essas instabilidades diminuam e o calor e o tempo seco prevale\u00e7am&#8221;, destacou o meteorologista da Sala de Alerta, Henrique Mendon\u00e7a.<\/p>\n\n\n\n<p>No s\u00e1bado (13), ainda segundo a Semarh, a previs\u00e3o \u00e9 de sol na maior parte do tempo em todas as regi\u00f5es do Estado, com predom\u00ednio de tempo seco e temperaturas entre 25\u00baC e 33\u00baC em Macei\u00f3; 23\u00baC e 35\u00baC no Agreste; 24\u00baC e 33\u00baC no Baixo S\u00e3o Francisco; 24\u00baC e 33\u00baC no Litoral; 22\u00baC e 38\u00baC no Sert\u00e3o e no Sert\u00e3o do S\u00e3o Francisco e 23\u00baC e 33\u00baC na Zona da Mata.<\/p>\n\n\n\n<p>E no domingo o sol continua predominante em todo o Estado, com as temperaturas variando entre 25\u00baC e 32\u00baC em Macei\u00f3, 23\u00baC e 33\u00baC no Agreste, 24\u00baC e 31\u00baC no Baixo S\u00e3o Francisco, 25\u00baC e 32\u00baC no Litoral, 22\u00baC e 37\u00baC no Sert\u00e3o, 27\u00baC e 34\u00baC no Sert\u00e3o do S\u00e3o Francisco, 24\u00baC e 31\u00baC na Zona da Mata.<\/p>\n\n\n\n<p>A previs\u00e3o do tempo pode ser acompanhada diariamente em\u00a0<a rel=\"noreferrer noopener\" href=\"http:\/\/www.semarh.al.gov.br\/\" target=\"_blank\">www.semarh.al.gov.br<\/a>\u00a0e no aplicativo \u201cSemarh Tempo Alagoas\u201d dispon\u00edvel para a plataforma Android e iOS.<\/p>\n\n\n\n<p>Assessoria<\/p>\n","protected":false},"excerpt":{"rendered":"<p>A previs\u00e3o do tempo para este fim de semana ser\u00e1 de tempo seco e com predom\u00ednio de<\/p>\n","protected":false},"author":1,"featured_media":2926,"comment_status":"open","ping_status":"open","sticky":false,"template":"","format":"standard","meta":{"footnotes":""},"categories":[60],"tags":[],"class_list":["post-16547","post","type-post","status-publish","format-standard","has-post-thumbnail","hentry","category-capa"],"_links":{"self":[{"href":"https:\/\/4cantosalagoas.com.br\/portal\/wp-json\/wp\/v2\/posts\/16547","targetHints":{"allow":["GET"]}}],"collection":[{"href":"https:\/\/4cantosalagoas.com.br\/portal\/wp-json\/wp\/v2\/posts"}],"about":[{"href":"https:\/\/4cantosalagoas.com.br\/portal\/wp-json\/wp\/v2\/types\/post"}],"author":[{"embeddable":true,"href":"https:\/\/4cantosalagoas.com.br\/portal\/wp-json\/wp\/v2\/users\/1"}],"replies":[{"embeddable":true,"href":"https:\/\/4cantosalagoas.com.br\/portal\/wp-json\/wp\/v2\/comments?post=16547"}],"version-history":[{"count":1,"href":"https:\/\/4cantosalagoas.com.br\/portal\/wp-json\/wp\/v2\/posts\/16547\/revisions"}],"predecessor-version":[{"id":16548,"href":"https:\/\/4cantosalagoas.com.br\/portal\/wp-json\/wp\/v2\/posts\/16547\/revisions\/16548"}],"wp:featuredmedia":[{"embeddable":true,"href":"https:\/\/4cantosalagoas.com.br\/portal\/wp-json\/wp\/v2\/media\/2926"}],"wp:attachment":[{"href":"https:\/\/4cantosalagoas.com.br\/portal\/wp-json\/wp\/v2\/media?parent=16547"}],"wp:term":[{"taxonomy":"category","embeddable":true,"href":"https:\/\/4cantosalagoas.com.br\/portal\/wp-json\/wp\/v2\/categories?post=16547"},{"taxonomy":"post_tag","embeddable":true,"href":"https:\/\/4cantosalagoas.com.br\/portal\/wp-json\/wp\/v2\/tags?post=16547"}],"curies":[{"name":"wp","href":"https:\/\/api.w.org\/{rel}","templated":true}]}}