{"id":16349,"date":"2021-10-22T11:52:44","date_gmt":"2021-10-22T14:52:44","guid":{"rendered":"http:\/\/4cantosalagoas.com.br\/portal\/?p=16349"},"modified":"2021-10-22T11:52:48","modified_gmt":"2021-10-22T14:52:48","slug":"ponto-de-vacinacao-do-maceio-shopping-fecha-domingo-24-e-segunda-25-para-realocacao","status":"publish","type":"post","link":"https:\/\/4cantosalagoas.com.br\/portal\/ponto-de-vacinacao-do-maceio-shopping-fecha-domingo-24-e-segunda-25-para-realocacao\/","title":{"rendered":"Ponto de vacina\u00e7\u00e3o do Macei\u00f3 Shopping fecha domingo (24) e segunda (25) para realoca\u00e7\u00e3o"},"content":{"rendered":"\n<figure class=\"wp-block-image\"><img fetchpriority=\"high\" decoding=\"async\" width=\"2048\" height=\"1367\" src=\"https:\/\/i2.wp.com\/4cantosalagoas.com.br\/portal\/wp-content\/uploads\/2021\/10\/y9.jpeg?fit=1024%2C684\" alt=\"\" class=\"wp-image-16350\" srcset=\"https:\/\/4cantosalagoas.com.br\/portal\/wp-content\/uploads\/2021\/10\/y9.jpeg 2048w, https:\/\/4cantosalagoas.com.br\/portal\/wp-content\/uploads\/2021\/10\/y9-300x200.jpeg 300w, https:\/\/4cantosalagoas.com.br\/portal\/wp-content\/uploads\/2021\/10\/y9-768x513.jpeg 768w, https:\/\/4cantosalagoas.com.br\/portal\/wp-content\/uploads\/2021\/10\/y9-1024x684.jpeg 1024w\" sizes=\"(max-width: 2048px) 100vw, 2048px\" \/><figcaption> <br><em><strong>Foto: Gabriel Moreira\/Secom Macei\u00f3<\/strong><\/em> <\/figcaption><\/figure>\n\n\n\n<p> O ponto de vacina\u00e7\u00e3o contra a Covid-19 instalado no Macei\u00f3 Shopping, em Mangabeiras, estar\u00e1 fechado neste domingo (24) e na segunda-feira (25). A medida \u00e9 necess\u00e1ria para realoca\u00e7\u00e3o do ponto, que ser\u00e1 instalado no piso t\u00e9rreo do edif\u00edcio garagem do pr\u00f3prio estacionamento, na altura das Lojas Americanas. O ponto do Macei\u00f3 Shopping volta a funcionar normalmente na ter\u00e7a-feira (26), no hor\u00e1rio das 9h \u00e0s 21h. <\/p>\n\n\n\n<p>Os outros sete pontos funcionam normalmente no domingo e na segunda, com hor\u00e1rio estendido das 9h \u00e0s 21h no s\u00e1bado (23) no Shopping P\u00e1tio (Cidade Universit\u00e1ria) e nos drive-thrus de Jaragu\u00e1 e Serraria. Nos demais pontos, o hor\u00e1rio se mant\u00e9m das 9h \u00e0s 16h. No domingo, todos os pontos funcionam das 9h \u00e0s16h.<\/p>\n\n\n\n<p>A primeira dose da vacina est\u00e1 dispon\u00edvel em todos os pontos para adolescentes de 12 a 17 anos com ou sem comorbidades e adultos a partir de 18 anos; a segunda dose est\u00e1 dispon\u00edvel para adolescentes que j\u00e1 completaram os 56 dias da primeira dose e adultos; e a dose de refor\u00e7o, para idosos com 60 anos ou mais e profissionais de sa\u00fade com seis meses completados desde a aplica\u00e7\u00e3o da segunda dose, al\u00e9m de imunossuprimidos com pelo menos 28 dias da segunda dose.<\/p>\n\n\n\n<figure class=\"wp-block-image\"><img decoding=\"async\" src=\"http:\/\/www.maceio.al.gov.br\/wp-content\/uploads\/2021\/10\/jpeg\/2021\/10\/wlbayn-w.jpeg\" alt=\"\" class=\"wp-image-434083\"\/><figcaption><em><strong>Foto: Gabriel Moreira\/Secom Macei\u00f3<\/strong><\/em><\/figcaption><\/figure>\n\n\n\n<p>Aos adolescentes entre 12 e 17 anos, a Prefeitura administra exclusivamente a vacina da Pfizer, \u00fanico imunizante autorizado pela Ag\u00eancia Nacional de Vigil\u00e2ncia Sanit\u00e1ria (Anvisa) para este p\u00fablico.<\/p>\n\n\n\n<p><strong>Confira locais dos pontos de vacina\u00e7\u00e3o<\/strong><\/p>\n\n\n\n<p>Os pontos de vacina\u00e7\u00e3o em Macei\u00f3 funcionam nos Shoppings Macei\u00f3 (Mangabeiras) e P\u00e1tio (Cidade Universit\u00e1ria) e nos drive-thrus da Justi\u00e7a Federal e Jaragu\u00e1, Pap\u00f3dromo (Vergel), Gin\u00e1sio Arivaldo Maia (Jacintinho), Terminal do Osman Loureiro (Clima Bom) e Pra\u00e7a Padre C\u00edcero (Benedito Bentes).<\/p>\n\n\n\n<p>Ascom SMS<\/p>\n","protected":false},"excerpt":{"rendered":"<p>O ponto de vacina\u00e7\u00e3o contra a Covid-19 instalado no Macei\u00f3 Shopping, em Mangabeiras, estar\u00e1 fechado neste domingo<\/p>\n","protected":false},"author":1,"featured_media":16350,"comment_status":"open","ping_status":"open","sticky":false,"template":"","format":"standard","meta":{"footnotes":""},"categories":[5],"tags":[],"class_list":["post-16349","post","type-post","status-publish","format-standard","has-post-thumbnail","hentry","category-maceio"],"_links":{"self":[{"href":"https:\/\/4cantosalagoas.com.br\/portal\/wp-json\/wp\/v2\/posts\/16349","targetHints":{"allow":["GET"]}}],"collection":[{"href":"https:\/\/4cantosalagoas.com.br\/portal\/wp-json\/wp\/v2\/posts"}],"about":[{"href":"https:\/\/4cantosalagoas.com.br\/portal\/wp-json\/wp\/v2\/types\/post"}],"author":[{"embeddable":true,"href":"https:\/\/4cantosalagoas.com.br\/portal\/wp-json\/wp\/v2\/users\/1"}],"replies":[{"embeddable":true,"href":"https:\/\/4cantosalagoas.com.br\/portal\/wp-json\/wp\/v2\/comments?post=16349"}],"version-history":[{"count":1,"href":"https:\/\/4cantosalagoas.com.br\/portal\/wp-json\/wp\/v2\/posts\/16349\/revisions"}],"predecessor-version":[{"id":16351,"href":"https:\/\/4cantosalagoas.com.br\/portal\/wp-json\/wp\/v2\/posts\/16349\/revisions\/16351"}],"wp:featuredmedia":[{"embeddable":true,"href":"https:\/\/4cantosalagoas.com.br\/portal\/wp-json\/wp\/v2\/media\/16350"}],"wp:attachment":[{"href":"https:\/\/4cantosalagoas.com.br\/portal\/wp-json\/wp\/v2\/media?parent=16349"}],"wp:term":[{"taxonomy":"category","embeddable":true,"href":"https:\/\/4cantosalagoas.com.br\/portal\/wp-json\/wp\/v2\/categories?post=16349"},{"taxonomy":"post_tag","embeddable":true,"href":"https:\/\/4cantosalagoas.com.br\/portal\/wp-json\/wp\/v2\/tags?post=16349"}],"curies":[{"name":"wp","href":"https:\/\/api.w.org\/{rel}","templated":true}]}}