{"id":16344,"date":"2021-10-22T08:15:08","date_gmt":"2021-10-22T11:15:08","guid":{"rendered":"http:\/\/4cantosalagoas.com.br\/portal\/?p=16344"},"modified":"2021-10-22T08:15:12","modified_gmt":"2021-10-22T11:15:12","slug":"8-semanas-maceio-antecipa-aplicacao-da-2a-dose-da-astrazeneca","status":"publish","type":"post","link":"https:\/\/4cantosalagoas.com.br\/portal\/8-semanas-maceio-antecipa-aplicacao-da-2a-dose-da-astrazeneca\/","title":{"rendered":"8 semanas: Macei\u00f3 antecipa aplica\u00e7\u00e3o da 2\u00aa dose da AstraZeneca"},"content":{"rendered":"\n<figure class=\"wp-block-image\"><img fetchpriority=\"high\" decoding=\"async\" width=\"809\" height=\"612\" src=\"http:\/\/4cantosalagoas.com.br\/portal\/wp-content\/uploads\/2021\/10\/y3.jpeg\" alt=\"\" class=\"wp-image-16345\" srcset=\"https:\/\/4cantosalagoas.com.br\/portal\/wp-content\/uploads\/2021\/10\/y3.jpeg 809w, https:\/\/4cantosalagoas.com.br\/portal\/wp-content\/uploads\/2021\/10\/y3-300x227.jpeg 300w, https:\/\/4cantosalagoas.com.br\/portal\/wp-content\/uploads\/2021\/10\/y3-768x581.jpeg 768w\" sizes=\"(max-width: 809px) 100vw, 809px\" \/><figcaption> <br>Macei\u00f3 inicia aplica\u00e7\u00e3o da segunda dose da Astranzeneca com internalo de 56 dias. Foto: Polyanna Monteiro -Ascom SMS <\/figcaption><\/figure>\n\n\n\n<p> A Prefeitura de Macei\u00f3 inicia, nesta quinta-feira (21), a aplica\u00e7\u00e3o da segunda dose da vacina Astrazeneca com intervalo reduzido de doze para oito semanas. Desta forma, quem tomou a primeira dose no dia 26 de agosto ou antes, j\u00e1 pode se dirigir aos pontos de vacina\u00e7\u00e3o para tomar a segunda. O novo intervalo reduz de 84 para 56 dias o intervalo entre as vacinas. <\/p>\n\n\n\n<p>A Secretaria Municipal de Sa\u00fade (SMS) informa que a redu\u00e7\u00e3o do intervalo segue orienta\u00e7\u00e3o do Minist\u00e9rio da Sa\u00fade e que ser\u00e1 iniciada nesta quinta porque Macei\u00f3 recebeu, esta semana, um novo lote da vacina Astrazeneca, o que permite a antecipa\u00e7\u00e3o.<\/p>\n\n\n\n<p>A partir de agora, Macei\u00f3 aplica a segunda dose dos imunizantes com intervalo de 28 dias para a Coronavac. J\u00e1 Astrazeneca e Pfizer, com 56 dias de intervalo. \u00c9 importante verificar a data de aplica\u00e7\u00e3o da primeira dose e, se estiver com oito semanas, j\u00e1 \u00e9 poss\u00edvel tomar a segunda dose.<\/p>\n\n\n\n<p><strong>Vacina\u00e7\u00e3o em Macei\u00f3<\/strong><\/p>\n\n\n\n<p>A primeira dose da vacina est\u00e1 dispon\u00edvel em todos os pontos para adolescentes de 12 a 17 anos com ou sem comorbidades e adultos a partir de 18 anos; a segunda dose est\u00e1 dispon\u00edvel para adultos; e a dose de refor\u00e7o, para idosos com 60 anos ou mais e profissionais de sa\u00fade com seis meses completados desde a aplica\u00e7\u00e3o da segunda dose, al\u00e9m de imunossuprimidos com pelo menos 28 dias da segunda dose.<\/p>\n\n\n\n<p>Aos adolescentes entre 12 e 17 anos, a Prefeitura administra exclusivamente a vacina da Pfizer, \u00fanico imunizante autorizado pela Ag\u00eancia Nacional de Vigil\u00e2ncia Sanit\u00e1ria (Anvisa) para este p\u00fablico.<\/p>\n\n\n\n<p><strong>Confira locais e hor\u00e1rio dos pontos de vacina\u00e7\u00e3o<\/strong><\/p>\n\n\n\n<p>Os pontos de vacina\u00e7\u00e3o em Macei\u00f3 ficam espalhados em diferentes localidades para atender a toda a popula\u00e7\u00e3o com maior comodidade. De ter\u00e7a a domingo, os pontos instalados nos Shoppings Macei\u00f3 (Mangabeiras) e P\u00e1tio (Cidade Universit\u00e1ria) e nos drive-thrus de Jaragu\u00e1 e Serraria funcionam com hor\u00e1rio estendido, das 9h \u00e0s 21h.<\/p>\n\n\n\n<p>Os outros quatro pontos \u2013 Pap\u00f3dromo (Vergel), Gin\u00e1sio Arivaldo Maia (Jacintinho), Terminal do Osman Loureiro (Clima Bom) e Pra\u00e7a Padre C\u00edcero (Benedito Bentes) \u2013 funcionam todos os dias das 9h \u00e0s 16h. Aos domingos e \u00e0s segundas-feiras, os pontos dos drive-thrus e dos shoppings tamb\u00e9m funcionam das 9h \u00e0s 16h.<\/p>\n\n\n\n<p><strong>Documentos necess\u00e1rios<\/strong><\/p>\n\n\n\n<p>Para se vacinar com a primeira dose, \u00e9 necess\u00e1rio apresentar certid\u00e3o de nascimento ou documento de identifica\u00e7\u00e3o com foto, CPF e comprovante de resid\u00eancia (original e c\u00f3pia). Adolescentes de 12 a 17 anos que n\u00e3o tenham o RG podem se vacinar apresentando a Certid\u00e3o de Nascimento. De 12 a 14 anos deve estar acompanhado do pai, m\u00e3e ou respons\u00e1vel legal. Se os pais ou respons\u00e1veis n\u00e3o puderem acompanhar, devem escrever e assinar uma declara\u00e7\u00e3o de autoriza\u00e7\u00e3o para que outra pessoa adulta acompanhe o adolescente ao ponto de vacina\u00e7\u00e3o.<\/p>\n\n\n\n<p>Para a segunda dose, basta apresentar o documento de identifica\u00e7\u00e3o com foto e o cart\u00e3o de vacina\u00e7\u00e3o. Quem perdeu o cart\u00e3o, pode solicitar a segunda via no posto onde tomou a primeira dose.<\/p>\n\n\n\n<p>Pessoas com defici\u00eancia visual que, ao tomar a primeira dose, tenham recebido o cart\u00e3o convencional, podem solicitar a substitui\u00e7\u00e3o pelo cart\u00e3o em braile no ponto onde forem tomar a segunda.<\/p>\n\n\n\n<p>Para se vacinar com a dose de refor\u00e7o, pessoas idosas e trabalhadores da Sa\u00fade devem apresentar documento de identifica\u00e7\u00e3o com foto, comprovante de resid\u00eancia e o cart\u00e3o de vacina\u00e7\u00e3o com as informa\u00e7\u00f5es da etapa anterior.<\/p>\n\n\n\n<p>Profissionais de sa\u00fade precisam apresentar \u2013 al\u00e9m de documento com foto, CPF e o cart\u00e3o de vacina \u2013 documento comprobat\u00f3rio da condi\u00e7\u00e3o de Trabalhador da Sa\u00fade, conforme listado&nbsp;<a href=\"http:\/\/www.maceio.al.gov.br\/wp-content\/uploads\/2021\/10\/pdf\/2021\/10\/Nota-Informativa-no-15-Dose-de-Reforco-para-Trabalhadores-da-Saude-1.pdf\" target=\"_blank\" rel=\"noreferrer noopener\">aqui<\/a>. Vale ressaltar ainda que, para esse grupo, \u00e9 fundamental levar uma c\u00f3pia do comprovante de v\u00ednculo profissional em estabelecimento situado em Macei\u00f3, pois essa via do documento ser\u00e1 retida pelas equipes.<\/p>\n\n\n\n<p>\u00c9 importante lembrar tamb\u00e9m que o trabalhador de sa\u00fade aut\u00f4nomo dever\u00e1 apresentar sua documenta\u00e7\u00e3o conforme as recomenda\u00e7\u00f5es dos Minist\u00e9rios P\u00fablicos Estadual e Federal, que estabeleceram para fins de comprova\u00e7\u00e3o nesses casos, al\u00e9m da documenta\u00e7\u00e3o b\u00e1sica, a certid\u00e3o de regularidade do respectivo Conselho de Classe e um dos seguintes documentos:<\/p>\n\n\n\n<ul class=\"wp-block-list\"><li>Documenta\u00e7\u00e3o comprobat\u00f3ria da condi\u00e7\u00e3o de Microempreendedor Individual (MEI);<\/li><li>Conta de energia de im\u00f3vel comercial em seu nome ou em nome de sua empresa;<\/li><li>Autodeclara\u00e7\u00e3o de efetivo exerc\u00edcio da atividade profissional na \u00e1rea da Sa\u00fade, acompanhada de tr\u00eas (03) contratos de presta\u00e7\u00e3o de servi\u00e7o ou de tr\u00eas (03) declara\u00e7\u00f5es de pacientes, notas fiscais ou contratos de vincula\u00e7\u00e3o a planos de sa\u00fade privados.<\/li><\/ul>\n\n\n\n<p>Pessoas imunocomprometidas devem apresentar, al\u00e9m do documento de identifica\u00e7\u00e3o e do comprovante de resid\u00eancia, um dos documentos citados abaixo:<\/p>\n\n\n\n<p>\u2013 Prescri\u00e7\u00e3o m\u00e9dica com justificativa;<\/p>\n\n\n\n<p>\u2013 Exames espec\u00edficos que estabele\u00e7am o diagn\u00f3stico;<\/p>\n\n\n\n<p>&nbsp;\u2013 Relat\u00f3rio m\u00e9dico;<\/p>\n\n\n\n<p>&nbsp;\u2013 Receitas para terap\u00eautica espec\u00edfica de condi\u00e7\u00f5es descritas;<\/p>\n\n\n\n<p>&nbsp;\u2013 Guia de Encaminhamento espec\u00edfico.<\/p>\n\n\n\n<p><strong>Imunossuprimidos que devem tomar a terceira dose<\/strong><\/p>\n\n\n\n<p>I \u2013 Imunodefici\u00eancia prim\u00e1ria grave.<\/p>\n\n\n\n<p>II \u2013 Quimioterapia para c\u00e2ncer.<\/p>\n\n\n\n<p>III \u2013 Transplantados de \u00f3rg\u00e3o s\u00f3lido ou de c\u00e9lulas tronco hematopoi\u00e9ticas (TCTH) uso de drogas imunossupressoras.<\/p>\n\n\n\n<p>IV \u2013 Pessoas vivendo com HIV\/AIDS.<\/p>\n\n\n\n<p>V \u2013 Uso de cortic\u00f3ides em doses \u226520 mg\/dia de prednisona, ou equivalente, por \u226514 dias.<\/p>\n\n\n\n<p>VI \u2013 Uso de drogas modificadoras da resposta imune (vide tabela 1).<\/p>\n\n\n\n<p>VII \u2013 Auto inflamat\u00f3rias, doen\u00e7as intestinais inflamat\u00f3rias.<\/p>\n\n\n\n<p>VIII \u2013 Pacientes em hemodi\u00e1lise.<\/p>\n\n\n\n<p>IX \u2013 Pacientes com doen\u00e7as imunomediadas inflamat\u00f3rias cr\u00f4nicas<\/p>\n\n\n\n<p><strong>Drogas modificadoras da resposta imune e doses consideradas imunossupressoras<\/strong><\/p>\n\n\n\n<p>1. Metotrexato<\/p>\n\n\n\n<p>2. Leflunomida<\/p>\n\n\n\n<p>3. Micofenolato de mofetila<\/p>\n\n\n\n<p>4. Azatiprina<\/p>\n\n\n\n<p>5. Ciclofosfamida<\/p>\n\n\n\n<p>6. Ciclosporina<\/p>\n\n\n\n<p>7. Tacrolimus<\/p>\n\n\n\n<p>8. Mercaptopurina<\/p>\n\n\n\n<p>9. Biol\u00f3gicos em geral (infliximabe, etanercept, humira, adalimumabe, tocilizumabe, Canakinumabe, golimumabe, certolizumabe, abatacepte, Secukinumabe, ustekinumabe)<\/p>\n\n\n\n<p>10. Inibidores da JAK (Tofacitinibe, baracitinibe e Upadacitinibe)<\/p>\n\n\n\n<p>Ascom SMS<\/p>\n","protected":false},"excerpt":{"rendered":"<p>A Prefeitura de Macei\u00f3 inicia, nesta quinta-feira (21), a aplica\u00e7\u00e3o da segunda dose da vacina Astrazeneca com<\/p>\n","protected":false},"author":1,"featured_media":16345,"comment_status":"open","ping_status":"open","sticky":false,"template":"","format":"standard","meta":{"footnotes":""},"categories":[60],"tags":[],"class_list":["post-16344","post","type-post","status-publish","format-standard","has-post-thumbnail","hentry","category-capa"],"_links":{"self":[{"href":"https:\/\/4cantosalagoas.com.br\/portal\/wp-json\/wp\/v2\/posts\/16344","targetHints":{"allow":["GET"]}}],"collection":[{"href":"https:\/\/4cantosalagoas.com.br\/portal\/wp-json\/wp\/v2\/posts"}],"about":[{"href":"https:\/\/4cantosalagoas.com.br\/portal\/wp-json\/wp\/v2\/types\/post"}],"author":[{"embeddable":true,"href":"https:\/\/4cantosalagoas.com.br\/portal\/wp-json\/wp\/v2\/users\/1"}],"replies":[{"embeddable":true,"href":"https:\/\/4cantosalagoas.com.br\/portal\/wp-json\/wp\/v2\/comments?post=16344"}],"version-history":[{"count":1,"href":"https:\/\/4cantosalagoas.com.br\/portal\/wp-json\/wp\/v2\/posts\/16344\/revisions"}],"predecessor-version":[{"id":16346,"href":"https:\/\/4cantosalagoas.com.br\/portal\/wp-json\/wp\/v2\/posts\/16344\/revisions\/16346"}],"wp:featuredmedia":[{"embeddable":true,"href":"https:\/\/4cantosalagoas.com.br\/portal\/wp-json\/wp\/v2\/media\/16345"}],"wp:attachment":[{"href":"https:\/\/4cantosalagoas.com.br\/portal\/wp-json\/wp\/v2\/media?parent=16344"}],"wp:term":[{"taxonomy":"category","embeddable":true,"href":"https:\/\/4cantosalagoas.com.br\/portal\/wp-json\/wp\/v2\/categories?post=16344"},{"taxonomy":"post_tag","embeddable":true,"href":"https:\/\/4cantosalagoas.com.br\/portal\/wp-json\/wp\/v2\/tags?post=16344"}],"curies":[{"name":"wp","href":"https:\/\/api.w.org\/{rel}","templated":true}]}}