{"id":16342,"date":"2021-10-22T08:10:25","date_gmt":"2021-10-22T11:10:25","guid":{"rendered":"http:\/\/4cantosalagoas.com.br\/portal\/?p=16342"},"modified":"2021-10-22T08:10:29","modified_gmt":"2021-10-22T11:10:29","slug":"prefeitura-de-maceio-anuncia-isencao-da-taxa-para-o-cadastro-dos-mototaxistas","status":"publish","type":"post","link":"https:\/\/4cantosalagoas.com.br\/portal\/prefeitura-de-maceio-anuncia-isencao-da-taxa-para-o-cadastro-dos-mototaxistas\/","title":{"rendered":"Prefeitura de Macei\u00f3 anuncia isen\u00e7\u00e3o da taxa para o cadastro dos mototaxistas"},"content":{"rendered":"\n<figure class=\"wp-block-image\"><img fetchpriority=\"high\" decoding=\"async\" width=\"1024\" height=\"683\" src=\"http:\/\/4cantosalagoas.com.br\/portal\/wp-content\/uploads\/2021\/10\/07-10-Reuniao-moto-taxi-praca-da-faculdade-foto-micael-22-1024x683.jpg\" alt=\"\" class=\"wp-image-16245\" srcset=\"https:\/\/4cantosalagoas.com.br\/portal\/wp-content\/uploads\/2021\/10\/07-10-Reuniao-moto-taxi-praca-da-faculdade-foto-micael-22-1024x683.jpg 1024w, https:\/\/4cantosalagoas.com.br\/portal\/wp-content\/uploads\/2021\/10\/07-10-Reuniao-moto-taxi-praca-da-faculdade-foto-micael-22-300x200.jpg 300w, https:\/\/4cantosalagoas.com.br\/portal\/wp-content\/uploads\/2021\/10\/07-10-Reuniao-moto-taxi-praca-da-faculdade-foto-micael-22-768x512.jpg 768w\" sizes=\"(max-width: 1024px) 100vw, 1024px\" \/><figcaption>SMTT dialoga com mototaxistas que atuam na Pra\u00e7a da Faculdade. Foto: Micael Oliveira\/Ascom SMTT <\/figcaption><\/figure>\n\n\n\n<p>O prefeito de Macei\u00f3, JHC, anunciou nesta quarta-feira (20), que n\u00e3o haver\u00e1 cobran\u00e7as de taxas municipais em 2021. A medida foi tomada para incentivar que os mototaxistas busquem a Superintend\u00eancia Municipal de Transportes e Tr\u00e2nsito (SMTT), para os tr\u00e2mites necess\u00e1rios com vistas \u00e0 regulariza\u00e7\u00e3o dos profissionais.<\/p>\n\n\n\n<p>\u201c\u00c9 um al\u00edvio para o bolso de milhares de trabalhadores no momento em que mais precisam. O nosso compromisso \u00e9 fazer com que atuem de forma regular, e para isso, temos avaliado formas de tornar vi\u00e1vel a regulamenta\u00e7\u00e3o dos profissionais, buscando ouvir sempre as demandas que partem da categoria\u201d, afirma o gestor.<\/p>\n\n\n\n<p>Inicialmente, o custo total poderia chegar a quase R$ 1.000,00, quando somadas as taxas cobradas para documenta\u00e7\u00e3o e exames. A SMTT j\u00e1 adotou medidas para reduzir os valores. Com mais essa iniciativa, os profissionais precisam desembolsar a quantia de R$ 82,50. Os custos s\u00e3o relativos ao atestado de sa\u00fade ocupacional (ASO), R$25,00; ap\u00f3lice de seguro, R$ 30,00; e certificado do curso de mototaxista, R$ 27,50, pelo Sest Senat.<\/p>\n\n\n\n<p>Em uma parceria com o Sest\/Senat, os mototaxistas poder\u00e3o se inscrever na institui\u00e7\u00e3o com o pagamento de uma contribui\u00e7\u00e3o mensal R$ 27,50 e realizar o curso sem valor adicional. Os profissionais e seus dependentes poder\u00e3o usufruir dos servi\u00e7os prestados sem pagar nenhuma taxa adicional. Entre eles, nas \u00e1reas de odontologia, nutri\u00e7\u00e3o, psicologia e fisioterapia. Tamb\u00e9m para atividades esportivas, culturais e de lazer.<\/p>\n\n\n\n<p>O projeto para isen\u00e7\u00e3o da taxa municipal ser\u00e1 enviado para san\u00e7\u00e3o na C\u00e2mara dos Vereadores.<\/p>\n\n\n\n<p>Ascom SMTT<\/p>\n","protected":false},"excerpt":{"rendered":"<p>O prefeito de Macei\u00f3, JHC, anunciou nesta quarta-feira (20), que n\u00e3o haver\u00e1 cobran\u00e7as de taxas municipais em<\/p>\n","protected":false},"author":1,"featured_media":16245,"comment_status":"open","ping_status":"open","sticky":false,"template":"","format":"standard","meta":{"footnotes":""},"categories":[60],"tags":[],"class_list":["post-16342","post","type-post","status-publish","format-standard","has-post-thumbnail","hentry","category-capa"],"_links":{"self":[{"href":"https:\/\/4cantosalagoas.com.br\/portal\/wp-json\/wp\/v2\/posts\/16342","targetHints":{"allow":["GET"]}}],"collection":[{"href":"https:\/\/4cantosalagoas.com.br\/portal\/wp-json\/wp\/v2\/posts"}],"about":[{"href":"https:\/\/4cantosalagoas.com.br\/portal\/wp-json\/wp\/v2\/types\/post"}],"author":[{"embeddable":true,"href":"https:\/\/4cantosalagoas.com.br\/portal\/wp-json\/wp\/v2\/users\/1"}],"replies":[{"embeddable":true,"href":"https:\/\/4cantosalagoas.com.br\/portal\/wp-json\/wp\/v2\/comments?post=16342"}],"version-history":[{"count":1,"href":"https:\/\/4cantosalagoas.com.br\/portal\/wp-json\/wp\/v2\/posts\/16342\/revisions"}],"predecessor-version":[{"id":16343,"href":"https:\/\/4cantosalagoas.com.br\/portal\/wp-json\/wp\/v2\/posts\/16342\/revisions\/16343"}],"wp:featuredmedia":[{"embeddable":true,"href":"https:\/\/4cantosalagoas.com.br\/portal\/wp-json\/wp\/v2\/media\/16245"}],"wp:attachment":[{"href":"https:\/\/4cantosalagoas.com.br\/portal\/wp-json\/wp\/v2\/media?parent=16342"}],"wp:term":[{"taxonomy":"category","embeddable":true,"href":"https:\/\/4cantosalagoas.com.br\/portal\/wp-json\/wp\/v2\/categories?post=16342"},{"taxonomy":"post_tag","embeddable":true,"href":"https:\/\/4cantosalagoas.com.br\/portal\/wp-json\/wp\/v2\/tags?post=16342"}],"curies":[{"name":"wp","href":"https:\/\/api.w.org\/{rel}","templated":true}]}}