{"id":16257,"date":"2021-10-11T18:13:23","date_gmt":"2021-10-11T21:13:23","guid":{"rendered":"http:\/\/4cantosalagoas.com.br\/portal\/?p=16257"},"modified":"2021-10-11T18:13:26","modified_gmt":"2021-10-11T21:13:26","slug":"feriado-de-nossa-senhora-aparecida-sera-ensolarado-em-toda-alagoas","status":"publish","type":"post","link":"https:\/\/4cantosalagoas.com.br\/portal\/feriado-de-nossa-senhora-aparecida-sera-ensolarado-em-toda-alagoas\/","title":{"rendered":"Feriado de Nossa Senhora Aparecida ser\u00e1 ensolarado em toda Alagoas"},"content":{"rendered":"\n<figure class=\"wp-block-image\"><img fetchpriority=\"high\" decoding=\"async\" width=\"1024\" height=\"677\" src=\"http:\/\/4cantosalagoas.com.br\/portal\/wp-content\/uploads\/2018\/03\/sol-1024x677.jpg\" alt=\"Assessoria\" class=\"wp-image-1740\" srcset=\"https:\/\/4cantosalagoas.com.br\/portal\/wp-content\/uploads\/2018\/03\/sol-1024x677.jpg 1024w, https:\/\/4cantosalagoas.com.br\/portal\/wp-content\/uploads\/2018\/03\/sol-300x198.jpg 300w, https:\/\/4cantosalagoas.com.br\/portal\/wp-content\/uploads\/2018\/03\/sol-768x508.jpg 768w, https:\/\/4cantosalagoas.com.br\/portal\/wp-content\/uploads\/2018\/03\/sol-465x307.jpg 465w, https:\/\/4cantosalagoas.com.br\/portal\/wp-content\/uploads\/2018\/03\/sol-695x459.jpg 695w, https:\/\/4cantosalagoas.com.br\/portal\/wp-content\/uploads\/2018\/03\/sol.jpg 1200w\" sizes=\"(max-width: 1024px) 100vw, 1024px\" \/><figcaption>Assessoria<\/figcaption><\/figure>\n\n\n\n<p>O feriado de Nossa Senhora Aparecida, comemorado nesta ter\u00e7a-feira (12), ser\u00e1 predominantemente ensolarado em todo o Estado de Alagoas. \u00c9 o que indica a previs\u00e3o do tempo emitida pela Sala de Alerta da Secretaria de Estado do Meio Ambiente e dos Recursos H\u00eddricos (Semarh), nesta segunda-feira (11).<\/p>\n\n\n\n<p>No Sert\u00e3o, a ter\u00e7a-feira ter\u00e1 temperatura m\u00ednima de 21\u00ba e a m\u00e1xima 36\u00ba, com baixa intensidade de ventos e pouca umidade durante todo o dia, com sol entre poucas nuvens.<\/p>\n\n\n\n<p>\u201cPara quem quer aproveitar a praia e o calor neste feriado, as not\u00edcias s\u00e3o boas, al\u00e9m do feriado, toda a semana ser\u00e1 de sol e tempo firme. Lembrando que esses dias com muito calor possuem uma incid\u00eancia de radia\u00e7\u00e3o muito intensa, por isso \u00e9 importante evitar se expor ao sol em hor\u00e1rios de pico e principalmente sem prote\u00e7\u00e3o\u201d, destacou o coordenador da Sala de Alerta, Vin\u00edcius Pinho.<\/p>\n\n\n\n<p>Na Zona da Mata, a m\u00ednima prevista tamb\u00e9m \u00e9 de 21\u00ba, j\u00e1 a temperatura m\u00e1xima esperada \u00e9 de 31\u00ba. Em Macei\u00f3 e em todo Litoral, os term\u00f4metros podem chegar a 24\u00ba C de m\u00ednima e m\u00e1xima de 31\u00baC, com per\u00edodos de tempo seco durante todo o dia.<\/p>\n\n\n\n<p>A previs\u00e3o do tempo completa est\u00e1 dispon\u00edvel no site da Semarh,\u00a0<a rel=\"noreferrer noopener\" href=\"http:\/\/semahr.al.gov.br\/tempoeclima\" target=\"_blank\">semahr.al.gov.br\/tempoeclima<\/a>, ou por meio do aplicativo dispon\u00edvel para iOs e Android, Semarh Tempo Alagoas.<\/p>\n\n\n\n<p>Assessoria<\/p>\n","protected":false},"excerpt":{"rendered":"<p>O feriado de Nossa Senhora Aparecida, comemorado nesta ter\u00e7a-feira (12), ser\u00e1 predominantemente ensolarado em todo o Estado<\/p>\n","protected":false},"author":1,"featured_media":1740,"comment_status":"open","ping_status":"open","sticky":false,"template":"","format":"standard","meta":{"footnotes":""},"categories":[60],"tags":[],"class_list":["post-16257","post","type-post","status-publish","format-standard","has-post-thumbnail","hentry","category-capa"],"_links":{"self":[{"href":"https:\/\/4cantosalagoas.com.br\/portal\/wp-json\/wp\/v2\/posts\/16257","targetHints":{"allow":["GET"]}}],"collection":[{"href":"https:\/\/4cantosalagoas.com.br\/portal\/wp-json\/wp\/v2\/posts"}],"about":[{"href":"https:\/\/4cantosalagoas.com.br\/portal\/wp-json\/wp\/v2\/types\/post"}],"author":[{"embeddable":true,"href":"https:\/\/4cantosalagoas.com.br\/portal\/wp-json\/wp\/v2\/users\/1"}],"replies":[{"embeddable":true,"href":"https:\/\/4cantosalagoas.com.br\/portal\/wp-json\/wp\/v2\/comments?post=16257"}],"version-history":[{"count":1,"href":"https:\/\/4cantosalagoas.com.br\/portal\/wp-json\/wp\/v2\/posts\/16257\/revisions"}],"predecessor-version":[{"id":16258,"href":"https:\/\/4cantosalagoas.com.br\/portal\/wp-json\/wp\/v2\/posts\/16257\/revisions\/16258"}],"wp:featuredmedia":[{"embeddable":true,"href":"https:\/\/4cantosalagoas.com.br\/portal\/wp-json\/wp\/v2\/media\/1740"}],"wp:attachment":[{"href":"https:\/\/4cantosalagoas.com.br\/portal\/wp-json\/wp\/v2\/media?parent=16257"}],"wp:term":[{"taxonomy":"category","embeddable":true,"href":"https:\/\/4cantosalagoas.com.br\/portal\/wp-json\/wp\/v2\/categories?post=16257"},{"taxonomy":"post_tag","embeddable":true,"href":"https:\/\/4cantosalagoas.com.br\/portal\/wp-json\/wp\/v2\/tags?post=16257"}],"curies":[{"name":"wp","href":"https:\/\/api.w.org\/{rel}","templated":true}]}}